{"id":22528,"date":"2023-11-23T14:19:27Z","date_gmt":"2023-11-23T13:19:27Z","guid":{"rendered":"https:\/\/www.omni-biotic.com\/it-it\/?p=22528"},"modified":"2024-04-02T14:18:21Z","modified_gmt":"2024-04-02T12:18:21Z","slug":"il-ruolo-dei-probiotici-in-caso-di-disturbi-del-sonno","status":"publish","type":"post","link":"https:\/\/www.omni-biotic.com\/it-it\/blog\/il-ruolo-dei-probiotici-in-caso-di-disturbi-del-sonno\/","title":{"rendered":"Il ruolo dei probiotici in caso di disturbi del sonno"},"content":{"rendered":"\t\t<div data-elementor-type=\"wp-post\" data-elementor-id=\"22528\" class=\"elementor elementor-22528\" data-elementor-post-type=\"post\">\n\t\t\t\t<div class=\"elementor-element elementor-element-3a01afc obcs none e-flex e-con-boxed e-con e-parent\" data-id=\"3a01afc\" data-element_type=\"container\">\n\t\t\t\t\t<div class=\"e-con-inner\">\n\t\t\t\t<div class=\"elementor-element elementor-element-cd17482 elementor-widget elementor-widget-image\" data-id=\"cd17482\" data-element_type=\"widget\" data-widget_type=\"image.default\">\n\t\t\t\t<div class=\"elementor-widget-container\">\n\t\t\t\t\t\t\t\t\t\t\t\t\t\t\t<img fetchpriority=\"high\" decoding=\"async\" width=\"700\" height=\"500\" src=\"https:\/\/www.omni-biotic.com\/it-it\/wp-content\/uploads\/sites\/5\/2023\/11\/Schlafprobleme-Probiotika-Einsatz.jpg\" class=\"attachment-large size-large wp-image-22530\" alt=\"Probiotici che aiutano contro lo stress\" srcset=\"https:\/\/www.omni-biotic.com\/it-it\/wp-content\/uploads\/sites\/5\/2023\/11\/Schlafprobleme-Probiotika-Einsatz.jpg 700w, https:\/\/www.omni-biotic.com\/it-it\/wp-content\/uploads\/sites\/5\/2023\/11\/Schlafprobleme-Probiotika-Einsatz-300x214.jpg 300w\" sizes=\"(max-width: 700px) 100vw, 700px\" \/>\t\t\t\t\t\t\t\t\t\t\t\t\t\t\t<\/div>\n\t\t\t\t<\/div>\n\t\t\t\t\t<\/div>\n\t\t\t\t<\/div>\n\t\t<div class=\"elementor-element elementor-element-b1eb429 obcs none e-flex e-con-boxed e-con e-parent\" data-id=\"b1eb429\" data-element_type=\"container\">\n\t\t\t\t\t<div class=\"e-con-inner\">\n\t\t\t\t<div class=\"elementor-element elementor-element-81aa960 elementor-widget elementor-widget-heading\" data-id=\"81aa960\" data-element_type=\"widget\" data-widget_type=\"heading.default\">\n\t\t\t\t<div class=\"elementor-widget-container\">\n\t\t\t\t\t<h2 class=\"elementor-heading-title elementor-size-default\">Quali sono gli effetti della mancanza di sonno?<\/h2>\t\t\t\t<\/div>\n\t\t\t\t<\/div>\n\t\t\t\t<div class=\"elementor-element elementor-element-1f6b985 elementor-widget elementor-widget-text-editor\" data-id=\"1f6b985\" data-element_type=\"widget\" data-widget_type=\"text-editor.default\">\n\t\t\t\t<div class=\"elementor-widget-container\">\n\t\t\t\t\t\t\t\t\t<p>La <b>mancanza di sonno,<\/b> prolungata nel tempo, aumenta <b>vertiginosamente<\/b> il rischio di insorgenza di alcune malattie come il <b>diabete di tipo 2,<\/b> <b>i problemi cardiovascolari, l\u2019obesit\u00e0 o l\u2019ipertensione.<\/b> Inoltre, i<span style=\"color: var( --e-global-color-text );text-align: var(--text-align);background-color: inherit;font-family: var( --e-global-typography-text-font-family ), -apple-system,BlinkMacSystemFont,Segoe UI,Roboto,Helvetica Neue,Arial,Noto Sans,sans-serif;font-size: var( --e-global-typography-text-font-size );font-style: var( --e-global-typography-text-font-style );font-weight: var( --e-global-typography-text-font-weight );letter-spacing: var( --e-global-typography-text-letter-spacing );text-transform: var( --e-global-typography-text-text-transform )\">l ritmo circadiano e quindi il ritmo sonno-veglia viene controllato attraverso <strong>meccanismi complessi<\/strong>, regolati a loro volta da ormoni endogeni, dall\u2019alternanza giorno-notte<strong>, <\/strong>ma anche dall\u2019asse <strong><a href=\"https:\/\/www.omni-biotic.com\/it-it\/la-salute-dellintestino\/intestino-e-salute\/asse-intestino-cervello\/\">intestino-cervello<\/a>.\u00a0<\/strong><\/span><span style=\"color: var( --e-global-color-text );text-align: var(--text-align);background-color: inherit;font-family: var( --e-global-typography-text-font-family ), -apple-system,BlinkMacSystemFont,Segoe UI,Roboto,Helvetica Neue,Arial,Noto Sans,sans-serif;font-size: var( --e-global-typography-text-font-size );font-style: var( --e-global-typography-text-font-style );font-weight: var( --e-global-typography-text-font-weight );letter-spacing: var( --e-global-typography-text-letter-spacing );text-transform: var( --e-global-typography-text-text-transform )\"><a href=\"https:\/\/www.omni-biotic.com\/it-it\/la-salute-dellintestino\/intestino-e-salute\/probiotici\/\"><strong>I probiotici<\/strong>,<\/a> dunque, agendo sulla regolazione della disbiosi intestinale, possono quindi, attraverso<a href=\"https:\/\/www.omni-biotic.com\/it-it\/la-salute-dellintestino\/intestino-e-salute\/asse-intestino-cervello\/\"> <strong>l\u2019asse intestino-cervello,<\/strong><\/a> influire sul ritmo sonno-veglia.<\/span><\/p>\t\t\t\t\t\t\t\t<\/div>\n\t\t\t\t<\/div>\n\t\t\t\t\t<\/div>\n\t\t\t\t<\/div>\n\t\t<div class=\"elementor-element elementor-element-4a5b32c obcs none e-flex e-con-boxed e-con e-parent\" data-id=\"4a5b32c\" data-element_type=\"container\">\n\t\t\t\t\t<div class=\"e-con-inner\">\n\t\t\t\t<div class=\"elementor-element elementor-element-b8729d8 elementor-widget elementor-widget-heading\" data-id=\"b8729d8\" data-element_type=\"widget\" data-widget_type=\"heading.default\">\n\t\t\t\t<div class=\"elementor-widget-container\">\n\t\t\t\t\t<h2 class=\"elementor-heading-title elementor-size-default\">Che cos\u2019 \u00e8 il ritmo circadiano? <\/h2>\t\t\t\t<\/div>\n\t\t\t\t<\/div>\n\t\t\t\t\t<\/div>\n\t\t\t\t<\/div>\n\t\t<div class=\"elementor-element elementor-element-fa5deec obcs none e-flex e-con-boxed e-con e-parent\" data-id=\"fa5deec\" data-element_type=\"container\">\n\t\t\t\t\t<div class=\"e-con-inner\">\n\t\t\t\t<div class=\"elementor-element elementor-element-c23dbe3 elementor-widget elementor-widget-text-editor\" data-id=\"c23dbe3\" data-element_type=\"widget\" data-widget_type=\"text-editor.default\">\n\t\t\t\t<div class=\"elementor-widget-container\">\n\t\t\t\t\t\t\t\t\t<p>Il ritmo circadiano \u00e8 il ciclo biologico di circa 24 ore che regola i processi fisiologici e comportamentali in molti organismi, compresi gli esseri umani. Questo ritmo \u00e8 guidato da segnali ambientali, principalmente <strong>dalla variazione di luce e buio<\/strong> nel corso di una giornata. Nel nostro cervello, <strong>l&#8217;ipotalamo<\/strong> ospita un &#8220;orologio centrale&#8221; che risponde ai segnali di luce e buio. Le informazioni provenienti <strong>dall&#8217;ipotalamo<\/strong> vengono poi trasmesse agli &#8220;orologi periferici&#8221; del corpo attraverso la produzione di ormoni e neurotrasmettitori. In questo modo tutti <strong>\u201ci nostri orologi\u201d vengono sincronizzati.<\/strong> Alterazioni di questo ritmo causate da turni di lavoro notturni, jet lag, irregolarit\u00e0 nell&#8217;assunzione di cibo o <strong>squilibri intestinali<\/strong>, possono influenzare negativamente la qualit\u00e0 del sonno, la salute generale e persino il nostro <a href=\"https:\/\/www.omni-biotic.com\/it-it\/la-salute-dellintestino\/intestino-e-salute\/microbioma\/\"><strong>microbioma.<\/strong><\/a><\/p>\t\t\t\t\t\t\t\t<\/div>\n\t\t\t\t<\/div>\n\t\t\t\t\t<\/div>\n\t\t\t\t<\/div>\n\t\t<div class=\"elementor-element elementor-element-79f54ba obcs none e-flex e-con-boxed e-con e-parent\" data-id=\"79f54ba\" data-element_type=\"container\">\n\t\t\t\t\t<div class=\"e-con-inner\">\n\t\t\t\t<div class=\"elementor-element elementor-element-c064c9a elementor-widget elementor-widget-heading\" data-id=\"c064c9a\" data-element_type=\"widget\" data-widget_type=\"heading.default\">\n\t\t\t\t<div class=\"elementor-widget-container\">\n\t\t\t\t\t<h2 class=\"elementor-heading-title elementor-size-default\">L'asse intestino-cervello e il ruolo del microbioma<\/h2>\t\t\t\t<\/div>\n\t\t\t\t<\/div>\n\t\t\t\t\t<\/div>\n\t\t\t\t<\/div>\n\t\t<div class=\"elementor-element elementor-element-5d4768e obcs none e-flex e-con-boxed e-con e-parent\" data-id=\"5d4768e\" data-element_type=\"container\">\n\t\t\t\t\t<div class=\"e-con-inner\">\n\t\t\t\t<div class=\"elementor-element elementor-element-c89a74f elementor-widget elementor-widget-image\" data-id=\"c89a74f\" data-element_type=\"widget\" data-widget_type=\"image.default\">\n\t\t\t\t<div class=\"elementor-widget-container\">\n\t\t\t\t\t\t\t\t\t\t\t\t\t\t\t<img decoding=\"async\" width=\"700\" height=\"500\" src=\"https:\/\/www.omni-biotic.com\/it-it\/wp-content\/uploads\/sites\/5\/2023\/11\/Darm-Hirn-Achse-Darmmikrobiom.gif\" class=\"attachment-large size-large wp-image-22531\" alt=\"Asse intestino cervello\" \/>\t\t\t\t\t\t\t\t\t\t\t\t\t\t\t<\/div>\n\t\t\t\t<\/div>\n\t\t\t\t<div class=\"elementor-element elementor-element-e43158e elementor-widget elementor-widget-text-editor\" data-id=\"e43158e\" data-element_type=\"widget\" data-widget_type=\"text-editor.default\">\n\t\t\t\t<div class=\"elementor-widget-container\">\n\t\t\t\t\t\t\t\t\t<p>Negli ultimi cinque anni, la ricerca scientifica si \u00e8 concentrata intensamente sull&#8217;interazione tra l<a href=\"https:\/\/www.omni-biotic.com\/it-it\/la-salute-dellintestino\/intestino-e-salute\/asse-intestino-cervello\/\"><strong>&#8216;intestino e il cervello.<\/strong><\/a> Oggi annoveriamo <strong>tre principali modi<\/strong> attraverso i quali l&#8217;intestino, con tutti i suoi batteri e microrganismi, comunica bidirezionalmente con il cervello. In primo luogo, c&#8217;\u00e8<strong> il nervo vago,<\/strong> che funge da mediatore diretto attraverso vie neuronali afferenti ed efferenti. I neurotrasmettitori, come il GABA e la serotonina, che possono essere prodotti direttamente da alcuni batteri, i quali svolgono un ruolo chiave nella trasmissione delle informazioni. La seconda via coinvolge <a href=\"https:\/\/www.omni-biotic.com\/it-it\/la-salute-dellintestino\/ambiti-di-competenza-dellintestino\/sistema-immunitario\/\"><strong>il sistema immunitario<\/strong><\/a>. La neuroinfiammazione ha un impatto sulla diversit\u00e0 e sulla composizione del microbioma intestinale.<a href=\"https:\/\/www.omni-biotic.com\/it-it\/la-salute-dellintestino\/intestino-e-salute\/microbioma\/\"><strong> I microrganismi intestinali<\/strong> <\/a>regolano non solo lo sviluppo delle cellule immunitarie generiche, ma anche la maturazione delle cellule specifiche coinvolte nella risposta immunitaria cerebrale, come le cellule della microglia. La terza via riguarda gli ormoni neuroendocrini, i quali influenzano <a href=\"https:\/\/www.omni-biotic.com\/it-it\/la-salute-dellintestino\/intestino-e-salute\/microbioma\/\"><strong>la composizione batterica<\/strong> <\/a>del nostro apparato digerente. I metaboliti prodotti dai batteri, a loro volta, influenzano direttamente l&#8217;espressione genica e la produzione di ormoni nell&#8217;uomo o agiscono come precursori. Recentemente, i ricercatori hanno dimostrato, utilizzando un modello, l&#8217;influenza dei<a href=\"https:\/\/www.omni-biotic.com\/it-it\/la-salute-dellintestino\/intestino-e-salute\/probiotici\/\"><strong> probiotici<\/strong> <\/a>sul <strong>ritmo circadiano<\/strong>. Un esempio concreto \u00e8 l&#8217;assunzione di un flavonoide attraverso la dieta che ha determinato cambiamenti sia nella composizione del<a href=\"https:\/\/www.omni-biotic.com\/it-it\/la-salute-dellintestino\/intestino-e-salute\/microbioma\/\"><strong> microbioma<\/strong><\/a> che nei metaboliti prodotti dai microrganismi. Questo ha portato alla normalizzazione del <strong>ritmo circadiano<\/strong> precedentemente alterato negli animali.<\/p>\t\t\t\t\t\t\t\t<\/div>\n\t\t\t\t<\/div>\n\t\t\t\t\t<\/div>\n\t\t\t\t<\/div>\n\t\t<div class=\"elementor-element elementor-element-e465842 obcs none e-flex e-con-boxed e-con e-parent\" data-id=\"e465842\" data-element_type=\"container\">\n\t\t\t\t\t<div class=\"e-con-inner\">\n\t\t\t\t<div class=\"elementor-element elementor-element-7bdc491 elementor-widget elementor-widget-heading\" data-id=\"7bdc491\" data-element_type=\"widget\" data-widget_type=\"heading.default\">\n\t\t\t\t<div class=\"elementor-widget-container\">\n\t\t\t\t\t<h2 class=\"elementor-heading-title elementor-size-default\">I probiotici: un aiuto a lungo termine in caso di disturbi del sonno<\/h2>\t\t\t\t<\/div>\n\t\t\t\t<\/div>\n\t\t\t\t\t<\/div>\n\t\t\t\t<\/div>\n\t\t<div class=\"elementor-element elementor-element-a69c61c obcs none e-flex e-con-boxed e-con e-parent\" data-id=\"a69c61c\" data-element_type=\"container\">\n\t\t\t\t\t<div class=\"e-con-inner\">\n\t\t\t\t<div class=\"elementor-element elementor-element-dfe0768 elementor-widget elementor-widget-text-editor\" data-id=\"dfe0768\" data-element_type=\"widget\" data-widget_type=\"text-editor.default\">\n\t\t\t\t<div class=\"elementor-widget-container\">\n\t\t\t\t\t\t\t\t\t<p>In base a come &#8220;nutriamo&#8221; i nostri batteri, i<strong> loro metaboliti<\/strong> possono avere un <strong>impatto significativo sulla nostra salute.<\/strong> Diversi studi hanno esplorato la relazione bidirezionale tra la composizione batterica e il sonno, concentrandosi sull&#8217;effetto della mancanza di sonno sulla<strong> composizione batterica.<\/strong> Grazie a questi studi, ora sappiamo che squilibri nella flora batterica intestinale aumentano <a href=\"https:\/\/www.omni-biotic.com\/it-it\/problemi-intestinali\/leaky-gut\/\"><strong>la permeabilit\u00e0 della barriera intestinale<\/strong><\/a>, favorendo l\u2019insorgere di<strong> infiammazioni croniche.<\/strong> Questo indica che la qualit\u00e0 del<strong> sonno \u00e8 influenzata negativamente<\/strong> attraverso la comunicazione attiva con il cervello, tramite le vie precedentemente menzionate.<\/p>\t\t\t\t\t\t\t\t<\/div>\n\t\t\t\t<\/div>\n\t\t\t\t\t<\/div>\n\t\t\t\t<\/div>\n\t\t<div class=\"elementor-element elementor-element-e7287ee obcs none e-flex e-con-boxed e-con e-parent\" data-id=\"e7287ee\" data-element_type=\"container\">\n\t\t\t\t\t<div class=\"e-con-inner\">\n\t\t\t\t<div class=\"elementor-element elementor-element-86b75c5 elementor-widget elementor-widget-heading\" data-id=\"86b75c5\" data-element_type=\"widget\" data-widget_type=\"heading.default\">\n\t\t\t\t<div class=\"elementor-widget-container\">\n\t\t\t\t\t<p class=\"elementor-heading-title elementor-size-default\">Il microbioma si prospetta quindi come un obiettivo terapeutico importante per il futuro in caso di disturbi cronici del sonno.<\/p>\t\t\t\t<\/div>\n\t\t\t\t<\/div>\n\t\t\t\t\t<\/div>\n\t\t\t\t<\/div>\n\t\t<div class=\"elementor-element elementor-element-9aeb089 obcs none e-flex e-con-boxed e-con e-parent\" data-id=\"9aeb089\" data-element_type=\"container\">\n\t\t\t\t\t<div class=\"e-con-inner\">\n\t\t\t\t<div class=\"elementor-element elementor-element-494fdb0 elementor-widget elementor-widget-text-editor\" data-id=\"494fdb0\" data-element_type=\"widget\" data-widget_type=\"text-editor.default\">\n\t\t\t\t<div class=\"elementor-widget-container\">\n\t\t\t\t\t\t\t\t\t<p>In <strong>uno studio<\/strong> condotto per quattro settimane, i partecipanti che hanno assunto un<strong> probiotico multispecie<\/strong> hanno <strong>mostrato miglioramenti<\/strong> nelle prestazioni della memoria. Gli studiosi hanno evidenziato una <strong>riduzione nella frequenza di stati d&#8217;animo negativi e sensazioni di ansia<\/strong>, oltre a osservare cambiamenti nell&#8217;attivit\u00e0 di specifiche aree cerebrali.<\/p><p>In un altro studio, quasi <strong>10.000 partecipanti,<\/strong> esposti a <a href=\"https:\/\/www.omni-biotic.com\/it-it\/la-salute-dellintestino\/ambiti-di-competenza-dellintestino\/lo-stress-inizia-nellintestino\/\"><strong>stress<\/strong> <\/a>durante <strong>la pandemia COVID-19<\/strong>, hanno assunto un probiotico multispecie per quindici giorni, evidenziando <strong>miglioramenti significativi nella qualit\u00e0 del sonno,<\/strong> <strong>nella vitalit\u00e0,<\/strong> nella <strong><a href=\"https:\/\/www.omni-biotic.com\/it-it\/blog\/conseguenze-dello-stress\/\">salute mentale<\/a>, nelle prestazioni<\/strong> e nella <strong>resistenza allo stress<\/strong> (vedi immagine).<\/p>\t\t\t\t\t\t\t\t<\/div>\n\t\t\t\t<\/div>\n\t\t\t\t<div class=\"elementor-element elementor-element-110e9f8 elementor-widget elementor-widget-image\" data-id=\"110e9f8\" data-element_type=\"widget\" data-widget_type=\"image.default\">\n\t\t\t\t<div class=\"elementor-widget-container\">\n\t\t\t\t\t\t\t\t\t\t\t\t\t\t\t<img decoding=\"async\" width=\"800\" height=\"600\" src=\"https:\/\/www.omni-biotic.com\/it-it\/wp-content\/uploads\/sites\/5\/2023\/11\/probiotika-wirkung-auf-schlafqualitaet.png\" class=\"attachment-large size-large wp-image-22532\" alt=\"\" srcset=\"https:\/\/www.omni-biotic.com\/it-it\/wp-content\/uploads\/sites\/5\/2023\/11\/probiotika-wirkung-auf-schlafqualitaet.png 800w, https:\/\/www.omni-biotic.com\/it-it\/wp-content\/uploads\/sites\/5\/2023\/11\/probiotika-wirkung-auf-schlafqualitaet-300x225.png 300w, https:\/\/www.omni-biotic.com\/it-it\/wp-content\/uploads\/sites\/5\/2023\/11\/probiotika-wirkung-auf-schlafqualitaet-768x576.png 768w\" sizes=\"(max-width: 800px) 100vw, 800px\" \/>\t\t\t\t\t\t\t\t\t\t\t\t\t\t\t<\/div>\n\t\t\t\t<\/div>\n\t\t\t\t<div class=\"elementor-element elementor-element-948f599 elementor-widget elementor-widget-text-editor\" data-id=\"948f599\" data-element_type=\"widget\" data-widget_type=\"text-editor.default\">\n\t\t\t\t<div class=\"elementor-widget-container\">\n\t\t\t\t\t\t\t\t\t<p>Ulteriori risultati degli studi clinici confermano la costante comunicazione bidirezionale tra intestino e cervello. Ci\u00f2 significa che disturbi intestinali possono quindi influenzare la salute mentale e viceversa. L&#8217;assunzione di un<strong>\u00a0<a href=\"https:\/\/www.omni-biotic.com\/it-it\/la-salute-dellintestino\/intestino-e-salute\/probiotici\/\" target=\"_blank\" rel=\"noopener\">probiotico<\/a>\u00a0di alta qualit\u00e0 e rilevanti dal punto di vista medico<\/strong> ha dimostrato di avere un impatto sull&#8217;attivit\u00e0 cerebrale e sul miglioramento della qualit\u00e0 del sonno. Pertanto, il microbioma emerge come un <strong>obiettivo terapeutico<\/strong> <strong>promettente<\/strong> in caso di disturbi cronici del sonno, contribuendo a ridurre i costi del sistema sanitario legati alle malattie secondarie.<\/p>\t\t\t\t\t\t\t\t<\/div>\n\t\t\t\t<\/div>\n\t\t\t\t\t<\/div>\n\t\t\t\t<\/div>\n\t\t\t\t<\/div>\n\t\t","protected":false},"excerpt":{"rendered":"<p>Dormire bene in termini di qualit\u00e0 e quantit\u00e0 non solo \u00e8 fondamentale per il nostro benessere e il nostro rendimento, ma anche per la nostra salute. La mancanza cronica di sonno, riscontrata in quasi il 50 % della popolazione occidentale a causa dello stress lavorativo, di fattori sociali, di preoccupazioni, ansie, di problemi a livello psicologico, di effetti collaterali dovuti ad alcuni farmaci e di tanti altri fattori, aumenta e favorisce il rischio di sviluppare malattie come il diabete, i problemi cardiovascolari, l&#8217;obesit\u00e0 e l&#8217;ipertensione.<\/p>\n","protected":false},"author":15,"featured_media":22663,"comment_status":"closed","ping_status":"closed","sticky":false,"template":"","format":"standard","meta":{"_acf_changed":false,"inline_featured_image":false,"footnotes":""},"categories":[107,1],"tags":[],"class_list":["post-22528","post","type-post","status-publish","format-standard","has-post-thumbnail","hentry","category-disturbi-e-consigli","category-tutte-le-categorie"],"acf":[],"rank_math":{"og:title":"- OMNi-BiOTiC\u00ae Disturbi del sonno, ritmo circardiano","og:desc":"Perch\u00e9 non dormo? Che cos\u2019 \u00e8 il ritmo circadiano? \u00c8 vero che la mancanza di sonno aumenta la possibilit\u00e0 si sviluppare diabete di tipo 2 e obesit\u00e0?","og:url":"https:\/\/www.omni-biotic.com\/it-it\/blog\/il-ruolo-dei-probiotici-in-caso-di-disturbi-del-sonno\/","og:locale":"it_IT","og:image":"https:\/\/www.omni-biotic.com\/it-it\/wp-content\/uploads\/sites\/5\/2023\/11\/Probiotici-e-insonnia.jpg","og:image:width":"700","og:image:height":"500"},"additional_data":{"thumbnail":"https:\/\/www.omni-biotic.com\/it-it\/wp-content\/uploads\/sites\/5\/2023\/11\/Probiotici-e-insonnia.jpg"},"blog_info":{"country":"it-it"},"_links":{"self":[{"href":"https:\/\/www.omni-biotic.com\/it-it\/wp-json\/wp\/v2\/posts\/22528","targetHints":{"allow":["GET"]}}],"collection":[{"href":"https:\/\/www.omni-biotic.com\/it-it\/wp-json\/wp\/v2\/posts"}],"about":[{"href":"https:\/\/www.omni-biotic.com\/it-it\/wp-json\/wp\/v2\/types\/post"}],"author":[{"embeddable":true,"href":"https:\/\/www.omni-biotic.com\/it-it\/wp-json\/wp\/v2\/users\/15"}],"replies":[{"embeddable":true,"href":"https:\/\/www.omni-biotic.com\/it-it\/wp-json\/wp\/v2\/comments?post=22528"}],"version-history":[{"count":7,"href":"https:\/\/www.omni-biotic.com\/it-it\/wp-json\/wp\/v2\/posts\/22528\/revisions"}],"predecessor-version":[{"id":22664,"href":"https:\/\/www.omni-biotic.com\/it-it\/wp-json\/wp\/v2\/posts\/22528\/revisions\/22664"}],"wp:featuredmedia":[{"embeddable":true,"href":"https:\/\/www.omni-biotic.com\/it-it\/wp-json\/wp\/v2\/media\/22663"}],"wp:attachment":[{"href":"https:\/\/www.omni-biotic.com\/it-it\/wp-json\/wp\/v2\/media?parent=22528"}],"wp:term":[{"taxonomy":"category","embeddable":true,"href":"https:\/\/www.omni-biotic.com\/it-it\/wp-json\/wp\/v2\/categories?post=22528"},{"taxonomy":"post_tag","embeddable":true,"href":"https:\/\/www.omni-biotic.com\/it-it\/wp-json\/wp\/v2\/tags?post=22528"}],"curies":[{"name":"wp","href":"https:\/\/api.w.org\/{rel}","templated":true}]}}