{"id":23528,"date":"2024-08-06T16:32:23Z","date_gmt":"2024-08-06T14:32:23Z","guid":{"rendered":"https:\/\/www.omni-biotic.com\/it-it\/?p=23528"},"modified":"2025-04-23T11:29:05Z","modified_gmt":"2025-04-23T09:29:05Z","slug":"antibiotici-nei-bambini-cosa-ce-da-sapere","status":"publish","type":"post","link":"https:\/\/www.omni-biotic.com\/it-it\/blog\/antibiotici-nei-bambini-cosa-ce-da-sapere\/","title":{"rendered":"Antibiotici nei bambini: cosa c&#8217;\u00e8 da sapere?"},"content":{"rendered":"\t\t<div data-elementor-type=\"wp-post\" data-elementor-id=\"23528\" class=\"elementor elementor-23528\" data-elementor-post-type=\"post\">\n\t\t\t\t<div class=\"elementor-element elementor-element-e3ce4b4 obcs none e-flex e-con-boxed e-con e-parent\" data-id=\"e3ce4b4\" data-element_type=\"container\">\n\t\t\t\t\t<div class=\"e-con-inner\">\n\t\t\t\t<div class=\"elementor-element elementor-element-99a310e elementor-widget elementor-widget-image\" data-id=\"99a310e\" data-element_type=\"widget\" data-widget_type=\"image.default\">\n\t\t\t\t<div class=\"elementor-widget-container\">\n\t\t\t\t\t\t\t\t\t\t\t\t\t\t\t<img fetchpriority=\"high\" decoding=\"async\" width=\"700\" height=\"500\" src=\"https:\/\/www.omni-biotic.com\/it-it\/wp-content\/uploads\/sites\/5\/2024\/01\/antibiotika-kind.jpg\" class=\"attachment-large size-large wp-image-23530\" alt=\"antibiotici_fermenti lattici_ bambini\" srcset=\"https:\/\/www.omni-biotic.com\/it-it\/wp-content\/uploads\/sites\/5\/2024\/01\/antibiotika-kind.jpg 700w, https:\/\/www.omni-biotic.com\/it-it\/wp-content\/uploads\/sites\/5\/2024\/01\/antibiotika-kind-300x214.jpg 300w\" sizes=\"(max-width: 700px) 100vw, 700px\" \/>\t\t\t\t\t\t\t\t\t\t\t\t\t\t\t<\/div>\n\t\t\t\t<\/div>\n\t\t\t\t<div class=\"elementor-element elementor-element-a511d5b elementor-widget elementor-widget-text-editor\" data-id=\"a511d5b\" data-element_type=\"widget\" data-widget_type=\"text-editor.default\">\n\t\t\t\t<div class=\"elementor-widget-container\">\n\t\t\t\t\t\t\t\t\t<p>Quando i bambini stanno male e i genitori li accompagnano dal pediatra, \u00e8 comprensibile che desiderino un<strong> farmaco ad azione rapida.<\/strong> Ecco perch\u00e9 in molti casi in et\u00e0 infantile vengono prescritti antibiotici, anche se non sono sempre efficaci. <strong>Una terapia antibiotica<\/strong> \u00e8 infatti consigliabile solo se<strong> l&#8217;infezione \u00e8 di origine batterica,<\/strong> mentre molte malattie che i bambini portano a casa dall\u2019asilo o da scuola, come il raffreddore o le infezioni influenzali, sono causate<strong> da virus.<\/strong> In questo caso l\u2019assunzione dell\u2019antibiotico \u00e8 inefficace.<\/p><p>Nel 2010, tuttavia, <strong>sono stati prescritti pi\u00f9 antibiotici<\/strong> <strong>ai bambini<\/strong> tra i 3 e i 6 anni rispetto che agli adulti, con conseguenze significative soprattutto per i pi\u00f9 piccoli. Gli antibiotici, infatti, non solo eliminano gli <strong>agenti patogeni,<\/strong> ma anche i batteri benefici presenti nella flora intestinale, fondamentali per il nostro benessere. Inoltre, questa condizione \u00e8 ancora pi\u00f9 critica per i bambini, poich\u00e9 la <strong>loro <a href=\"https:\/\/www.omni-biotic.com\/it-it\/la-salute-dellintestino\/intestino-e-salute\/microbioma\/\">flora batterica intestinale <\/a><\/strong>si completa solamente intorno ai 7 anni.<\/p>\t\t\t\t\t\t\t\t<\/div>\n\t\t\t\t<\/div>\n\t\t\t\t\t<\/div>\n\t\t\t\t<\/div>\n\t\t<div class=\"elementor-element elementor-element-183c849 obcs none e-flex e-con-boxed e-con e-parent\" data-id=\"183c849\" data-element_type=\"container\">\n\t\t\t\t\t<div class=\"e-con-inner\">\n\t\t\t\t<div class=\"elementor-element elementor-element-db69b66 elementor-widget elementor-widget-heading\" data-id=\"db69b66\" data-element_type=\"widget\" data-widget_type=\"heading.default\">\n\t\t\t\t<div class=\"elementor-widget-container\">\n\t\t\t\t\t<h2 class=\"elementor-heading-title elementor-size-default\">Come possiamo assumere gli antibiotici in modo consapevole?<\/h2>\t\t\t\t<\/div>\n\t\t\t\t<\/div>\n\t\t\t\t<div class=\"elementor-element elementor-element-bedb40f elementor-widget elementor-widget-text-editor\" data-id=\"bedb40f\" data-element_type=\"widget\" data-widget_type=\"text-editor.default\">\n\t\t\t\t<div class=\"elementor-widget-container\">\n\t\t\t\t\t\t\t\t\t<p>Infezioni come quelle alle <b>vie respiratorie superiori, della vescica<\/b> o alle<strong> tonsille<\/strong><b>\u00a0<\/b>possono essere spesso di <b>origine batterica<\/b>. Tuttavia, \u00e8 importante notare che anche in questi casi gli <b>antibiotici <\/b>non sono sempre necessari e la loro somministrazione dovrebbe essere <b>valutata attentamente <\/b>dal medico. Un metodo efficace per identificare gli agenti patogeni \u00e8 il test rapido CRP, eseguito attraverso una piccola puntura sul dito. In caso di <strong>un&#8217;infiammazione di origine batterica,<\/strong> il livello della proteina C-reattiva aumenta rapidamente. Di conseguenza, un valore elevato di questa proteina nel risultato del test potrebbe suggerire la presenza di un&#8217;infezione di<strong> origine batterica.<\/strong><\/p>\t\t\t\t\t\t\t\t<\/div>\n\t\t\t\t<\/div>\n\t\t\t\t<div class=\"elementor-element elementor-element-40c5644 elementor-widget elementor-widget-heading\" data-id=\"40c5644\" data-element_type=\"widget\" data-widget_type=\"heading.default\">\n\t\t\t\t<div class=\"elementor-widget-container\">\n\t\t\t\t\t<h3 class=\"elementor-heading-title elementor-size-default\">Assunzione dell\u2019antibiotico: cosa c'\u00e8 da sapere?<\/h3>\t\t\t\t<\/div>\n\t\t\t\t<\/div>\n\t\t\t\t<div class=\"elementor-element elementor-element-6c8f2f2 elementor-widget elementor-widget-text-editor\" data-id=\"6c8f2f2\" data-element_type=\"widget\" data-widget_type=\"text-editor.default\">\n\t\t\t\t<div class=\"elementor-widget-container\">\n\t\t\t\t\t\t\t\t\t<p>Se la somministrazione di un antibiotico \u00e8 necessaria, ci sono alcune<b> considerazioni fondamentali da tenere presente.<\/b> Il dosaggio del farmaco \u00e8 calcolato in base al peso corporeo e deve essere seguito attentamente, cos\u00ec come l\u2019assunzione. Se il farmaco, ad esempio, va assunto a stomaco vuoto o dopo i pasti \u00e8 importante attenersi a tali indicazioni, in quanto una variazione potrebbe avere un effetto sull&#8217;efficacia e sugli effetti collaterali.<\/p><p>Per questo \u00e8 importantissimo consultare il <strong>foglio illustrativo<\/strong> o chiedere consiglio al <strong>medico o al farmacista.<\/strong><\/p>\t\t\t\t\t\t\t\t<\/div>\n\t\t\t\t<\/div>\n\t\t\t\t\t<\/div>\n\t\t\t\t<\/div>\n\t\t<div class=\"elementor-element elementor-element-eccb5f3 obcs none e-flex e-con-boxed e-con e-parent\" data-id=\"eccb5f3\" data-element_type=\"container\">\n\t\t\t\t\t<div class=\"e-con-inner\">\n\t\t\t\t<div class=\"elementor-element elementor-element-06716fe elementor-widget elementor-widget-image\" data-id=\"06716fe\" data-element_type=\"widget\" data-widget_type=\"image.default\">\n\t\t\t\t<div class=\"elementor-widget-container\">\n\t\t\t\t\t\t\t\t\t\t\t\t\t\t\t<img decoding=\"async\" width=\"700\" height=\"500\" src=\"https:\/\/www.omni-biotic.com\/it-it\/wp-content\/uploads\/sites\/5\/2024\/08\/ausreichend-fluessigkeit-immunsystem.jpg\" class=\"attachment-large size-large wp-image-32225\" alt=\"Probiotici_antibiotico_bambini\" srcset=\"https:\/\/www.omni-biotic.com\/it-it\/wp-content\/uploads\/sites\/5\/2024\/08\/ausreichend-fluessigkeit-immunsystem.jpg 700w, https:\/\/www.omni-biotic.com\/it-it\/wp-content\/uploads\/sites\/5\/2024\/08\/ausreichend-fluessigkeit-immunsystem-300x214.jpg 300w\" sizes=\"(max-width: 700px) 100vw, 700px\" \/>\t\t\t\t\t\t\t\t\t\t\t\t\t\t\t<\/div>\n\t\t\t\t<\/div>\n\t\t\t\t\t<\/div>\n\t\t\t\t<\/div>\n\t\t<div class=\"elementor-element elementor-element-81657a2 obcs none e-flex e-con-boxed e-con e-parent\" data-id=\"81657a2\" data-element_type=\"container\">\n\t\t\t\t\t<div class=\"e-con-inner\">\n\t\t\t\t<div class=\"elementor-element elementor-element-c56525a elementor-widget elementor-widget-heading\" data-id=\"c56525a\" data-element_type=\"widget\" data-widget_type=\"heading.default\">\n\t\t\t\t<div class=\"elementor-widget-container\">\n\t\t\t\t\t<h2 class=\"elementor-heading-title elementor-size-default\">Probiotici per bambini<\/h2>\t\t\t\t<\/div>\n\t\t\t\t<\/div>\n\t\t\t\t<div class=\"elementor-element elementor-element-caf57d1 elementor-widget elementor-widget-text-editor\" data-id=\"caf57d1\" data-element_type=\"widget\" data-widget_type=\"text-editor.default\">\n\t\t\t\t<div class=\"elementor-widget-container\">\n\t\t\t\t\t\t\t\t\t<p><b>Molto riposo, lunghe dormite e una dieta ricca di vitamine<\/b> sono fondamentali per aiutare il piccolo organismo nel percorso di guarigione. Inoltre, \u00e8 importante anche <strong>completare il ciclo di terapia antibiotica,<\/strong> anche se il bambino si sente meglio prima del previsto. Interrompere prematuramente il trattamento pu\u00f2 favorire la sopravvivenza di <strong>batteri resistenti<\/strong>, che potrebbero diventare immuni all&#8217;antibiotico. Anche se i bambini di solito si riprendono rapidamente dopo <strong>l&#8217;assunzione degli antibiotici,<\/strong> \u00e8 importante tenere in considerazione che l\u2019equilibrio <strong><a href=\"https:\/\/www.omni-biotic.com\/it-it\/la-salute-dellintestino\/intestino-e-salute\/microbioma\/\">flora batterica intestinale<\/a><\/strong> pu\u00f2 rimanere alterato per un lungo periodo. Integrare quindi la terapia antibiotica con <a href=\"https:\/\/www.omni-biotic.com\/it-it\/la-salute-dellintestino\/intestino-e-salute\/probiotici\/\"><strong>ceppi probiotici<\/strong><\/a>, appositamente selezionati, sia durante che dopo il trattamento, pu\u00f2 aiutare a ricostruire l<strong>a flora batterica e a mantenere la salute dell&#8217;intestino,<\/strong> fungendo da supporto prezioso per tutto il benessere dell&#8217;organismo. Non dimentichiamoci infatti che <strong>la salute inizia proprio dall\u2019intestino!<\/strong><\/p>\t\t\t\t\t\t\t\t<\/div>\n\t\t\t\t<\/div>\n\t\t\t\t\t<\/div>\n\t\t\t\t<\/div>\n\t\t\t\t<\/div>\n\t\t","protected":false},"excerpt":{"rendered":"<p>Per un genitore la salute del proprio figlio \u00e8 al primo posto e quando si tratta di assumere antibiotici \u00e8 naturale anche pensare agli effetti collaterali. <\/p>\n","protected":false},"author":15,"featured_media":23530,"comment_status":"closed","ping_status":"closed","sticky":false,"template":"","format":"standard","meta":{"_acf_changed":false,"inline_featured_image":false,"footnotes":""},"categories":[1,107,108],"tags":[],"class_list":["post-23528","post","type-post","status-publish","format-standard","has-post-thumbnail","hentry","category-tutte-le-categorie","category-disturbi-e-consigli","category-mamma-e-bambino"],"acf":[],"rank_math":{"og:title":"Probiotici e antibiotici nei bambini: cosa c'\u00e8 da sapere","og:desc":"Spesso i bambini devo assumere gli antibiotici e questo pu\u00f2 incidere sull'equilibrio della loro flora batterica intestinale. Scopri il ruolo dei probiotici","og:url":"https:\/\/www.omni-biotic.com\/it-it\/blog\/antibiotici-nei-bambini-cosa-ce-da-sapere\/","og:locale":"it_IT","og:image":"https:\/\/www.omni-biotic.com\/it-it\/wp-content\/uploads\/sites\/5\/2024\/01\/antibiotika-kind.jpg","og:image:width":"700","og:image:height":"500"},"additional_data":{"thumbnail":"https:\/\/www.omni-biotic.com\/it-it\/wp-content\/uploads\/sites\/5\/2024\/01\/antibiotika-kind.jpg"},"blog_info":{"country":"it-it"},"_links":{"self":[{"href":"https:\/\/www.omni-biotic.com\/it-it\/wp-json\/wp\/v2\/posts\/23528","targetHints":{"allow":["GET"]}}],"collection":[{"href":"https:\/\/www.omni-biotic.com\/it-it\/wp-json\/wp\/v2\/posts"}],"about":[{"href":"https:\/\/www.omni-biotic.com\/it-it\/wp-json\/wp\/v2\/types\/post"}],"author":[{"embeddable":true,"href":"https:\/\/www.omni-biotic.com\/it-it\/wp-json\/wp\/v2\/users\/15"}],"replies":[{"embeddable":true,"href":"https:\/\/www.omni-biotic.com\/it-it\/wp-json\/wp\/v2\/comments?post=23528"}],"version-history":[{"count":7,"href":"https:\/\/www.omni-biotic.com\/it-it\/wp-json\/wp\/v2\/posts\/23528\/revisions"}],"predecessor-version":[{"id":34148,"href":"https:\/\/www.omni-biotic.com\/it-it\/wp-json\/wp\/v2\/posts\/23528\/revisions\/34148"}],"wp:featuredmedia":[{"embeddable":true,"href":"https:\/\/www.omni-biotic.com\/it-it\/wp-json\/wp\/v2\/media\/23530"}],"wp:attachment":[{"href":"https:\/\/www.omni-biotic.com\/it-it\/wp-json\/wp\/v2\/media?parent=23528"}],"wp:term":[{"taxonomy":"category","embeddable":true,"href":"https:\/\/www.omni-biotic.com\/it-it\/wp-json\/wp\/v2\/categories?post=23528"},{"taxonomy":"post_tag","embeddable":true,"href":"https:\/\/www.omni-biotic.com\/it-it\/wp-json\/wp\/v2\/tags?post=23528"}],"curies":[{"name":"wp","href":"https:\/\/api.w.org\/{rel}","templated":true}]}}