{"id":26253,"date":"2025-09-25T17:46:19Z","date_gmt":"2025-09-25T15:46:19Z","guid":{"rendered":"https:\/\/www.omni-biotic.com\/it-it\/?p=26253"},"modified":"2025-11-07T12:28:12Z","modified_gmt":"2025-11-07T11:28:12Z","slug":"il-morbo-di-crohn-molto-di-piu-di-una-semplice-diarrea","status":"publish","type":"post","link":"https:\/\/www.omni-biotic.com\/it-it\/blog\/il-morbo-di-crohn-molto-di-piu-di-una-semplice-diarrea\/","title":{"rendered":"Il Morbo di Crohn, molto di pi\u00f9 di una semplice diarrea"},"content":{"rendered":"\t\t<div data-elementor-type=\"wp-post\" data-elementor-id=\"26253\" class=\"elementor elementor-26253\" data-elementor-post-type=\"post\">\n\t\t\t\t<div class=\"elementor-element elementor-element-0b0f5a8 obcs none e-flex e-con-boxed e-con e-parent\" data-id=\"0b0f5a8\" data-element_type=\"container\">\n\t\t\t\t\t<div class=\"e-con-inner\">\n\t\t\t\t<div class=\"elementor-element elementor-element-5b501fb elementor-widget elementor-widget-heading\" data-id=\"5b501fb\" data-element_type=\"widget\" data-widget_type=\"heading.default\">\n\t\t\t\t<div class=\"elementor-widget-container\">\n\t\t\t\t\t<h2 class=\"elementor-heading-title elementor-size-default\">Che cos\u2019\u00e8 il morbo di Crohn? E come si manifesta questa malattia cronica?<\/h2>\t\t\t\t<\/div>\n\t\t\t\t<\/div>\n\t\t\t\t\t<\/div>\n\t\t\t\t<\/div>\n\t\t<div class=\"elementor-element elementor-element-f0e8602 obcs none e-flex e-con-boxed e-con e-parent\" data-id=\"f0e8602\" data-element_type=\"container\">\n\t\t\t\t\t<div class=\"e-con-inner\">\n\t\t\t\t<div class=\"elementor-element elementor-element-b40555f elementor-widget elementor-widget-text-editor\" data-id=\"b40555f\" data-element_type=\"widget\" data-widget_type=\"text-editor.default\">\n\t\t\t\t<div class=\"elementor-widget-container\">\n\t\t\t\t\t\t\t\t\t<p>Il morbo di Crohn \u00e8 <a href=\"https:\/\/www.omni-biotic.com\/it-it\/problemi-intestinali\/mici\/\"><strong>una malattia infiammatoria cronica dell&#8217;intestino recidivante (MICI)<\/strong> <\/a>che pu\u00f2 colpire l&#8217;intero apparato digerente e prende il nome dalla prima persona che l&#8217;ha descritta, il medico americano Burrill Bernard Crohn.<\/p><p>Solitamente questa malattia si manifesta tra i 15 e i 35 anni, ma il motivo della sua insorgenza non \u00e8 ancora del tutto chiaro e si pensa quindi che diversi fattori come: <strong>predisposizione genetica,<\/strong> <strong>un microbioma intestinale alterato<\/strong> (<a href=\"https:\/\/www.omni-biotic.com\/it-it\/la-salute-dellintestino\/intestino-e-salute\/flora-intestinale\/\"><strong>flora intestinale<\/strong><\/a>) e fattori esterni (infezioni, <strong><a href=\"https:\/\/www.omni-biotic.com\/it-it\/la-salute-dellintestino\/ambiti-di-competenza-dellintestino\/lo-stress-inizia-nellintestino\/\">stress,<\/a><\/strong> alimentazione, ecc.) possano favorire lo sviluppo dei sintomi tipici del morbo di Crohn. Inoltre, anche la <a href=\"https:\/\/www.omni-biotic.com\/it-it\/la-salute-dellintestino\/intestino-e-salute\/asse-intestino-cervello\/\"><strong>condizione psicologica<\/strong><\/a> gioca un ruolo importante in merito al manifestarsi e al progredire della malattia. Ma di questo non bisogna stupirsi, <strong>in quanto mente e intestino sono strettamente collegati!<\/strong> I due organi infatti comunicano direttamente e costantemente <a href=\"https:\/\/www.omni-biotic.com\/it-it\/la-salute-dellintestino\/intestino-e-salute\/asse-intestino-cervello\/\"><strong>attraverso l&#8217;asse intestino-cervello!<\/strong><\/a><\/p><p>In passato si pensava che il morbo di Crohn fosse una malattia autoimmune, cio\u00e8 che il sistema immunitario attaccasse per errore il proprio corpo. <strong>Oggi<\/strong> grazie a nuove ricerche sappiamo che non \u00e8 cos\u00ec. Si parla piuttosto di una malattia legata al <a href=\"https:\/\/www.omni-biotic.com\/it-it\/la-salute-dellintestino\/ambiti-di-competenza-dellintestino\/sistema-immunitario\/\"><strong>sistema immunitario,<\/strong><\/a> ma non autoimmune. Questo perch\u00e8 la reazione del sistema immunitario non parte da sola ma \u00e8 causata dall\u2019<strong>alterazione della barriera intestinale<\/strong>. A causa di questo, sostanze estranee riescono a penetrarla, provocando un&#8217;infiammazione dell&#8217;intestino.<strong> In breve<\/strong>: non \u00e8 il corpo che va in tilt da solo, ma \u00e8 una difesa immunitaria scatenata da una barriera intestinale danneggiata.<\/p>\t\t\t\t\t\t\t\t<\/div>\n\t\t\t\t<\/div>\n\t\t\t\t<div class=\"elementor-element elementor-element-b6cb047 elementor-widget elementor-widget-image\" data-id=\"b6cb047\" data-element_type=\"widget\" data-widget_type=\"image.default\">\n\t\t\t\t<div class=\"elementor-widget-container\">\n\t\t\t\t\t\t\t\t\t\t\t\t\t\t\t<img fetchpriority=\"high\" decoding=\"async\" width=\"768\" height=\"576\" src=\"https:\/\/www.omni-biotic.com\/it-it\/wp-content\/uploads\/sites\/5\/2024\/04\/intestino_morbo-di-Crohn.jpg\" class=\"attachment-large size-large wp-image-26263\" alt=\"intestino_morbo di cohn\" srcset=\"https:\/\/www.omni-biotic.com\/it-it\/wp-content\/uploads\/sites\/5\/2024\/04\/intestino_morbo-di-Crohn.jpg 768w, https:\/\/www.omni-biotic.com\/it-it\/wp-content\/uploads\/sites\/5\/2024\/04\/intestino_morbo-di-Crohn-300x225.jpg 300w\" sizes=\"(max-width: 768px) 100vw, 768px\" \/>\t\t\t\t\t\t\t\t\t\t\t\t\t\t\t<\/div>\n\t\t\t\t<\/div>\n\t\t\t\t\t<\/div>\n\t\t\t\t<\/div>\n\t\t<div class=\"elementor-element elementor-element-9486299 obcs none e-flex e-con-boxed e-con e-parent\" data-id=\"9486299\" data-element_type=\"container\">\n\t\t\t\t\t<div class=\"e-con-inner\">\n\t\t\t\t<div class=\"elementor-element elementor-element-d531130 elementor-widget elementor-widget-heading\" data-id=\"d531130\" data-element_type=\"widget\" data-widget_type=\"heading.default\">\n\t\t\t\t<div class=\"elementor-widget-container\">\n\t\t\t\t\t<h2 class=\"elementor-heading-title elementor-size-default\">Sintomi e malattie concomitanti nel morbo di Crohn<\/h2>\t\t\t\t<\/div>\n\t\t\t\t<\/div>\n\t\t\t\t<div class=\"elementor-element elementor-element-7b60395 elementor-widget elementor-widget-text-editor\" data-id=\"7b60395\" data-element_type=\"widget\" data-widget_type=\"text-editor.default\">\n\t\t\t\t<div class=\"elementor-widget-container\">\n\t\t\t\t\t\t\t\t\t<p>Tutte le <strong>malattie infiammatorie croniche dell&#8217;intestino<\/strong> presentano sintomi simili: diarrea, forti dolori addominali e un decorso intermittente. I sintomi relativi alla <strong>malattia di Crohn si manifestano di solito gradualmente,<\/strong> variano molto da persona a persona e a seconda delle localizzazioni intestinali interessate.<\/p><p>A differenza della <a href=\"https:\/\/www.omni-biotic.com\/it-it\/problemi-intestinali\/mici\/\"><strong>colite ulcerosa,<\/strong><\/a> in cui si infiammano &#8220;solo&#8221; gli strati superficiali della mucosa, nel morbo di Crohn il processo infiammatorio si estende anche agli strati pi\u00f9 profondi della parete intestinale e raggiunge perfino le pareti circostanti. Inoltre, se l&#8217;infiammazione acuta non viene trattata in modo adeguato (grazie all&#8217;assunzione mirata di determinati farmaci), possono verificarsi, in alcuni casi, complicanze potenzialmente letali come: ulcere intestinali, carenza di nutrienti (soprattutto ferro e vitamina B12), restringimenti intestinali (stenosi), occlusione intestinale, perforazione intestinale, infezioni batteriche, cancro intestinale, ecc.<\/p><p>Con il progredire della malattia, l&#8217;intestino viene messo a dura prova, tanto che fino al 70% dei pazienti deve essere sottoposto ad un intervento chirurgico!<\/p><p>Infine, Il morbo di Crohn pu\u00f2 anche essere accompagnato da problematiche al di fuori del tratto gastrointestinale come: infiammazioni agli occhi, dolori e infiammazioni articolari, affaticamento, malattie della pelle, ecc.<\/p>\t\t\t\t\t\t\t\t<\/div>\n\t\t\t\t<\/div>\n\t\t\t\t\t<\/div>\n\t\t\t\t<\/div>\n\t\t<div class=\"elementor-element elementor-element-570e1af obcs none e-flex e-con-boxed e-con e-parent\" data-id=\"570e1af\" data-element_type=\"container\">\n\t\t\t\t\t<div class=\"e-con-inner\">\n\t\t\t\t<div class=\"elementor-element elementor-element-7981955 elementor-widget elementor-widget-heading\" data-id=\"7981955\" data-element_type=\"widget\" data-widget_type=\"heading.default\">\n\t\t\t\t<div class=\"elementor-widget-container\">\n\t\t\t\t\t<h2 class=\"elementor-heading-title elementor-size-default\">Come si tratta il morbo di Crohn?<\/h2>\t\t\t\t<\/div>\n\t\t\t\t<\/div>\n\t\t\t\t\t<\/div>\n\t\t\t\t<\/div>\n\t\t<div class=\"elementor-element elementor-element-c2308d4 obcs none e-flex e-con-boxed e-con e-parent\" data-id=\"c2308d4\" data-element_type=\"container\">\n\t\t\t\t\t<div class=\"e-con-inner\">\n\t\t\t\t<div class=\"elementor-element elementor-element-7d6bfb4 elementor-widget elementor-widget-text-editor\" data-id=\"7d6bfb4\" data-element_type=\"widget\" data-widget_type=\"text-editor.default\">\n\t\t\t\t<div class=\"elementor-widget-container\">\n\t\t\t\t\t\t\t\t\t<p>Oltre al trattamento mirato con sostanze attive del gruppo degli steroidi e dei corticosteroidi, aminosalicilati, immunosoppressori e bloccanti del TNF-alfa, \u00e8 possibile adottare altre misure per contenere il processo infiammatorio. <strong>L&#8217;alimentazione, ad esempio, \u00e8 una parte essenziale del trattamento,<\/strong> la quale per\u00f2 deve essere adattata alle esigenze del singolo paziente e commisurata allo stadio della malattia.<\/p><p>Nei periodi in cui i sintomi non si manifestano (fase di remissione),<strong> un&#8217;alimentazione ad hoc composta da alimenti integrali leggeri, fibre<\/strong> (frutta e verdura) e l&#8217;assunzione mirata di<a href=\"https:\/\/www.omni-biotic.com\/it-it\/la-salute-dellintestino\/intestino-e-salute\/probiotici\/\"><strong> batteri probiotici<\/strong><\/a> hanno un effetto positivo sull&#8217;intestino irritabile e <strong>possono ritardare la fase di riacutizzazione<\/strong>. In questa fase, infatti, sono da evitare alimenti ricchi di fibre e che causano flatulenza.<\/p><p>In molti soggetti colpiti dalla malattia si possono manifestare intolleranze alimentari, solitamente passeggere, e carenza di nutrienti. Questo accade perch\u00e9, a causa della <a href=\"https:\/\/www.omni-biotic.com\/it-it\/problemi-intestinali\/diarrea\/\"><strong>forte diarrea<\/strong><\/a> e dell&#8217;infiammazione della parete intestinale, l&#8217;organismo non \u00e8 in grado di assorbire una quantit\u00e0 sufficiente di vitamine, minerali e oligoelementi essenziali e le sostanze estranee possono penetrare pi\u00f9 facilmente nel nostro organismo. \u00c8 quindi importante prestare attenzione all\u2019intestino e garantire un adeguato apporto di elettroliti e sostanze essenziali.<\/p><p><strong>Anche il rilassamento e l&#8217;attivit\u00e0 fisica<\/strong> hanno un effetto positivo sul morbo di Crohn. Recenti ricerche hanno infatti dimostrato che <strong>cervello e intestino sono strettamente collegati<\/strong>. L\u2019intestino, infatti, comunica direttamente, e in modo costante, con il cervello attraverso il sistema nervoso enterico.<\/p><p>Nello specifico, non possiamo intervenire direttamente sulla comunicazione tra<a href=\"https:\/\/www.omni-biotic.com\/it-it\/la-salute-dellintestino\/intestino-e-salute\/asse-intestino-cervello\/\"><strong> intestino e cervello<\/strong><\/a>, ma la composizione e la natura del nostro microbiota possono influire su questa interazione in modo positivo o negativo. <strong>L&#8217;intestino, infatti, risponde in modo sensibile allo stress e alle emozioni negative, come rabbia e irritazione.<\/strong> Ci\u00f2, a sua volta, indebolisce in modo evidente <strong>il nostro sistema immunitario,<\/strong> favorisce l\u2019insorgere dell&#8217;infiammazione e influisce notevolmente sullo sviluppo e sulla progressione delle malattie.<\/p><p>Per i soggetti colpiti dal morbo di Crohn \u00e8 inoltre consigliabile inserire nella routine quotidiana esercizi di rilassamento e una moderata attivit\u00e0 fisica. Essa, infatti, riduce lo stress e la tensione e pu\u00f2 avere un&#8217;influenza positiva sul decorso della malattia.<\/p>\t\t\t\t\t\t\t\t<\/div>\n\t\t\t\t<\/div>\n\t\t\t\t\t<\/div>\n\t\t\t\t<\/div>\n\t\t<div class=\"elementor-element elementor-element-2725be2 obcs none e-flex e-con-boxed e-con e-parent\" data-id=\"2725be2\" data-element_type=\"container\">\n\t\t\t\t\t<div class=\"e-con-inner\">\n\t\t\t\t<div class=\"elementor-element elementor-element-8cd469c elementor-widget elementor-widget-heading\" data-id=\"8cd469c\" data-element_type=\"widget\" data-widget_type=\"heading.default\">\n\t\t\t\t<div class=\"elementor-widget-container\">\n\t\t\t\t\t<h2 class=\"elementor-heading-title elementor-size-default\">Morbo di Crohn e microbioma intestinale<\/h2>\t\t\t\t<\/div>\n\t\t\t\t<\/div>\n\t\t\t\t\t<\/div>\n\t\t\t\t<\/div>\n\t\t<div class=\"elementor-element elementor-element-cef0b54 obcs none e-flex e-con-boxed e-con e-parent\" data-id=\"cef0b54\" data-element_type=\"container\">\n\t\t\t\t\t<div class=\"e-con-inner\">\n\t\t\t\t<div class=\"elementor-element elementor-element-76d870b elementor-widget elementor-widget-text-editor\" data-id=\"76d870b\" data-element_type=\"widget\" data-widget_type=\"text-editor.default\">\n\t\t\t\t<div class=\"elementor-widget-container\">\n\t\t\t\t\t\t\t\t\t<p>Molti studi scientifici hanno dimostrato che i pazienti affetti da morbo di Crohn <strong>presentano alterazioni della flora intestinale gi\u00e0 all&#8217;inizio della malattia.<\/strong> Questo squilibrio tra batteri intestinali &#8220;buoni&#8221; e &#8220;cattivi&#8221; (disbiosi) e la relativa alterazione a livello della barriera intestinale favoriscono lo sviluppo di malattie infiammatorie croniche dell&#8217;intestino.<strong> La riduzione dei ceppi batterici benefici<\/strong> comporta anche una minore produzione di acidi grassi a catena corta, i quali si formano nell&#8217;intestino attraverso la fermentazione delle fibre alimentari da parte dei batteri. Gli acidi grassi a catena corta (acidi acetico, propionico e butirrico) sono importantissimi per la produzione di energia, per rafforzare la barriera intestinale e influenzare la comunicazione attraverso <a href=\"https:\/\/www.omni-biotic.com\/it-it\/la-salute-dellintestino\/intestino-e-salute\/asse-intestino-cervello\/\"><strong>l&#8217;asse intestino-cervello.<\/strong><\/a><\/p><p>\u00c8 stato dimostrato che i soggetti affetti dal morbo di Crohn hanno un numero significativamente inferiore di determinati ceppi batterici, responsabili per la produzione di acido butirrico. Nello specifico, l&#8217;acido butirrico non solo ha la funzione di produrre energia, ma di proteggere anche dalle infiammazioni, riducendo quindi il rischio di sviluppare il cancro intestinale.<\/p><p>Ci\u00f2 dimostra anche quanto la <a href=\"https:\/\/www.omni-biotic.com\/it-it\/la-salute-dellintestino\/intestino-e-salute\/microbioma\/\"><strong>composizione del microbioma<\/strong><\/a> intestinale sia importante in relazione al sistema immunitario.<\/p><p>I farmaci, lo stress e un\u2019alimentazione non equilibrata favoriscono lo squilibrio tra i batteri intestinali e hanno quindi un&#8217;influenza significativa sul decorso del morbo di Crohn.<\/p><p>Le ricerche dimostrano che l\u2019assunzione di probiotici multispecie, appositamente selezionati, favorisce l\u2019equilibrio della flora batterica intestinale in diversi modi. Sia il numero che la diversit\u00e0 dei batteri intestinali benefici sono importantissimi per mantenere una flora intestinale sana e sostenere il sistema immunitario.<\/p><p><strong>Batteri probiotici specifici:<\/strong><\/p><ul><li>hanno un effetto antinfiammatorio;<\/li><li>inibiscono e combattono gli agenti patogeni;<\/li><li>rafforzano la barriera intestinale e il sistema immunitario;<\/li><li>contrastano i disturbi digestivi e possono avere un effetto positivo sulla sensazione di dolore!<\/li><\/ul>\t\t\t\t\t\t\t\t<\/div>\n\t\t\t\t<\/div>\n\t\t\t\t\t<\/div>\n\t\t\t\t<\/div>\n\t\t<div class=\"elementor-element elementor-element-918ea6e obcs none e-flex e-con-boxed e-con e-parent\" data-id=\"918ea6e\" data-element_type=\"container\">\n\t\t\t\t\t<div class=\"e-con-inner\">\n\t\t\t\t<div class=\"elementor-element elementor-element-90217a0 elementor-widget elementor-widget-heading\" data-id=\"90217a0\" data-element_type=\"widget\" data-widget_type=\"heading.default\">\n\t\t\t\t<div class=\"elementor-widget-container\">\n\t\t\t\t\t<h2 class=\"elementor-heading-title elementor-size-default\">Informazioni sull\u2019autrice<\/h2>\t\t\t\t<\/div>\n\t\t\t\t<\/div>\n\t\t\t\t<div class=\"elementor-element elementor-element-515596a elementor-widget elementor-widget-text-editor\" data-id=\"515596a\" data-element_type=\"widget\" data-widget_type=\"text-editor.default\">\n\t\t\t\t<div class=\"elementor-widget-container\">\n\t\t\t\t\t\t\t\t\t<p style=\"text-align: left\"><img decoding=\"async\" class=\" wp-image-26294 img-fluid alignleft\" src=\"https:\/\/www.omni-biotic.com\/it-it\/wp-content\/uploads\/sites\/5\/2024\/04\/foto_Autrice_Blog_Morbo-di-Crohn-204x300.png\" alt=\"foto_austriace_Morbo di crohn\" width=\"129\" height=\"190\" srcset=\"https:\/\/www.omni-biotic.com\/it-it\/wp-content\/uploads\/sites\/5\/2024\/04\/foto_Autrice_Blog_Morbo-di-Crohn-204x300.png 204w, https:\/\/www.omni-biotic.com\/it-it\/wp-content\/uploads\/sites\/5\/2024\/04\/foto_Autrice_Blog_Morbo-di-Crohn.png 480w\" sizes=\"(max-width: 129px) 100vw, 129px\" \/>Mi chiamo Griebler Katrin, sono un&#8217;informatrice farmaceutica e sono mamma di un bambino oltre che di cani e gatti. Sostenere il benessere delle persone a 360 gradi \u00e8 la mia passione e la mia vocazione, infatti, in qualit\u00e0 di farmacista, consulente specializzata in\u00a0disturbi intestinali e istruttrice di rilassamento e mindfulness, il mio obiettivo principale \u00e8 quello di aiutare le persone a riconnettersi con la loro salute fisica, mentale e spirituale.<\/p>\t\t\t\t\t\t\t\t<\/div>\n\t\t\t\t<\/div>\n\t\t\t\t\t<\/div>\n\t\t\t\t<\/div>\n\t\t\t\t<\/div>\n\t\t","protected":false},"excerpt":{"rendered":"<p>Diarrea cronica, crampi addominali, nausea, inappetenza, perdita di peso e carenza di sostanze nutritive sono sintomi tipici della malattia di Crohn!<br \/>\nIl morbo di Crohn \u00e8 una malattia infiammatoria cronica dell\u2019intestino (IBD) che colpisce alcune sezioni del tratto gastrointestinale. Esso si manifesta a episodi intermittenti e pu\u00f2 interessare tutto l\u2019apparato digerente, dalla bocca all\u2019ano. Particolarmente colpite sono la parte terminale dell\u2019intestino tenue (ileo) e la parte superiore dell\u2019intestino crasso (colon).<\/p>\n<p>Il morbo di Crohn non \u00e8 curabile, ma \u00e8 trattabile!<\/p>\n","protected":false},"author":15,"featured_media":26263,"comment_status":"closed","ping_status":"closed","sticky":false,"template":"","format":"standard","meta":{"_acf_changed":false,"inline_featured_image":false,"footnotes":""},"categories":[107,1],"tags":[],"class_list":["post-26253","post","type-post","status-publish","format-standard","has-post-thumbnail","hentry","category-disturbi-e-consigli","category-tutte-le-categorie"],"acf":[],"rank_math":{"og:title":"Il Morbo di Crohn, molto di pi\u00f9 di una semplice diarrea - OMNi-BiOTiC\u00ae","og:desc":"Il morbo di Crohn \u00e8 una malattia infiammatoria cronica dell\u2019intestino che provoca dolore addominale, diarrea e stanchezza. Scopri cause, sintomi e cure efficaci.","og:url":"https:\/\/www.omni-biotic.com\/it-it\/blog\/il-morbo-di-crohn-molto-di-piu-di-una-semplice-diarrea\/","og:locale":"it_IT","og:image":"https:\/\/www.omni-biotic.com\/it-it\/wp-content\/uploads\/sites\/5\/2024\/04\/intestino_morbo-di-Crohn.jpg","og:image:width":"768","og:image:height":"576"},"additional_data":{"thumbnail":"https:\/\/www.omni-biotic.com\/it-it\/wp-content\/uploads\/sites\/5\/2024\/04\/intestino_morbo-di-Crohn.jpg"},"blog_info":{"country":"it-it"},"_links":{"self":[{"href":"https:\/\/www.omni-biotic.com\/it-it\/wp-json\/wp\/v2\/posts\/26253","targetHints":{"allow":["GET"]}}],"collection":[{"href":"https:\/\/www.omni-biotic.com\/it-it\/wp-json\/wp\/v2\/posts"}],"about":[{"href":"https:\/\/www.omni-biotic.com\/it-it\/wp-json\/wp\/v2\/types\/post"}],"author":[{"embeddable":true,"href":"https:\/\/www.omni-biotic.com\/it-it\/wp-json\/wp\/v2\/users\/15"}],"replies":[{"embeddable":true,"href":"https:\/\/www.omni-biotic.com\/it-it\/wp-json\/wp\/v2\/comments?post=26253"}],"version-history":[{"count":7,"href":"https:\/\/www.omni-biotic.com\/it-it\/wp-json\/wp\/v2\/posts\/26253\/revisions"}],"predecessor-version":[{"id":36908,"href":"https:\/\/www.omni-biotic.com\/it-it\/wp-json\/wp\/v2\/posts\/26253\/revisions\/36908"}],"wp:featuredmedia":[{"embeddable":true,"href":"https:\/\/www.omni-biotic.com\/it-it\/wp-json\/wp\/v2\/media\/26263"}],"wp:attachment":[{"href":"https:\/\/www.omni-biotic.com\/it-it\/wp-json\/wp\/v2\/media?parent=26253"}],"wp:term":[{"taxonomy":"category","embeddable":true,"href":"https:\/\/www.omni-biotic.com\/it-it\/wp-json\/wp\/v2\/categories?post=26253"},{"taxonomy":"post_tag","embeddable":true,"href":"https:\/\/www.omni-biotic.com\/it-it\/wp-json\/wp\/v2\/tags?post=26253"}],"curies":[{"name":"wp","href":"https:\/\/api.w.org\/{rel}","templated":true}]}}