{"id":35117,"date":"2025-07-30T13:34:20Z","date_gmt":"2025-07-30T11:34:20Z","guid":{"rendered":"https:\/\/www.omni-biotic.com\/it-it\/?p=35117"},"modified":"2025-07-30T13:34:20Z","modified_gmt":"2025-07-30T11:34:20Z","slug":"diabete-zverev-tennis","status":"publish","type":"post","link":"https:\/\/www.omni-biotic.com\/it-it\/blog\/diabete-zverev-tennis\/","title":{"rendered":"Diabete e Sport: scendiamo in campo con Alexander Zverev"},"content":{"rendered":"\t\t<div data-elementor-type=\"wp-post\" data-elementor-id=\"35117\" class=\"elementor elementor-35117\" data-elementor-post-type=\"post\">\n\t\t\t\t<div class=\"elementor-element elementor-element-4e23933 obcs none e-flex e-con-boxed e-con e-parent\" data-id=\"4e23933\" data-element_type=\"container\">\n\t\t\t\t\t<div class=\"e-con-inner\">\n\t\t\t\t<div class=\"elementor-element elementor-element-65ea103 elementor-widget elementor-widget-image\" data-id=\"65ea103\" data-element_type=\"widget\" data-widget_type=\"image.default\">\n\t\t\t\t<div class=\"elementor-widget-container\">\n\t\t\t\t\t\t\t\t\t\t\t\t\t\t\t<img fetchpriority=\"high\" decoding=\"async\" width=\"700\" height=\"500\" src=\"https:\/\/www.omni-biotic.com\/it-it\/wp-content\/uploads\/sites\/5\/2025\/07\/zverev-perfect-match-aufschlag-gegen-diabetes.jpg\" class=\"attachment-large size-large wp-image-35119\" alt=\"zverev-tennis-diabete\" srcset=\"https:\/\/www.omni-biotic.com\/it-it\/wp-content\/uploads\/sites\/5\/2025\/07\/zverev-perfect-match-aufschlag-gegen-diabetes.jpg 700w, https:\/\/www.omni-biotic.com\/it-it\/wp-content\/uploads\/sites\/5\/2025\/07\/zverev-perfect-match-aufschlag-gegen-diabetes-300x214.jpg 300w\" sizes=\"(max-width: 700px) 100vw, 700px\" \/>\t\t\t\t\t\t\t\t\t\t\t\t\t\t\t<\/div>\n\t\t\t\t<\/div>\n\t\t\t\t<div class=\"elementor-element elementor-element-b21fdb3 elementor-widget elementor-widget-text-editor\" data-id=\"b21fdb3\" data-element_type=\"widget\" data-widget_type=\"text-editor.default\">\n\t\t\t\t<div class=\"elementor-widget-container\">\n\t\t\t\t\t\t\t\t\t<p>Alexander &#8220;Sascha&#8221; Zverev \u00e8 uno dei <strong>protagonisti assoluti<\/strong> del <strong>tennis <\/strong>mondiale\u00a0\u2013 <strong>campione olimpionico<\/strong>, due volte vincitore delle <strong>ATP Finals<\/strong> e presenza fissa ai vertici delle classifiche internazionali. Ma dietro i successi sportivi si cela una sfida personale che molti fan hanno scoperto solo di recente: Zverev convive fin da bambino con il diabete di tipo 1. La diagnosi \u00e8 arrivata quando aveva appena quattro anni, ma solo nel 2022 il tennista tedesco ha scelto di condividere pubblicamente la sua storia, diventando un simbolo di forza e ispirazione per chi affronta questa malattia cronica.<\/p><p>&#8220;Da bambino non mi preoccupavo troppo del diabete, ma con il passare degli anni le preoccupazioni sono aumentate. \u00c8 una malattia che mi ha accompagnato per tutta la vita. Oggi, dopo tanti anni e con i miei successi alle spalle, mi sento pi\u00f9 sereno nel parlarne apertamente.&#8221;<\/p>\t\t\t\t\t\t\t\t<\/div>\n\t\t\t\t<\/div>\n\t\t\t\t\t<\/div>\n\t\t\t\t<\/div>\n\t\t<div class=\"elementor-element elementor-element-2012dfa obcs none e-flex e-con-boxed e-con e-parent\" data-id=\"2012dfa\" data-element_type=\"container\">\n\t\t\t\t\t<div class=\"e-con-inner\">\n\t\t\t\t<div class=\"elementor-element elementor-element-cf2d5f5 elementor-widget elementor-widget-heading\" data-id=\"cf2d5f5\" data-element_type=\"widget\" data-widget_type=\"heading.default\">\n\t\t\t\t<div class=\"elementor-widget-container\">\n\t\t\t\t\t<h2 class=\"elementor-heading-title elementor-size-default\">Una speranza per i bambini con il diabete<\/h2>\t\t\t\t<\/div>\n\t\t\t\t<\/div>\n\t\t\t\t<div class=\"elementor-element elementor-element-c6b8445 elementor-widget elementor-widget-text-editor\" data-id=\"c6b8445\" data-element_type=\"widget\" data-widget_type=\"text-editor.default\">\n\t\t\t\t<div class=\"elementor-widget-container\">\n\t\t\t\t\t\t\t\t\t<p>Zverev ha cos\u00ec annunciato la nascita della <strong>Alexander Zverev Foundation<\/strong> \u2013 \u201cAufschlag gegen Diabetes\u201d (\u201cServizio contro il diabete\u201d). Attraverso questa iniziativa, il campione di tennis vuole offrire supporto concreto ad altre persone affette da diabete, con un\u2019attenzione particolare verso bambini e adolescenti. \u201cHo una posizione privilegiata, posso vivere la vita che ho sempre sognato ma sono consapevole che non tutti i <strong>bambini<\/strong> hanno avuto la mia stessa fortuna. Per questo voglio <strong>restituire qualcosa<\/strong> e accompagnare altre persone colpite dal diabete nel loro percorso,\u201d afferma Zverev con grande sensibilit\u00e0.<\/p><p>La Alexander Zverev Foundation \u00e8 attivamente impegnata in diversi progetti dedicati ai giovani pazienti con <strong>diabete<\/strong>, con l\u2019obiettivo di sostenerli non solo dal punto di vista <strong>medico<\/strong>, ma anche <strong>umano<\/strong>. Al centro delle attivit\u00e0 della fondazione ci sono lo sviluppo della personalit\u00e0, il potenziamento delle competenze sportive e la promozione di uno stile di vita sano e attivo.<\/p><p>Oltre a portare avanti i propri progetti, la fondazione sostiene anche altre organizzazioni e iniziative che offrono un aiuto concreto a chi affronta ogni giorno le sfide del diabete.<\/p>\t\t\t\t\t\t\t\t<\/div>\n\t\t\t\t<\/div>\n\t\t\t\t\t<\/div>\n\t\t\t\t<\/div>\n\t\t<div class=\"elementor-element elementor-element-5ab21f1 obcs none e-flex e-con-boxed e-con e-parent\" data-id=\"5ab21f1\" data-element_type=\"container\">\n\t\t\t\t\t<div class=\"e-con-inner\">\n\t\t\t\t<div class=\"elementor-element elementor-element-d132153 elementor-widget elementor-widget-heading\" data-id=\"d132153\" data-element_type=\"widget\" data-widget_type=\"heading.default\">\n\t\t\t\t<div class=\"elementor-widget-container\">\n\t\t\t\t\t<h2 class=\"elementor-heading-title elementor-size-default\">A perfect Match: la cooperazione con OMNi-BiOTiC\u00ae<\/h2>\t\t\t\t<\/div>\n\t\t\t\t<\/div>\n\t\t\t\t<div class=\"elementor-element elementor-element-e61264d elementor-widget elementor-widget-text-editor\" data-id=\"e61264d\" data-element_type=\"widget\" data-widget_type=\"text-editor.default\">\n\t\t\t\t<div class=\"elementor-widget-container\">\n\t\t\t\t\t\t\t\t\t<p>Quando l\u2019impegno personale incontra valori profondi, nascono collaborazioni davvero speciali. \u00c8 questo il caso del legame che <strong>unisce<\/strong> Alexander \u201cSascha\u201d\u00a0Zverev e l\u2019<strong><a href=\"https:\/\/www.omni-biotic.com\/it-it\/chi-siamo\/institut-allergosan\/\">Institut AllergoSan<\/a><\/strong>. Il campione tedesco e l\u2019azienda austriaca condividono lo stesso obiettivo: aiutare le persone a vivere una vita sana e attiva. Una combinazione perfetta, che si concretizza in un <strong>progetto dedicato a bambini e ragazzi affetti da diabete<\/strong>: \u201cSiamo molto onorati di avere Alexander Zverev al nostro fianco come partner, poich\u00e9 anche lui ha scelto di trasformare una sfida personale in un messaggio di speranza. Il suo impegno \u00e8 rivolto ad aiutare bambini e giovani con diabete, e questo \u00e8 anche il nostro intento: aiutare questi piccoli coraggiosi nel loro percorso, dando loro forza e fiducia nella vita. Per me, questo \u00e8 un impegno di grande valore\u201d spiega con entusiasmo la <strong><a href=\"https:\/\/www.omni-biotic.com\/it-it\/chi-siamo\/institut-allergosan\/anita-frauwallner\/\">Prof.ssa Anita Frauwallner<\/a><\/strong>. Sia il campione tedesco che la prof.ssa Frauwallner, <strong>fondatrice e CEO dell\u2019Institut AllergoSan,<\/strong> hanno trasformato un dolore personale in una forza motrice, scegliendo di reagire alla tragedia con impegno e generosit\u00e0, creando soluzioni concrete per offrire aiutino a chi ne ha bisogno.<\/p><p>\u201cCi\u00f2 che mi colpisce particolarmente di Alexander Zverev, \u00e8 la sua apertura nel parlare della sua malattia. Affronta il suo percorso con una <strong>forza straordinaria<\/strong> e dimostra che vivere con una <strong>malattia cronica<\/strong> come il diabete <strong>non deve per forza essere un ostacolo<\/strong> nel raggiungimento di <strong>traguardi eccezionali<\/strong>. Proprio per questo, Zverev rappresenta un esempio importante, soprattutto per i giovani\u201d spiega la prof.ssa Frauwallner da oltre 30 anni si impegna con passione e coraggio imprenditoriale per raggiungere un obiettivo preciso: investire costantemente nella ricerca, offrendo ai clienti prodotti formulati con ingredienti naturali, i cui effetti sono comprovati da numerosi <strong>studi scientifici<\/strong>.<\/p><p>L&#8217;Institut AllergoSan, azienda a conduzione familiare con sede a Graz (Austria), si \u00e8 affermata come punto di riferimento nella <strong><a href=\"https:\/\/www.omni-biotic.com\/it-it\/chi-siamo\/institut-allergosan\/ricerca-e-sviluppo\/\">ricerca<\/a><\/strong> sul microbioma, operando seguendo i pi\u00f9 alti standard qualitativi e senza mai scendere a compromessi. Oggi aiuta persone in tutto il mondo a migliorare la propria salute e il proprio stile di vita. Sostenendo la fondazione di Zverev, l\u2019Institut AllergoSan fa un ulteriore passo importante nel sostenere il benessere seguendo un <strong>approccio olistico<\/strong> e scientificamente fondato.<\/p>\t\t\t\t\t\t\t\t<\/div>\n\t\t\t\t<\/div>\n\t\t\t\t\t<\/div>\n\t\t\t\t<\/div>\n\t\t<div class=\"elementor-element elementor-element-faf3ddb obcs none e-flex e-con-boxed e-con e-parent\" data-id=\"faf3ddb\" data-element_type=\"container\">\n\t\t\t\t\t<div class=\"e-con-inner\">\n\t\t\t\t<div class=\"elementor-element elementor-element-3ce09a0 elementor-widget elementor-widget-heading\" data-id=\"3ce09a0\" data-element_type=\"widget\" data-widget_type=\"heading.default\">\n\t\t\t\t<div class=\"elementor-widget-container\">\n\t\t\t\t\t<h2 class=\"elementor-heading-title elementor-size-default\">Institut AllergoSan: la forza della ricerca<\/h2>\t\t\t\t<\/div>\n\t\t\t\t<\/div>\n\t\t\t\t<div class=\"elementor-element elementor-element-0133eb8 elementor-widget elementor-widget-text-editor\" data-id=\"0133eb8\" data-element_type=\"widget\" data-widget_type=\"text-editor.default\">\n\t\t\t\t<div class=\"elementor-widget-container\">\n\t\t\t\t\t\t\t\t\t<p>Il lavoro di squadra con Alexander Zverev e la sua fondazione mette in luce il grande impegno dell\u2019Institut AllergoSan in ambito medico e sociale. L\u2019Istituto persegue una visione ancora pi\u00f9 ampia: da oltre 30 anni, al centro della sua missione c\u2019\u00e8 l\u2019obiettivo di promuovere in modo sostenibile il <strong>benessere di tutti<\/strong>, basandosi su una <strong>solida ricerca scientifica<\/strong> nel campo del <strong><a href=\"https:\/\/www.omni-biotic.com\/it-it\/la-salute-dellintestino\/intestino-e-salute\/microbioma\/\">microbioma<\/a><\/strong>.<\/p>\t\t\t\t\t\t\t\t<\/div>\n\t\t\t\t<\/div>\n\t\t\t\t\t<\/div>\n\t\t\t\t<\/div>\n\t\t<div class=\"elementor-element elementor-element-8fa1afb obcs none e-flex e-con-boxed e-con e-parent\" data-id=\"8fa1afb\" data-element_type=\"container\">\n\t\t\t\t\t<div class=\"e-con-inner\">\n\t\t\t\t<div class=\"elementor-element elementor-element-d3e67a1 elementor-widget elementor-widget-heading\" data-id=\"d3e67a1\" data-element_type=\"widget\" data-widget_type=\"heading.default\">\n\t\t\t\t<div class=\"elementor-widget-container\">\n\t\t\t\t\t<h2 class=\"elementor-heading-title elementor-size-default\">Insieme per un futuro pi\u00f9 sano per tutti<\/h2>\t\t\t\t<\/div>\n\t\t\t\t<\/div>\n\t\t\t\t<div class=\"elementor-element elementor-element-06f84eb elementor-widget elementor-widget-text-editor\" data-id=\"06f84eb\" data-element_type=\"widget\" data-widget_type=\"text-editor.default\">\n\t\t\t\t<div class=\"elementor-widget-container\">\n\t\t\t\t\t\t\t\t\t<p>La solida <strong>collaborazione<\/strong> tra <a href=\"https:\/\/www.omni-biotic.com\/it-it\/chi-siamo\/che-cose-omni-biotic\/\"><strong>OMNi-BiOTiC\u00ae<\/strong><\/a> e la <strong>Alexander Zverev Foundation<\/strong> dimostra come la ricerca scientifica efficace e l\u2019impegno sociale possano andare di pari passo, rafforzandosi a vicenda. Insieme lanciano un messaggio potente per promuovere un approccio pi\u00f9 aperto e consapevole alle <strong>sfide fisiche<\/strong>, offrendo, allo stesso tempo, nuove prospettive a bambini e ragazzi. Grazie ai risultati della ricerca sul microbioma e alla forza ispiratrice del tennis, nasce cos\u00ec un legame significativo che non si limita a <strong>diffondere conoscenze<\/strong>, ma apre la strada a <strong>cambiamenti concreti<\/strong> e duraturi.<\/p>\t\t\t\t\t\t\t\t<\/div>\n\t\t\t\t<\/div>\n\t\t\t\t\t<\/div>\n\t\t\t\t<\/div>\n\t\t<div class=\"elementor-element elementor-element-321aa16 obcs none e-flex e-con-boxed e-con e-parent\" data-id=\"321aa16\" data-element_type=\"container\">\n\t\t\t\t\t<div class=\"e-con-inner\">\n\t\t\t\t<div class=\"elementor-element elementor-element-d73770c elementor-widget elementor-widget-heading\" data-id=\"d73770c\" data-element_type=\"widget\" data-widget_type=\"heading.default\">\n\t\t\t\t<div class=\"elementor-widget-container\">\n\t\t\t\t\t<span class=\"elementor-heading-title elementor-size-default\">Il diabete in sintesi<\/span>\t\t\t\t<\/div>\n\t\t\t\t<\/div>\n\t\t\t\t<div class=\"elementor-element elementor-element-6e57a91 elementor-widget elementor-widget-text-editor\" data-id=\"6e57a91\" data-element_type=\"widget\" data-widget_type=\"text-editor.default\">\n\t\t\t\t<div class=\"elementor-widget-container\">\n\t\t\t\t\t\t\t\t\t<p><strong>Malattia cronica del metabolismo<\/strong> \u2013 il diabete \u00e8 una malattia caratterizzata da un aumento persistente dei livelli di zucchero nel sangue, dovuto a una carenza o resistenza all\u2019insulina. Se non trattato, pu\u00f2 portare a gravi complicazioni.<\/p>\t\t\t\t\t\t\t\t<\/div>\n\t\t\t\t<\/div>\n\t\t\t\t<div class=\"elementor-element elementor-element-73aea79 elementor-widget elementor-widget-text-editor\" data-id=\"73aea79\" data-element_type=\"widget\" data-widget_type=\"text-editor.default\">\n\t\t\t\t<div class=\"elementor-widget-container\">\n\t\t\t\t\t\t\t\t\t<p>In <strong>Austria<\/strong>, secondo la Societ\u00e0 Austriaca del Diabete (\u00d6DG), attualmente circa <strong>800.000<\/strong> persone convivono con il diabete, e il numero di <strong>giovani<\/strong> colpiti da questa malattia \u00e8 in costante aumento.<\/p>\t\t\t\t\t\t\t\t<\/div>\n\t\t\t\t<\/div>\n\t\t\t\t<div class=\"elementor-element elementor-element-49a124a elementor-widget elementor-widget-text-editor\" data-id=\"49a124a\" data-element_type=\"widget\" data-widget_type=\"text-editor.default\">\n\t\t\t\t<div class=\"elementor-widget-container\">\n\t\t\t\t\t\t\t\t\t<p>In <strong>Germania<\/strong> ci sono almeno <strong>9,1 milioni<\/strong> di persone con <strong>diabete di tipo 2<\/strong>. Altri 32.000 bambini e giovani, insieme a <strong>340.000 adulti<\/strong>, sono affetti da <strong>diabete di tipo 1<\/strong>. Inoltre, si stima che circa 2 milioni di persone abbiano un diabete non ancora diagnosticato. Questi dati provengono dalla Societ\u00e0 Tedesca del Diabete (DDG).<\/p>\t\t\t\t\t\t\t\t<\/div>\n\t\t\t\t<\/div>\n\t\t\t\t<div class=\"elementor-element elementor-element-5dc5a5a elementor-widget elementor-widget-text-editor\" data-id=\"5dc5a5a\" data-element_type=\"widget\" data-widget_type=\"text-editor.default\">\n\t\t\t\t<div class=\"elementor-widget-container\">\n\t\t\t\t\t\t\t\t\t<p>In <b>Italia\u00a0<\/b>ci sono oltre <b>4<\/b><strong>\u00a0milioni<\/strong> di persone affette da <strong>diabete. <\/strong>Si prevede che il numero di persone sia destinato a salire a 5 milioni entro il <strong>2030<\/strong>. Anche in Italia, il diabete di tipo 2 \u00e8 sempre pi\u00f9 diffuso tra i bambini e i giovani. Questi dati provengono dalla Societ\u00e0 Italiana di Diabetologia (SID).<\/p>\t\t\t\t\t\t\t\t<\/div>\n\t\t\t\t<\/div>\n\t\t\t\t<div class=\"elementor-element elementor-element-67b0f6b elementor-icon-list--layout-traditional elementor-list-item-link-full_width elementor-widget elementor-widget-icon-list\" data-id=\"67b0f6b\" data-element_type=\"widget\" data-widget_type=\"icon-list.default\">\n\t\t\t\t<div class=\"elementor-widget-container\">\n\t\t\t\t\t\t\t<ul class=\"elementor-icon-list-items\">\n\t\t\t\t\t\t\t<li class=\"elementor-icon-list-item\">\n\t\t\t\t\t\t\t\t\t\t\t<span class=\"elementor-icon-list-icon\">\n\t\t\t\t\t\t\t<i aria-hidden=\"true\" class=\"fas fa-hand-holding-medical\"><\/i>\t\t\t\t\t\t<\/span>\n\t\t\t\t\t\t\t\t\t\t<span class=\"elementor-icon-list-text\">Diabete di tipo 1<\/span>\n\t\t\t\t\t\t\t\t\t<\/li>\n\t\t\t\t\t\t<\/ul>\n\t\t\t\t\t\t<\/div>\n\t\t\t\t<\/div>\n\t\t\t\t<div class=\"elementor-element elementor-element-b0e1973 elementor-widget elementor-widget-text-editor\" data-id=\"b0e1973\" data-element_type=\"widget\" data-widget_type=\"text-editor.default\">\n\t\t\t\t<div class=\"elementor-widget-container\">\n\t\t\t\t\t\t\t\t\t<ul><li>Inizia solitamente nell&#8217;infanzia o nell&#8217;adolescenza.<\/li><li>Carenza assoluta di insulina \u2013 non guaribile.<\/li><li>Le persone colpite (come ad esempio Alexander Zverev) devono iniettarsi insulina per tutta la vita.<\/li><\/ul>\t\t\t\t\t\t\t\t<\/div>\n\t\t\t\t<\/div>\n\t\t\t\t<div class=\"elementor-element elementor-element-b79602c elementor-icon-list--layout-traditional elementor-list-item-link-full_width elementor-widget elementor-widget-icon-list\" data-id=\"b79602c\" data-element_type=\"widget\" data-widget_type=\"icon-list.default\">\n\t\t\t\t<div class=\"elementor-widget-container\">\n\t\t\t\t\t\t\t<ul class=\"elementor-icon-list-items\">\n\t\t\t\t\t\t\t<li class=\"elementor-icon-list-item\">\n\t\t\t\t\t\t\t\t\t\t\t<span class=\"elementor-icon-list-icon\">\n\t\t\t\t\t\t\t<i aria-hidden=\"true\" class=\"fas fa-hand-holding-medical\"><\/i>\t\t\t\t\t\t<\/span>\n\t\t\t\t\t\t\t\t\t\t<span class=\"elementor-icon-list-text\">Diabete di tipo 2<\/span>\n\t\t\t\t\t\t\t\t\t<\/li>\n\t\t\t\t\t\t<\/ul>\n\t\t\t\t\t\t<\/div>\n\t\t\t\t<\/div>\n\t\t\t\t<div class=\"elementor-element elementor-element-2809965 elementor-widget elementor-widget-text-editor\" data-id=\"2809965\" data-element_type=\"widget\" data-widget_type=\"text-editor.default\">\n\t\t\t\t<div class=\"elementor-widget-container\">\n\t\t\t\t\t\t\t\t\t<ul><li>Forma pi\u00f9 comune (90\u201395 % dei casi).<\/li><li><span style=\"text-decoration: underline\">Cause<\/span>: sovrappeso, vita sedentaria, alimentazione scorretta.<\/li><li><span style=\"text-decoration: underline\">Terapia<\/span>: modifica dello stile di vita \u2013 se queste misure non bastassero bisogna intervenire con medicine e\/o insulina.<\/li><\/ul>\t\t\t\t\t\t\t\t<\/div>\n\t\t\t\t<\/div>\n\t\t\t\t\t<\/div>\n\t\t\t\t<\/div>\n\t\t\t\t<\/div>\n\t\t","protected":false},"excerpt":{"rendered":"<p>Il diabete \u00e8 una delle malattie pi\u00f9 diffuse al mondo e colpisce un numero sempre maggiore di persone \u2013 eppure resta spesso un argomento tab\u00f9. Il campione di tennis Alexander Zverev dimostra con forza che un altro approccio \u00e8 possibile: con trasparenza, impegno e la sua storia personale, si batte per una maggiore sensibilizzazione e per una gestione del diabete pi\u00f9 consapevole. L\u2019Institut AllergoSan segue il suo esempio e sostiene la Alexander Zverev Foundation con una straordinaria iniziativa solidale!<\/p>\n","protected":false},"author":45,"featured_media":35119,"comment_status":"closed","ping_status":"closed","sticky":false,"template":"","format":"standard","meta":{"_acf_changed":false,"inline_featured_image":false,"footnotes":""},"categories":[109,107],"tags":[],"class_list":["post-35117","post","type-post","status-publish","format-standard","has-post-thumbnail","hentry","category-institut-allergosan","category-disturbi-e-consigli"],"acf":[],"rank_math":{"og:title":"Diabete e Sport: scendiamo in campo con Alexander Zverev - OMNi-BiOTiC\u00ae","og:desc":"Il diabete \u00e8 una delle malattie pi\u00f9 diffuse al mondo e colpisce un numero sempre maggiore di persone \u2013 eppure resta spesso un argomento tab\u00f9. Il campione di tennis Alexander Zverev dimostra con forza che un altro approccio \u00e8 possibile: con trasparenza, impegno e la sua storia personale, si batte per una maggiore sensibilizzazione e per una gestione del diabete pi\u00f9 consapevole. L\u2019Institut AllergoSan segue il suo esempio e sostiene la Alexander Zverev Foundation con una straordinaria iniziativa solidale!","og:url":"https:\/\/www.omni-biotic.com\/it-it\/blog\/diabete-zverev-tennis\/","og:locale":"it_IT","og:image":"https:\/\/www.omni-biotic.com\/it-it\/wp-content\/uploads\/sites\/5\/2025\/07\/zverev-perfect-match-aufschlag-gegen-diabetes.jpg","og:image:width":"700","og:image:height":"500"},"additional_data":{"thumbnail":"https:\/\/www.omni-biotic.com\/it-it\/wp-content\/uploads\/sites\/5\/2025\/07\/zverev-perfect-match-aufschlag-gegen-diabetes.jpg"},"blog_info":{"country":"it-it"},"_links":{"self":[{"href":"https:\/\/www.omni-biotic.com\/it-it\/wp-json\/wp\/v2\/posts\/35117","targetHints":{"allow":["GET"]}}],"collection":[{"href":"https:\/\/www.omni-biotic.com\/it-it\/wp-json\/wp\/v2\/posts"}],"about":[{"href":"https:\/\/www.omni-biotic.com\/it-it\/wp-json\/wp\/v2\/types\/post"}],"author":[{"embeddable":true,"href":"https:\/\/www.omni-biotic.com\/it-it\/wp-json\/wp\/v2\/users\/45"}],"replies":[{"embeddable":true,"href":"https:\/\/www.omni-biotic.com\/it-it\/wp-json\/wp\/v2\/comments?post=35117"}],"version-history":[{"count":7,"href":"https:\/\/www.omni-biotic.com\/it-it\/wp-json\/wp\/v2\/posts\/35117\/revisions"}],"predecessor-version":[{"id":35186,"href":"https:\/\/www.omni-biotic.com\/it-it\/wp-json\/wp\/v2\/posts\/35117\/revisions\/35186"}],"wp:featuredmedia":[{"embeddable":true,"href":"https:\/\/www.omni-biotic.com\/it-it\/wp-json\/wp\/v2\/media\/35119"}],"wp:attachment":[{"href":"https:\/\/www.omni-biotic.com\/it-it\/wp-json\/wp\/v2\/media?parent=35117"}],"wp:term":[{"taxonomy":"category","embeddable":true,"href":"https:\/\/www.omni-biotic.com\/it-it\/wp-json\/wp\/v2\/categories?post=35117"},{"taxonomy":"post_tag","embeddable":true,"href":"https:\/\/www.omni-biotic.com\/it-it\/wp-json\/wp\/v2\/tags?post=35117"}],"curies":[{"name":"wp","href":"https:\/\/api.w.org\/{rel}","templated":true}]}}