{"id":37132,"date":"2025-11-12T14:34:27Z","date_gmt":"2025-11-12T13:34:27Z","guid":{"rendered":"https:\/\/www.omni-biotic.com\/it-it\/?p=37132"},"modified":"2025-11-24T09:57:54Z","modified_gmt":"2025-11-24T08:57:54Z","slug":"asse-intestino-cervello-come-funziona","status":"publish","type":"post","link":"https:\/\/www.omni-biotic.com\/it-it\/blog\/asse-intestino-cervello-come-funziona\/","title":{"rendered":"Asse intestino-cervello: capiamo insieme come funziona"},"content":{"rendered":"\t\t<div data-elementor-type=\"wp-post\" data-elementor-id=\"37132\" class=\"elementor elementor-37132\" data-elementor-post-type=\"post\">\n\t\t\t\t<div class=\"elementor-element elementor-element-9a8447b obcs none e-flex e-con-boxed e-con e-parent\" data-id=\"9a8447b\" data-element_type=\"container\">\n\t\t\t\t\t<div class=\"e-con-inner\">\n\t\t<div class=\"elementor-element elementor-element-8c1c992 e-con-full obcs none e-flex e-con e-child\" data-id=\"8c1c992\" data-element_type=\"container\">\n\t\t\t\t<div class=\"elementor-element elementor-element-5834a84 elementor-widget__width-initial elementor-widget elementor-widget-image\" data-id=\"5834a84\" data-element_type=\"widget\" data-widget_type=\"image.default\">\n\t\t\t\t<div class=\"elementor-widget-container\">\n\t\t\t\t\t\t\t\t\t\t\t\t\t\t\t<img decoding=\"async\" width=\"150\" height=\"150\" src=\"https:\/\/www.omni-biotic.com\/it-it\/wp-content\/uploads\/sites\/5\/2024\/02\/mag.-anita-frauwallner-150x150.jpg\" class=\"attachment-thumbnail size-thumbnail wp-image-23711\" alt=\"anita-frauwallner\" \/>\t\t\t\t\t\t\t\t\t\t\t\t\t\t\t<\/div>\n\t\t\t\t<\/div>\n\t\t\t\t<\/div>\n\t\t<div class=\"elementor-element elementor-element-bec6c75 e-con-full obcs none e-flex e-con e-child\" data-id=\"bec6c75\" data-element_type=\"container\">\n\t\t\t\t<div class=\"elementor-element elementor-element-6725181 elementor-widget elementor-widget-text-editor\" data-id=\"6725181\" data-element_type=\"widget\" data-widget_type=\"text-editor.default\">\n\t\t\t\t<div class=\"elementor-widget-container\">\n\t\t\t\t\t\t\t\t\t<p><i><strong>Prof.ssa Frauwallner<\/strong>: <\/i><em>per molto tempo l\u2019intestino \u00e8 stato considerato soltanto un semplice tubo digerente, privo di altre funzioni significative. Oggi sappiamo che si tratta di una visione estremamente riduttiva.<\/em><br \/><em>Questo organo, infatti, non solo gestisce le circa 30 tonnellate di alimenti che attraversano il nostro corpo durante la vita, ma contribuisce anche in modo decisivo alla difesa contro numerose malattie. Lei ha analizzato i collegamenti nervosi che uniscono intestino e cervello. Mi permetta allora una domanda: che cos\u2019\u00e8 esattamente l\u2019asse intestino-cervello e in che modo influisce sulla salute e sul comportamento umano?<\/em><\/p>\t\t\t\t\t\t\t\t<\/div>\n\t\t\t\t<\/div>\n\t\t\t\t<\/div>\n\t\t\t\t\t<\/div>\n\t\t\t\t<\/div>\n\t\t<div class=\"elementor-element elementor-element-2af32f8 obcs none e-flex e-con-boxed e-con e-parent\" data-id=\"2af32f8\" data-element_type=\"container\">\n\t\t\t\t\t<div class=\"e-con-inner\">\n\t\t<div class=\"elementor-element elementor-element-e785888 e-con-full obcs none e-flex e-con e-child\" data-id=\"e785888\" data-element_type=\"container\">\n\t\t\t\t<div class=\"elementor-element elementor-element-6343b55 elementor-widget__width-initial elementor-widget elementor-widget-image\" data-id=\"6343b55\" data-element_type=\"widget\" data-widget_type=\"image.default\">\n\t\t\t\t<div class=\"elementor-widget-container\">\n\t\t\t\t\t\t\t\t\t\t\t\t\t\t\t<img decoding=\"async\" width=\"150\" height=\"150\" src=\"https:\/\/www.omni-biotic.com\/it-it\/wp-content\/uploads\/sites\/5\/2025\/11\/holzer-2-218x300-1-150x150.jpg\" class=\"attachment-thumbnail size-thumbnail wp-image-37134\" alt=\"\" \/>\t\t\t\t\t\t\t\t\t\t\t\t\t\t\t<\/div>\n\t\t\t\t<\/div>\n\t\t\t\t<\/div>\n\t\t<div class=\"elementor-element elementor-element-469dc98 e-con-full obcs none e-flex e-con e-child\" data-id=\"469dc98\" data-element_type=\"container\">\n\t\t\t\t<div class=\"elementor-element elementor-element-1cef5c7 elementor-widget elementor-widget-text-editor\" data-id=\"1cef5c7\" data-element_type=\"widget\" data-widget_type=\"text-editor.default\">\n\t\t\t\t<div class=\"elementor-widget-container\">\n\t\t\t\t\t\t\t\t\t<p><i><b>Prof. Holzer: <\/b><\/i>con il termine asse intestino-cervello si descrive la complessa rete di comunicazione bidirezionale che collega il sistema nervoso centrale all\u2019apparato digerente.<br data-start=\"2045\" data-end=\"2048\" \/>Entrambi gli organi sono essenziali per la vita, e il loro equilibrio reciproco \u00e8 fondamentale affinch\u00e9 il corpo e la mente possano funzionare in modo armonioso. Un\u2019alterazione a livello intestinale pu\u00f2 ripercuotersi sul cervello e viceversa. Per comprendere il meccanismo dell\u2019asse intestino-cervello, occorre considerare le vie di comunicazione bidirezionali che li connettono, costituite da sistemi nervosi, segnali ormonali, mediatori immunitari e metaboliti microbici.<\/p>\t\t\t\t\t\t\t\t<\/div>\n\t\t\t\t<\/div>\n\t\t\t\t<\/div>\n\t\t\t\t\t<\/div>\n\t\t\t\t<\/div>\n\t\t<div class=\"elementor-element elementor-element-37b86c7 obcs none e-flex e-con-boxed e-con e-parent\" data-id=\"37b86c7\" data-element_type=\"container\">\n\t\t\t\t\t<div class=\"e-con-inner\">\n\t\t<div class=\"elementor-element elementor-element-6913835 e-con-full obcs none e-flex e-con e-child\" data-id=\"6913835\" data-element_type=\"container\">\n\t\t\t\t<div class=\"elementor-element elementor-element-afe63be elementor-widget__width-initial elementor-widget elementor-widget-image\" data-id=\"afe63be\" data-element_type=\"widget\" data-widget_type=\"image.default\">\n\t\t\t\t<div class=\"elementor-widget-container\">\n\t\t\t\t\t\t\t\t\t\t\t\t\t\t\t<img decoding=\"async\" width=\"150\" height=\"150\" src=\"https:\/\/www.omni-biotic.com\/it-it\/wp-content\/uploads\/sites\/5\/2023\/06\/mag.-anita-frauwallner-150x150.jpg\" class=\"attachment-thumbnail size-thumbnail wp-image-17596\" alt=\"\" \/>\t\t\t\t\t\t\t\t\t\t\t\t\t\t\t<\/div>\n\t\t\t\t<\/div>\n\t\t\t\t<\/div>\n\t\t<div class=\"elementor-element elementor-element-1887f1b e-con-full obcs none e-flex e-con e-child\" data-id=\"1887f1b\" data-element_type=\"container\">\n\t\t\t\t<div class=\"elementor-element elementor-element-a4afc42 elementor-widget elementor-widget-text-editor\" data-id=\"a4afc42\" data-element_type=\"widget\" data-widget_type=\"text-editor.default\">\n\t\t\t\t<div class=\"elementor-widget-container\">\n\t\t\t\t\t\t\t\t\t<p><i><span class=\"text-primary\"><strong>Prof.ssa Frauwallner<\/strong>: <\/span><\/i><span class=\"text-primary\">i<\/span>l cosiddetto \u201ccervello intestinale\u201d non \u00e8 in grado di pensare nel senso stretto del termine, ma utilizza gli stessi neurotrasmettitori del cervello centrale, influenzando cos\u00ec ci\u00f2 che proviamo e come pensiamo. Si sente spesso dire che lo stress riduce le prestazioni cognitive e che esistono prove scientifiche a riguardo. \u00c8 davvero cos\u00ec? Esistono effettivamente evidenze che lo dimostrano?<\/p>\t\t\t\t\t\t\t\t<\/div>\n\t\t\t\t<\/div>\n\t\t\t\t<\/div>\n\t\t\t\t\t<\/div>\n\t\t\t\t<\/div>\n\t\t<div class=\"elementor-element elementor-element-2bda4a9 obcs none e-flex e-con-boxed e-con e-parent\" data-id=\"2bda4a9\" data-element_type=\"container\">\n\t\t\t\t\t<div class=\"e-con-inner\">\n\t\t<div class=\"elementor-element elementor-element-bcee34b e-con-full obcs none e-flex e-con e-child\" data-id=\"bcee34b\" data-element_type=\"container\">\n\t\t\t\t<div class=\"elementor-element elementor-element-646a43e elementor-widget__width-initial elementor-widget elementor-widget-image\" data-id=\"646a43e\" data-element_type=\"widget\" data-widget_type=\"image.default\">\n\t\t\t\t<div class=\"elementor-widget-container\">\n\t\t\t\t\t\t\t\t\t\t\t\t\t\t\t<img decoding=\"async\" width=\"150\" height=\"150\" src=\"https:\/\/www.omni-biotic.com\/it-it\/wp-content\/uploads\/sites\/5\/2025\/11\/holzer-2-218x300-1-150x150.jpg\" class=\"attachment-thumbnail size-thumbnail wp-image-37134\" alt=\"\" \/>\t\t\t\t\t\t\t\t\t\t\t\t\t\t\t<\/div>\n\t\t\t\t<\/div>\n\t\t\t\t<\/div>\n\t\t<div class=\"elementor-element elementor-element-4925b52 e-con-full obcs none e-flex e-con e-child\" data-id=\"4925b52\" data-element_type=\"container\">\n\t\t\t\t<div class=\"elementor-element elementor-element-63f6129 elementor-widget elementor-widget-text-editor\" data-id=\"63f6129\" data-element_type=\"widget\" data-widget_type=\"text-editor.default\">\n\t\t\t\t<div class=\"elementor-widget-container\">\n\t\t\t\t\t\t\t\t\t<p><strong>Prof. Holzer<\/strong>: s\u00ec, esistono numerosi dati sperimentali che dimostrano una connessione tra stress, emozioni, umore, apprendimento e memoria. \u00c8 per\u00f2 importante chiarire che cosa intendiamo con \u201cstress\u201d: non tutto lo stress \u00e8 negativo. Una certa dose di stress pu\u00f2 perfino aiutarci a reagire e ad adattarci, ma lo stress cronico, cio\u00e8 quello da cui non possiamo fuggire a causa di situazioni personali o lavorative, pu\u00f2 avere effetti molto dannosi sul cervello e su altri organi \u2014 come cuore, sistema circolatorio e intestino. Lo stress agisce inizialmente sul cervello, che in risposta attiva una reazione fisiologica di adattamento. Tuttavia, quando lo stress persiste nel tempo, questa reazione rimane costantemente attiva e finisce per danneggiare diversi organi, incluso il cervello stesso. Livelli cronicamente elevati di ormoni dello stress, come il cortisolo, influenzano negativamente l\u2019ippocampo, la regione cerebrale responsabile dell\u2019apprendimento e della memoria, e al tempo stesso iperattivano l\u2019amigdala, l\u2019area che regola emozioni e tono dell\u2019umore.<\/p>\t\t\t\t\t\t\t\t<\/div>\n\t\t\t\t<\/div>\n\t\t\t\t<\/div>\n\t\t\t\t\t<\/div>\n\t\t\t\t<\/div>\n\t\t<div class=\"elementor-element elementor-element-09541df obcs none e-flex e-con-boxed e-con e-parent\" data-id=\"09541df\" data-element_type=\"container\">\n\t\t\t\t\t<div class=\"e-con-inner\">\n\t\t<div class=\"elementor-element elementor-element-03e21d1 e-con-full obcs none e-flex e-con e-child\" data-id=\"03e21d1\" data-element_type=\"container\">\n\t\t\t\t<div class=\"elementor-element elementor-element-0e843e0 elementor-widget__width-initial elementor-widget elementor-widget-image\" data-id=\"0e843e0\" data-element_type=\"widget\" data-widget_type=\"image.default\">\n\t\t\t\t<div class=\"elementor-widget-container\">\n\t\t\t\t\t\t\t\t\t\t\t\t\t\t\t<img decoding=\"async\" width=\"150\" height=\"150\" src=\"https:\/\/www.omni-biotic.com\/it-it\/wp-content\/uploads\/sites\/5\/2024\/02\/mag.-anita-frauwallner-150x150.jpg\" class=\"attachment-thumbnail size-thumbnail wp-image-23711\" alt=\"anita-frauwallner\" \/>\t\t\t\t\t\t\t\t\t\t\t\t\t\t\t<\/div>\n\t\t\t\t<\/div>\n\t\t\t\t<\/div>\n\t\t<div class=\"elementor-element elementor-element-db8c91a e-con-full obcs none e-flex e-con e-child\" data-id=\"db8c91a\" data-element_type=\"container\">\n\t\t\t\t<div class=\"elementor-element elementor-element-7f35dd5 elementor-widget elementor-widget-text-editor\" data-id=\"7f35dd5\" data-element_type=\"widget\" data-widget_type=\"text-editor.default\">\n\t\t\t\t<div class=\"elementor-widget-container\">\n\t\t\t\t\t\t\t\t\t<p><em><strong>Prof.ssa Frauwallner<\/strong>: in passato, quando gli esseri umani vivevano ancora nelle caverne, la gestione dello stress era molto pi\u00f9 semplice. Davanti a un pericolo imminente, c\u2019erano solo due possibilit\u00e0: combattere o fuggire \u2014 la classica reazione \u201cfight or flight\u201d. Oggi, invece, la situazione \u00e8 diversa: non possiamo certo abbandonare il posto di lavoro solo perch\u00e9 i clienti sono insistenti o il capo alza la voce. Il risultato \u00e8 che continuiamo a produrre ormoni dello stress in grandi quantit\u00e0, ma non possiamo smaltirli attraverso l\u2019attivit\u00e0 fisica, come facevano i nostri antenati quando il pericolo era reale e immediato.<\/em><\/p>\t\t\t\t\t\t\t\t<\/div>\n\t\t\t\t<\/div>\n\t\t\t\t<\/div>\n\t\t\t\t\t<\/div>\n\t\t\t\t<\/div>\n\t\t<div class=\"elementor-element elementor-element-a8b7783 obcs none e-flex e-con-boxed e-con e-parent\" data-id=\"a8b7783\" data-element_type=\"container\">\n\t\t\t\t\t<div class=\"e-con-inner\">\n\t\t<div class=\"elementor-element elementor-element-df0d490 e-con-full obcs none e-flex e-con e-child\" data-id=\"df0d490\" data-element_type=\"container\">\n\t\t\t\t<div class=\"elementor-element elementor-element-c6d6fb6 elementor-widget__width-initial elementor-widget elementor-widget-image\" data-id=\"c6d6fb6\" data-element_type=\"widget\" data-widget_type=\"image.default\">\n\t\t\t\t<div class=\"elementor-widget-container\">\n\t\t\t\t\t\t\t\t\t\t\t\t\t\t\t<img decoding=\"async\" width=\"150\" height=\"150\" src=\"https:\/\/www.omni-biotic.com\/it-it\/wp-content\/uploads\/sites\/5\/2025\/11\/holzer-2-218x300-1-150x150.jpg\" class=\"attachment-thumbnail size-thumbnail wp-image-37134\" alt=\"\" \/>\t\t\t\t\t\t\t\t\t\t\t\t\t\t\t<\/div>\n\t\t\t\t<\/div>\n\t\t\t\t<\/div>\n\t\t<div class=\"elementor-element elementor-element-a5e67f7 e-con-full obcs none e-flex e-con e-child\" data-id=\"a5e67f7\" data-element_type=\"container\">\n\t\t\t\t<div class=\"elementor-element elementor-element-0f2760d elementor-widget elementor-widget-text-editor\" data-id=\"0f2760d\" data-element_type=\"widget\" data-widget_type=\"text-editor.default\">\n\t\t\t\t<div class=\"elementor-widget-container\">\n\t\t\t\t\t\t\t\t\t<p><strong>Prof. Holzer<\/strong>: sin dai primordi, l\u2019essere umano \u00e8 dotato di un\u2019asse neuroendocrina che consente soltanto due risposte: combattere o fuggire. Oggi, a causa dello stress prolungato, il cortisolo viene prodotto in continuazione, alterando i recettori a cui si lega. Pur essendo un ormone con funzione anti-infiammatoria, in queste condizioni non riesce pi\u00f9 a svolgere correttamente il suo ruolo, e le conseguenze si traducono in diversi problemi di salute.<\/p>\t\t\t\t\t\t\t\t<\/div>\n\t\t\t\t<\/div>\n\t\t\t\t<\/div>\n\t\t\t\t\t<\/div>\n\t\t\t\t<\/div>\n\t\t<div class=\"elementor-element elementor-element-8331d64 obcs none e-flex e-con-boxed e-con e-parent\" data-id=\"8331d64\" data-element_type=\"container\">\n\t\t\t\t\t<div class=\"e-con-inner\">\n\t\t<div class=\"elementor-element elementor-element-a95d3c5 e-con-full obcs none e-flex e-con e-child\" data-id=\"a95d3c5\" data-element_type=\"container\">\n\t\t\t\t<div class=\"elementor-element elementor-element-9663697 elementor-widget__width-initial elementor-widget elementor-widget-image\" data-id=\"9663697\" data-element_type=\"widget\" data-widget_type=\"image.default\">\n\t\t\t\t<div class=\"elementor-widget-container\">\n\t\t\t\t\t\t\t\t\t\t\t\t\t\t\t<img decoding=\"async\" width=\"150\" height=\"150\" src=\"https:\/\/www.omni-biotic.com\/it-it\/wp-content\/uploads\/sites\/5\/2024\/02\/mag.-anita-frauwallner-150x150.jpg\" class=\"attachment-thumbnail size-thumbnail wp-image-23711\" alt=\"anita-frauwallner\" \/>\t\t\t\t\t\t\t\t\t\t\t\t\t\t\t<\/div>\n\t\t\t\t<\/div>\n\t\t\t\t<\/div>\n\t\t<div class=\"elementor-element elementor-element-a36a273 e-con-full obcs none e-flex e-con e-child\" data-id=\"a36a273\" data-element_type=\"container\">\n\t\t\t\t<div class=\"elementor-element elementor-element-45b2d0e elementor-widget elementor-widget-text-editor\" data-id=\"45b2d0e\" data-element_type=\"widget\" data-widget_type=\"text-editor.default\">\n\t\t\t\t<div class=\"elementor-widget-container\">\n\t\t\t\t\t\t\t\t\t<p><i>Prof.ssa Frauwallner: s<\/i><em>ento spesso persone lamentarsi del fatto che lo stress non li lascia dormire, che si tratti di atleti professionisti prima di una gara o di top manager durante periodi di crisi. Lo stress influisce davvero sulla qualit\u00e0 del sonno? E, di conseguenza, il bilancio di serotonina e melatonina nelle persone stressate viene alterato?<\/em><\/p>\t\t\t\t\t\t\t\t<\/div>\n\t\t\t\t<\/div>\n\t\t\t\t<\/div>\n\t\t\t\t\t<\/div>\n\t\t\t\t<\/div>\n\t\t<div class=\"elementor-element elementor-element-19edc97 obcs none e-flex e-con-boxed e-con e-parent\" data-id=\"19edc97\" data-element_type=\"container\">\n\t\t\t\t\t<div class=\"e-con-inner\">\n\t\t<div class=\"elementor-element elementor-element-0d16366 e-con-full obcs none e-flex e-con e-child\" data-id=\"0d16366\" data-element_type=\"container\">\n\t\t\t\t<div class=\"elementor-element elementor-element-7d9d18d elementor-widget__width-initial elementor-widget elementor-widget-image\" data-id=\"7d9d18d\" data-element_type=\"widget\" data-widget_type=\"image.default\">\n\t\t\t\t<div class=\"elementor-widget-container\">\n\t\t\t\t\t\t\t\t\t\t\t\t\t\t\t<img decoding=\"async\" width=\"150\" height=\"150\" src=\"https:\/\/www.omni-biotic.com\/it-it\/wp-content\/uploads\/sites\/5\/2025\/11\/holzer-2-218x300-1-150x150.jpg\" class=\"attachment-thumbnail size-thumbnail wp-image-37134\" alt=\"\" \/>\t\t\t\t\t\t\t\t\t\t\t\t\t\t\t<\/div>\n\t\t\t\t<\/div>\n\t\t\t\t<\/div>\n\t\t<div class=\"elementor-element elementor-element-e308912 e-con-full obcs none e-flex e-con e-child\" data-id=\"e308912\" data-element_type=\"container\">\n\t\t\t\t<div class=\"elementor-element elementor-element-0c691f2 elementor-widget elementor-widget-text-editor\" data-id=\"0c691f2\" data-element_type=\"widget\" data-widget_type=\"text-editor.default\">\n\t\t\t\t<div class=\"elementor-widget-container\">\n\t\t\t\t\t\t\t\t\t<p><strong>Prof. Holzer<\/strong>: da quanto detto prima, emerge chiaramente che lo stress cronico influisce su specifiche aree del cervello \u2014 il cosiddetto sistema limbico \u2014 in modo da disturbare l\u2019equilibrio emotivo. Nei casi pi\u00f9 gravi, questo pu\u00f2 portare allo sviluppo di disturbi d\u2019ansia e depressione. Non a caso, la depressione \u00e8 considerata una malattia associata allo stress, con il burnout spesso come stadio precursore. Analizzando pi\u00f9 da vicino il cervello delle persone depresse, si osserva che molte regioni cerebrali e numerosi neurotrasmettitori sono coinvolti: serotonina, noradrenalina, glutammato, neuropeptide Y e probabilmente una dozzina di altri messaggeri chimici. La\u00a0melatonina gioca un ruolo fondamentale nel ritmo sonno-veglia, un ritmo che viene alterato non solo nella depressione, ma anche in condizioni di stress e squilibrio emotivo.<\/p>\t\t\t\t\t\t\t\t<\/div>\n\t\t\t\t<\/div>\n\t\t\t\t<\/div>\n\t\t\t\t\t<\/div>\n\t\t\t\t<\/div>\n\t\t<div class=\"elementor-element elementor-element-e683591 obcs none e-flex e-con-boxed e-con e-parent\" data-id=\"e683591\" data-element_type=\"container\">\n\t\t\t\t\t<div class=\"e-con-inner\">\n\t\t<div class=\"elementor-element elementor-element-d450d31 e-con-full obcs none e-flex e-con e-child\" data-id=\"d450d31\" data-element_type=\"container\">\n\t\t\t\t<div class=\"elementor-element elementor-element-3d4bfc1 elementor-widget__width-initial elementor-widget elementor-widget-image\" data-id=\"3d4bfc1\" data-element_type=\"widget\" data-widget_type=\"image.default\">\n\t\t\t\t<div class=\"elementor-widget-container\">\n\t\t\t\t\t\t\t\t\t\t\t\t\t\t\t<img decoding=\"async\" width=\"150\" height=\"150\" src=\"https:\/\/www.omni-biotic.com\/it-it\/wp-content\/uploads\/sites\/5\/2024\/02\/mag.-anita-frauwallner-150x150.jpg\" class=\"attachment-thumbnail size-thumbnail wp-image-23711\" alt=\"anita-frauwallner\" \/>\t\t\t\t\t\t\t\t\t\t\t\t\t\t\t<\/div>\n\t\t\t\t<\/div>\n\t\t\t\t<\/div>\n\t\t<div class=\"elementor-element elementor-element-9f484ce e-con-full obcs none e-flex e-con e-child\" data-id=\"9f484ce\" data-element_type=\"container\">\n\t\t\t\t<div class=\"elementor-element elementor-element-258f250 elementor-widget elementor-widget-text-editor\" data-id=\"258f250\" data-element_type=\"widget\" data-widget_type=\"text-editor.default\">\n\t\t\t\t<div class=\"elementor-widget-container\">\n\t\t\t\t\t\t\t\t\t<p><i>Prof.ssa Frauwallner: a<\/i><em>ll\u2019Universit\u00e0 di Innsbruck \u00e8 stato dimostrato che lo stress cronico pu\u00f2 provocare infiammazioni diffuse nell\u2019intestino, con gravi ripercussioni sulla barriera intestinale e sulla produzione di ormoni e altri messaggeri chimici. I batteri intestinali muoiono, le proteine di membrana delle cosiddette \u201ctight junctions\u201d si dissolvono, e tossine e allergeni possono penetrare nel sangue. Si ritiene che questa cosiddetta \u201cinfiammazione silente\u201d possa essere addirittura una delle cause di Alzheimer e demenza.<\/em><\/p>\t\t\t\t\t\t\t\t<\/div>\n\t\t\t\t<\/div>\n\t\t\t\t<\/div>\n\t\t\t\t\t<\/div>\n\t\t\t\t<\/div>\n\t\t<div class=\"elementor-element elementor-element-a7f765e obcs none e-flex e-con-boxed e-con e-parent\" data-id=\"a7f765e\" data-element_type=\"container\">\n\t\t\t\t\t<div class=\"e-con-inner\">\n\t\t<div class=\"elementor-element elementor-element-c787a0d e-con-full obcs none e-flex e-con e-child\" data-id=\"c787a0d\" data-element_type=\"container\">\n\t\t\t\t<div class=\"elementor-element elementor-element-45eb724 elementor-widget__width-initial elementor-widget elementor-widget-image\" data-id=\"45eb724\" data-element_type=\"widget\" data-widget_type=\"image.default\">\n\t\t\t\t<div class=\"elementor-widget-container\">\n\t\t\t\t\t\t\t\t\t\t\t\t\t\t\t<img decoding=\"async\" width=\"150\" height=\"150\" src=\"https:\/\/www.omni-biotic.com\/it-it\/wp-content\/uploads\/sites\/5\/2025\/11\/holzer-2-218x300-1-150x150.jpg\" class=\"attachment-thumbnail size-thumbnail wp-image-37134\" alt=\"\" \/>\t\t\t\t\t\t\t\t\t\t\t\t\t\t\t<\/div>\n\t\t\t\t<\/div>\n\t\t\t\t<\/div>\n\t\t<div class=\"elementor-element elementor-element-5d4da3b e-con-full obcs none e-flex e-con e-child\" data-id=\"5d4da3b\" data-element_type=\"container\">\n\t\t\t\t<div class=\"elementor-element elementor-element-6a18f2e elementor-widget elementor-widget-text-editor\" data-id=\"6a18f2e\" data-element_type=\"widget\" data-widget_type=\"text-editor.default\">\n\t\t\t\t<div class=\"elementor-widget-container\">\n\t\t\t\t\t\t\t\t\t<p><strong>Prof. Holzer<\/strong>: posso confermare pienamente. Esistono numerosi studi \u2014 anche sull\u2019uomo \u2014 sugli effetti neurotossici. Oggi sappiamo che tutti i sistemi di comunicazione del corpo sono influenzati dai batteri intestinali, dal sistema immunitario, al metabolismo, fino alle risposte psicologiche ed emotive.<\/p>\t\t\t\t\t\t\t\t<\/div>\n\t\t\t\t<\/div>\n\t\t\t\t<\/div>\n\t\t\t\t\t<\/div>\n\t\t\t\t<\/div>\n\t\t<div class=\"elementor-element elementor-element-4e7d99c obcs none e-flex e-con-boxed e-con e-parent\" data-id=\"4e7d99c\" data-element_type=\"container\">\n\t\t\t\t\t<div class=\"e-con-inner\">\n\t\t<div class=\"elementor-element elementor-element-9aa5c9b e-con-full obcs none e-flex e-con e-child\" data-id=\"9aa5c9b\" data-element_type=\"container\">\n\t\t\t\t<div class=\"elementor-element elementor-element-76a3434 elementor-widget__width-initial elementor-widget elementor-widget-image\" data-id=\"76a3434\" data-element_type=\"widget\" data-widget_type=\"image.default\">\n\t\t\t\t<div class=\"elementor-widget-container\">\n\t\t\t\t\t\t\t\t\t\t\t\t\t\t\t<img decoding=\"async\" width=\"150\" height=\"150\" src=\"https:\/\/www.omni-biotic.com\/it-it\/wp-content\/uploads\/sites\/5\/2024\/02\/mag.-anita-frauwallner-150x150.jpg\" class=\"attachment-thumbnail size-thumbnail wp-image-23711\" alt=\"anita-frauwallner\" \/>\t\t\t\t\t\t\t\t\t\t\t\t\t\t\t<\/div>\n\t\t\t\t<\/div>\n\t\t\t\t<\/div>\n\t\t<div class=\"elementor-element elementor-element-0fad1dc e-con-full obcs none e-flex e-con e-child\" data-id=\"0fad1dc\" data-element_type=\"container\">\n\t\t\t\t<div class=\"elementor-element elementor-element-6429583 elementor-widget elementor-widget-text-editor\" data-id=\"6429583\" data-element_type=\"widget\" data-widget_type=\"text-editor.default\">\n\t\t\t\t<div class=\"elementor-widget-container\">\n\t\t\t\t\t\t\t\t\t<p><i>Prof.ssa Frauwallner: ci\u00f2 significa che lo stress pu\u00f2 provocare anche danni fisici, influenzando in particolare il sistema immunitario in modo cos\u00ec negativo da rendere le persone pi\u00f9 suscettibili alle malattie.<\/i><\/p>\t\t\t\t\t\t\t\t<\/div>\n\t\t\t\t<\/div>\n\t\t\t\t<\/div>\n\t\t\t\t\t<\/div>\n\t\t\t\t<\/div>\n\t\t<div class=\"elementor-element elementor-element-5ae25a9 obcs none e-flex e-con-boxed e-con e-parent\" data-id=\"5ae25a9\" data-element_type=\"container\">\n\t\t\t\t\t<div class=\"e-con-inner\">\n\t\t<div class=\"elementor-element elementor-element-5667f55 e-con-full obcs none e-flex e-con e-child\" data-id=\"5667f55\" data-element_type=\"container\">\n\t\t\t\t<div class=\"elementor-element elementor-element-306db87 elementor-widget__width-initial elementor-widget elementor-widget-image\" data-id=\"306db87\" data-element_type=\"widget\" data-widget_type=\"image.default\">\n\t\t\t\t<div class=\"elementor-widget-container\">\n\t\t\t\t\t\t\t\t\t\t\t\t\t\t\t<img decoding=\"async\" width=\"150\" height=\"150\" src=\"https:\/\/www.omni-biotic.com\/it-it\/wp-content\/uploads\/sites\/5\/2025\/11\/holzer-2-218x300-1-150x150.jpg\" class=\"attachment-thumbnail size-thumbnail wp-image-37134\" alt=\"\" \/>\t\t\t\t\t\t\t\t\t\t\t\t\t\t\t<\/div>\n\t\t\t\t<\/div>\n\t\t\t\t<\/div>\n\t\t<div class=\"elementor-element elementor-element-1d53baf e-con-full obcs none e-flex e-con e-child\" data-id=\"1d53baf\" data-element_type=\"container\">\n\t\t\t\t<div class=\"elementor-element elementor-element-f3b233b elementor-widget elementor-widget-text-editor\" data-id=\"f3b233b\" data-element_type=\"widget\" data-widget_type=\"text-editor.default\">\n\t\t\t\t<div class=\"elementor-widget-container\">\n\t\t\t\t\t\t\t\t\t<p><strong>Prof. Holzer<\/strong>: l&#8217;ormone dello stress, il cortisolo, \u00e8 noto per la sua azione antinfiammatoria, mediata dal sistema immunitario. Lo stress, per\u00f2, pu\u00f2 inibire il sistema immunitario, aumentando cos\u00ec la vulnerabilit\u00e0 a malattie e infezioni. Ma questo non \u00e8 l&#8217;unico effetto dello stress sul corpo. Attraverso il sistema nervoso autonomo, il cervello sottoposto a stress comunica con quasi tutti gli organi, influenzandone la funzione e mantenendoli in uno stato simile a quello di un&#8217;emergenza acuta. Questo influisce sul cuore e sulla circolazione, ma anche sull&#8217;intestino. I meccanismo precisi attraverso cui lo stress cronico aumenta la permeabilit\u00e0 della mucosa intestinale non sono ancora completamente noti. Questa maggiore permeabilit\u00e0 causa per\u00f2 numerosi problemi: tossine e patogeni possono penetrare nella parete intestinale, dove normalmente non dovrebbero trovarsi. Inoltre, si altera l&#8217;equilibrio tra microbioma intestinale e sistema immunitario intestinale, scatendando una reazione infiammatoria che, tramite l&#8217;asse intestino-cervello pu\u00f2 a sua volta influenzare negativamente la funzione cerebrale.\u00a0<\/p>\t\t\t\t\t\t\t\t<\/div>\n\t\t\t\t<\/div>\n\t\t\t\t<\/div>\n\t\t\t\t\t<\/div>\n\t\t\t\t<\/div>\n\t\t<div class=\"elementor-element elementor-element-63b0db0 obcs none e-flex e-con-boxed e-con e-parent\" data-id=\"63b0db0\" data-element_type=\"container\">\n\t\t\t\t\t<div class=\"e-con-inner\">\n\t\t<div class=\"elementor-element elementor-element-01b9c23 e-con-full obcs none e-flex e-con e-child\" data-id=\"01b9c23\" data-element_type=\"container\">\n\t\t\t\t<div class=\"elementor-element elementor-element-2c8fb89 elementor-widget__width-initial elementor-widget elementor-widget-image\" data-id=\"2c8fb89\" data-element_type=\"widget\" data-widget_type=\"image.default\">\n\t\t\t\t<div class=\"elementor-widget-container\">\n\t\t\t\t\t\t\t\t\t\t\t\t\t\t\t<img decoding=\"async\" width=\"150\" height=\"150\" src=\"https:\/\/www.omni-biotic.com\/it-it\/wp-content\/uploads\/sites\/5\/2024\/02\/mag.-anita-frauwallner-150x150.jpg\" class=\"attachment-thumbnail size-thumbnail wp-image-23711\" alt=\"anita-frauwallner\" \/>\t\t\t\t\t\t\t\t\t\t\t\t\t\t\t<\/div>\n\t\t\t\t<\/div>\n\t\t\t\t<\/div>\n\t\t<div class=\"elementor-element elementor-element-a14e991 e-con-full obcs none e-flex e-con e-child\" data-id=\"a14e991\" data-element_type=\"container\">\n\t\t\t\t<div class=\"elementor-element elementor-element-df0842a elementor-widget elementor-widget-text-editor\" data-id=\"df0842a\" data-element_type=\"widget\" data-widget_type=\"text-editor.default\">\n\t\t\t\t<div class=\"elementor-widget-container\">\n\t\t\t\t\t\t\t\t\t<p><i>Prof.ssa Frauwallner: quali nuove ricerche o scoperte sullo stress possiamo aspettarci nel futuro prossimo. A cosa sta lavorando attualmente in questo ambito?<\/i><\/p>\t\t\t\t\t\t\t\t<\/div>\n\t\t\t\t<\/div>\n\t\t\t\t<\/div>\n\t\t\t\t\t<\/div>\n\t\t\t\t<\/div>\n\t\t<div class=\"elementor-element elementor-element-0773032 obcs none e-flex e-con-boxed e-con e-parent\" data-id=\"0773032\" data-element_type=\"container\">\n\t\t\t\t\t<div class=\"e-con-inner\">\n\t\t<div class=\"elementor-element elementor-element-edd8784 e-con-full obcs none e-flex e-con e-child\" data-id=\"edd8784\" data-element_type=\"container\">\n\t\t\t\t<div class=\"elementor-element elementor-element-040101d elementor-widget__width-initial elementor-widget elementor-widget-image\" data-id=\"040101d\" data-element_type=\"widget\" data-widget_type=\"image.default\">\n\t\t\t\t<div class=\"elementor-widget-container\">\n\t\t\t\t\t\t\t\t\t\t\t\t\t\t\t<img decoding=\"async\" width=\"150\" height=\"150\" src=\"https:\/\/www.omni-biotic.com\/it-it\/wp-content\/uploads\/sites\/5\/2025\/11\/holzer-2-218x300-1-150x150.jpg\" class=\"attachment-thumbnail size-thumbnail wp-image-37134\" alt=\"\" \/>\t\t\t\t\t\t\t\t\t\t\t\t\t\t\t<\/div>\n\t\t\t\t<\/div>\n\t\t\t\t<\/div>\n\t\t<div class=\"elementor-element elementor-element-361e23b e-con-full obcs none e-flex e-con e-child\" data-id=\"361e23b\" data-element_type=\"container\">\n\t\t\t\t<div class=\"elementor-element elementor-element-2b80463 elementor-widget elementor-widget-text-editor\" data-id=\"2b80463\" data-element_type=\"widget\" data-widget_type=\"text-editor.default\">\n\t\t\t\t<div class=\"elementor-widget-container\">\n\t\t\t\t\t\t\t\t\t<p><strong>Prof. Holzer<\/strong>: fin dai tempi del pioniere della ricerca sullo stress, Hans Seyle, abbiamo imparato molto sulla reazione allo stress e sui suoi effetti sui vari organi. Tuttavia, non \u00e8 ancora completamente chiaro quali siano gli effetti delle reazioni allo stress a livello molecolare. Un esempio \u00e8 il legame tra stress e infiammazione, che non pu\u00f2 essere spiegato esclusivamente dal cortisolo. L&#8217;infiammazione cronica \u00e8 infatti una risposta coinvolta in molte malattie e pu\u00f2 a sua volta essere considerata uno stress endogeno. Per questo motivo, la ricerca sullo stress e quella sull&#8217;infiammazione si stanno sempre pi\u00f9 avvicinando. Anche nel cervello si verificano processi infiammatori che giocano un ruolo sia nel dolore cronico sia in diverse patologie psichiatriche. Questi aspetti vengono studiati anche nel Dottorato &#8220;Fondamenti molecolari dell&#8217;infiammazione&#8221; presso l&#8217;Universit\u00e0 di Medicina di Graz, da un gruppo di studenti altamente qualificati, sotto la mia supervisione.\u00a0<\/p>\t\t\t\t\t\t\t\t<\/div>\n\t\t\t\t<\/div>\n\t\t\t\t<\/div>\n\t\t\t\t\t<\/div>\n\t\t\t\t<\/div>\n\t\t<div class=\"elementor-element elementor-element-2da766d obcs none e-flex e-con-boxed e-con e-parent\" data-id=\"2da766d\" data-element_type=\"container\">\n\t\t\t\t\t<div class=\"e-con-inner\">\n\t\t<div class=\"elementor-element elementor-element-39f78cd e-con-full obcs none e-flex e-con e-child\" data-id=\"39f78cd\" data-element_type=\"container\">\n\t\t\t\t<div class=\"elementor-element elementor-element-5f737c9 elementor-widget__width-initial elementor-widget elementor-widget-image\" data-id=\"5f737c9\" data-element_type=\"widget\" data-widget_type=\"image.default\">\n\t\t\t\t<div class=\"elementor-widget-container\">\n\t\t\t\t\t\t\t\t\t\t\t\t\t\t\t<img decoding=\"async\" width=\"150\" height=\"150\" src=\"https:\/\/www.omni-biotic.com\/it-it\/wp-content\/uploads\/sites\/5\/2024\/02\/mag.-anita-frauwallner-150x150.jpg\" class=\"attachment-thumbnail size-thumbnail wp-image-23711\" alt=\"anita-frauwallner\" \/>\t\t\t\t\t\t\t\t\t\t\t\t\t\t\t<\/div>\n\t\t\t\t<\/div>\n\t\t\t\t<\/div>\n\t\t<div class=\"elementor-element elementor-element-1514f2e e-con-full obcs none e-flex e-con e-child\" data-id=\"1514f2e\" data-element_type=\"container\">\n\t\t\t\t<div class=\"elementor-element elementor-element-9fb9c9a elementor-widget elementor-widget-text-editor\" data-id=\"9fb9c9a\" data-element_type=\"widget\" data-widget_type=\"text-editor.default\">\n\t\t\t\t<div class=\"elementor-widget-container\">\n\t\t\t\t\t\t\t\t\t<p><i>Prof.ssa Frauwallner: per concludere questa importante conversazione, vorrei affrontare il tema dei probiotici e dello stress. Sono gi\u00e0 stati sviluppati probiotici specifici in grado di avere un effetto antinfiammatorio sulla mucosa intestinale e, di conseguenza, un influsso positivo sull&#8217;asse intestino-cervello.<\/i><\/p>\t\t\t\t\t\t\t\t<\/div>\n\t\t\t\t<\/div>\n\t\t\t\t<\/div>\n\t\t\t\t\t<\/div>\n\t\t\t\t<\/div>\n\t\t<div class=\"elementor-element elementor-element-1e45197 obcs none e-flex e-con-boxed e-con e-parent\" data-id=\"1e45197\" data-element_type=\"container\">\n\t\t\t\t\t<div class=\"e-con-inner\">\n\t\t<div class=\"elementor-element elementor-element-5f969bb e-con-full obcs none e-flex e-con e-child\" data-id=\"5f969bb\" data-element_type=\"container\">\n\t\t\t\t<div class=\"elementor-element elementor-element-2885eed elementor-widget__width-initial elementor-widget elementor-widget-image\" data-id=\"2885eed\" data-element_type=\"widget\" data-widget_type=\"image.default\">\n\t\t\t\t<div class=\"elementor-widget-container\">\n\t\t\t\t\t\t\t\t\t\t\t\t\t\t\t<img decoding=\"async\" width=\"150\" height=\"150\" src=\"https:\/\/www.omni-biotic.com\/it-it\/wp-content\/uploads\/sites\/5\/2025\/11\/holzer-2-218x300-1-150x150.jpg\" class=\"attachment-thumbnail size-thumbnail wp-image-37134\" alt=\"\" \/>\t\t\t\t\t\t\t\t\t\t\t\t\t\t\t<\/div>\n\t\t\t\t<\/div>\n\t\t\t\t<\/div>\n\t\t<div class=\"elementor-element elementor-element-0441dae e-con-full obcs none e-flex e-con e-child\" data-id=\"0441dae\" data-element_type=\"container\">\n\t\t\t\t<div class=\"elementor-element elementor-element-3d2f142 elementor-widget elementor-widget-text-editor\" data-id=\"3d2f142\" data-element_type=\"widget\" data-widget_type=\"text-editor.default\">\n\t\t\t\t<div class=\"elementor-widget-container\">\n\t\t\t\t\t\t\t\t\t<p><strong>Prof. Holzer<\/strong>: un eccellente studio \u00e8 stato pubblicato nel 2011 su PNAS (<em>Proceedings of the National Academy of Sciences of the USA<\/em>), suscitando\u00a0 grande scalpore nel mondo della ricerca. I topi nutriti con probiotici erano molto pi\u00f9 resistenti allo stress rispetto ai loro coetanei e si \u00e8 visto chiaramente che la somministrazione di batteri intestinali probiotici poteva modulare positivamente il comportamento.<\/p>\t\t\t\t\t\t\t\t<\/div>\n\t\t\t\t<\/div>\n\t\t\t\t<\/div>\n\t\t\t\t\t<\/div>\n\t\t\t\t<\/div>\n\t\t<div class=\"elementor-element elementor-element-5e32bfc obcs none e-flex e-con-boxed e-con e-parent\" data-id=\"5e32bfc\" data-element_type=\"container\">\n\t\t\t\t\t<div class=\"e-con-inner\">\n\t\t<div class=\"elementor-element elementor-element-790b0a2 e-con-full obcs none e-flex e-con e-child\" data-id=\"790b0a2\" data-element_type=\"container\">\n\t\t\t\t<div class=\"elementor-element elementor-element-7601ff5 elementor-widget__width-initial elementor-widget elementor-widget-image\" data-id=\"7601ff5\" data-element_type=\"widget\" data-widget_type=\"image.default\">\n\t\t\t\t<div class=\"elementor-widget-container\">\n\t\t\t\t\t\t\t\t\t\t\t\t\t\t\t<img decoding=\"async\" width=\"150\" height=\"150\" src=\"https:\/\/www.omni-biotic.com\/it-it\/wp-content\/uploads\/sites\/5\/2024\/02\/mag.-anita-frauwallner-150x150.jpg\" class=\"attachment-thumbnail size-thumbnail wp-image-23711\" alt=\"anita-frauwallner\" \/>\t\t\t\t\t\t\t\t\t\t\t\t\t\t\t<\/div>\n\t\t\t\t<\/div>\n\t\t\t\t<\/div>\n\t\t<div class=\"elementor-element elementor-element-623b2ed e-con-full obcs none e-flex e-con e-child\" data-id=\"623b2ed\" data-element_type=\"container\">\n\t\t\t\t<div class=\"elementor-element elementor-element-4d0078b elementor-widget elementor-widget-text-editor\" data-id=\"4d0078b\" data-element_type=\"widget\" data-widget_type=\"text-editor.default\">\n\t\t\t\t<div class=\"elementor-widget-container\">\n\t\t\t\t\t\t\t\t\t<p><i>Prof.ssa Frauwallner: <span class=\"text-primary\">succede lo stesso anche negli esseri umani?<\/span><\/i><\/p>\t\t\t\t\t\t\t\t<\/div>\n\t\t\t\t<\/div>\n\t\t\t\t<\/div>\n\t\t\t\t\t<\/div>\n\t\t\t\t<\/div>\n\t\t<div class=\"elementor-element elementor-element-9c03220 obcs none e-flex e-con-boxed e-con e-parent\" data-id=\"9c03220\" data-element_type=\"container\">\n\t\t\t\t\t<div class=\"e-con-inner\">\n\t\t<div class=\"elementor-element elementor-element-23a0225 e-con-full obcs none e-flex e-con e-child\" data-id=\"23a0225\" data-element_type=\"container\">\n\t\t\t\t<div class=\"elementor-element elementor-element-94e0d85 elementor-widget__width-initial elementor-widget elementor-widget-image\" data-id=\"94e0d85\" data-element_type=\"widget\" data-widget_type=\"image.default\">\n\t\t\t\t<div class=\"elementor-widget-container\">\n\t\t\t\t\t\t\t\t\t\t\t\t\t\t\t<img decoding=\"async\" width=\"150\" height=\"150\" src=\"https:\/\/www.omni-biotic.com\/it-it\/wp-content\/uploads\/sites\/5\/2025\/11\/holzer-2-218x300-1-150x150.jpg\" class=\"attachment-thumbnail size-thumbnail wp-image-37134\" alt=\"\" \/>\t\t\t\t\t\t\t\t\t\t\t\t\t\t\t<\/div>\n\t\t\t\t<\/div>\n\t\t\t\t<\/div>\n\t\t<div class=\"elementor-element elementor-element-6776bda e-con-full obcs none e-flex e-con e-child\" data-id=\"6776bda\" data-element_type=\"container\">\n\t\t\t\t<div class=\"elementor-element elementor-element-41b7d96 elementor-widget elementor-widget-text-editor\" data-id=\"41b7d96\" data-element_type=\"widget\" data-widget_type=\"text-editor.default\">\n\t\t\t\t<div class=\"elementor-widget-container\">\n\t\t\t\t\t\t\t\t\t<p><strong>Prof. Holzer<\/strong>: penso proprio di s\u00ec. Di particolare interesse \u00e8 come la somministrazione di probiotici di rilevanza medica possa aumentare la capacit\u00e0 di concentrazione e migliorare la stabilit\u00e0 emotiva.\u00a0<\/p>\t\t\t\t\t\t\t\t<\/div>\n\t\t\t\t<\/div>\n\t\t\t\t<\/div>\n\t\t\t\t\t<\/div>\n\t\t\t\t<\/div>\n\t\t<div class=\"elementor-element elementor-element-067c1a7 obcs none e-flex e-con-boxed e-con e-parent\" data-id=\"067c1a7\" data-element_type=\"container\">\n\t\t\t\t\t<div class=\"e-con-inner\">\n\t\t<div class=\"elementor-element elementor-element-6690b23 e-con-full obcs none e-flex e-con e-child\" data-id=\"6690b23\" data-element_type=\"container\">\n\t\t\t\t<div class=\"elementor-element elementor-element-e4822f0 elementor-widget__width-initial elementor-widget elementor-widget-image\" data-id=\"e4822f0\" data-element_type=\"widget\" data-widget_type=\"image.default\">\n\t\t\t\t<div class=\"elementor-widget-container\">\n\t\t\t\t\t\t\t\t\t\t\t\t\t\t\t<img decoding=\"async\" width=\"150\" height=\"150\" src=\"https:\/\/www.omni-biotic.com\/it-it\/wp-content\/uploads\/sites\/5\/2024\/02\/mag.-anita-frauwallner-150x150.jpg\" class=\"attachment-thumbnail size-thumbnail wp-image-23711\" alt=\"anita-frauwallner\" \/>\t\t\t\t\t\t\t\t\t\t\t\t\t\t\t<\/div>\n\t\t\t\t<\/div>\n\t\t\t\t<\/div>\n\t\t<div class=\"elementor-element elementor-element-0988671 e-con-full obcs none e-flex e-con e-child\" data-id=\"0988671\" data-element_type=\"container\">\n\t\t\t\t<div class=\"elementor-element elementor-element-da77d86 elementor-widget elementor-widget-text-editor\" data-id=\"da77d86\" data-element_type=\"widget\" data-widget_type=\"text-editor.default\">\n\t\t\t\t<div class=\"elementor-widget-container\">\n\t\t\t\t\t\t\t\t\t<p><i><strong>Prof.ssa Frauwallner<\/strong>: <i class=\"text-primary\">la ringrazio molto per questa interessante conversazione!<\/i><\/i><\/p>\t\t\t\t\t\t\t\t<\/div>\n\t\t\t\t<\/div>\n\t\t\t\t<\/div>\n\t\t\t\t\t<\/div>\n\t\t\t\t<\/div>\n\t\t<div class=\"elementor-element elementor-element-56242b2 obcs none e-flex e-con-boxed e-con e-parent\" data-id=\"56242b2\" data-element_type=\"container\">\n\t\t\t\t\t<div class=\"e-con-inner\">\n\t\t\t\t<div class=\"elementor-element elementor-element-21c3702 elementor-widget elementor-widget-author-box\" data-id=\"21c3702\" data-element_type=\"widget\" data-widget_type=\"author-box.default\">\n\t\t\t\t<div class=\"elementor-widget-container\">\n\t\t\t\t\t\t\t<div class=\"elementor-author-box\">\n\t\t\t\t\t\t\t<div  class=\"elementor-author-box__avatar\">\n\t\t\t\t\t<img decoding=\"async\" src=\"https:\/\/www.omni-biotic.com\/it-it\/wp-content\/uploads\/sites\/5\/2025\/11\/holzer-2-218x300-1.jpg\" alt=\"Immagine dell&#039;autore\" loading=\"lazy\">\n\t\t\t\t<\/div>\n\t\t\t\n\t\t\t<div class=\"elementor-author-box__text\">\n\t\t\t\t\n\t\t\t\t\t\t\t\t\t<div class=\"elementor-author-box__bio\">\n\t\t\t\t\t\t<p>Il Prof. Holzer vive e lavora a Graz (Austria) ed \u00e8 preside degli studi di dottorato presso l'Universit\u00e0 di Medicina di Graz. Ha completato i suoi studi con il massimo riconoscimento accademico, il titolo \"sub auspiciis preasidentis\". Da molti anni ricopre l'unica cattedra austriaca di Neurogastroenterologia Sperimentale come professore universitario e dirige anche l'associazione \"Initiative Gehirnforschung\", per la ricerca sul cervello. <\/p>\n\t\t\t\t\t<\/div>\n\t\t\t\t\n\t\t\t\t\t\t\t<\/div>\n\t\t<\/div>\n\t\t\t\t\t\t<\/div>\n\t\t\t\t<\/div>\n\t\t\t\t\t<\/div>\n\t\t\t\t<\/div>\n\t\t\t\t<\/div>\n\t\t","protected":false},"excerpt":{"rendered":"<p>La Prof.ssa Anita Frauwallner intervista il Prof. Dr. Peter Holzer un ricercatore austriaco di fama mondiale. Le sue ricerche hanno dimostrato che esiste un legame stretto tra l\u2019ambiente intestinale e il cervello. Inoltre, ha dimostrato che il cosiddetto \u201cistinto viscerale\u201d \u2014 o sensazione di pancia \u2014 esiste davvero: i messaggi che partono dal nostro intestino possono essere rilevati scientificamente e hanno un\u2019enorme influenza sul nostro benessere fisico e psicologico, oppure, al contrario, sull\u2019insorgenza di malattie.<\/p>\n","protected":false},"author":45,"featured_media":12252,"comment_status":"closed","ping_status":"closed","sticky":false,"template":"","format":"standard","meta":{"_acf_changed":false,"inline_featured_image":false,"footnotes":""},"categories":[110,109],"tags":[],"class_list":["post-37132","post","type-post","status-publish","format-standard","has-post-thumbnail","hentry","category-scoperte-scientifiche","category-institut-allergosan"],"acf":[],"rank_math":{"og:title":"Asse intestino-cervello: capiamo insieme come funziona - OMNi-BiOTiC\u00ae","og:desc":"La Prof.ssa Anita Frauwallner intervista il Prof. Holzer, esperto di neurogastroenterologia sperimentale, sul suo lavoro sull'asse intestino-cervello.","og:url":"https:\/\/www.omni-biotic.com\/it-it\/blog\/asse-intestino-cervello-come-funziona\/","og:locale":"it_IT","og:image":"https:\/\/www.omni-biotic.com\/it-it\/wp-content\/uploads\/sites\/5\/2022\/11\/Unbenannt-1-2.png","og:image:width":"800","og:image:height":"491"},"additional_data":{"thumbnail":"https:\/\/www.omni-biotic.com\/it-it\/wp-content\/uploads\/sites\/5\/2022\/11\/Unbenannt-1-2.png"},"blog_info":{"country":"it-it"},"_links":{"self":[{"href":"https:\/\/www.omni-biotic.com\/it-it\/wp-json\/wp\/v2\/posts\/37132","targetHints":{"allow":["GET"]}}],"collection":[{"href":"https:\/\/www.omni-biotic.com\/it-it\/wp-json\/wp\/v2\/posts"}],"about":[{"href":"https:\/\/www.omni-biotic.com\/it-it\/wp-json\/wp\/v2\/types\/post"}],"author":[{"embeddable":true,"href":"https:\/\/www.omni-biotic.com\/it-it\/wp-json\/wp\/v2\/users\/45"}],"replies":[{"embeddable":true,"href":"https:\/\/www.omni-biotic.com\/it-it\/wp-json\/wp\/v2\/comments?post=37132"}],"version-history":[{"count":7,"href":"https:\/\/www.omni-biotic.com\/it-it\/wp-json\/wp\/v2\/posts\/37132\/revisions"}],"predecessor-version":[{"id":37534,"href":"https:\/\/www.omni-biotic.com\/it-it\/wp-json\/wp\/v2\/posts\/37132\/revisions\/37534"}],"wp:featuredmedia":[{"embeddable":true,"href":"https:\/\/www.omni-biotic.com\/it-it\/wp-json\/wp\/v2\/media\/12252"}],"wp:attachment":[{"href":"https:\/\/www.omni-biotic.com\/it-it\/wp-json\/wp\/v2\/media?parent=37132"}],"wp:term":[{"taxonomy":"category","embeddable":true,"href":"https:\/\/www.omni-biotic.com\/it-it\/wp-json\/wp\/v2\/categories?post=37132"},{"taxonomy":"post_tag","embeddable":true,"href":"https:\/\/www.omni-biotic.com\/it-it\/wp-json\/wp\/v2\/tags?post=37132"}],"curies":[{"name":"wp","href":"https:\/\/api.w.org\/{rel}","templated":true}]}}