{"id":39095,"date":"2026-03-03T14:16:08Z","date_gmt":"2026-03-03T13:16:08Z","guid":{"rendered":"https:\/\/www.omni-biotic.com\/it-it\/?p=39095"},"modified":"2026-03-03T14:16:13Z","modified_gmt":"2026-03-03T13:16:13Z","slug":"allergie-e-intestino","status":"publish","type":"post","link":"https:\/\/www.omni-biotic.com\/it-it\/blog\/allergie-e-intestino\/","title":{"rendered":"Allergie e intestino: perch\u00e9 il microbiota intestinale \u00e8 fondamentale?"},"content":{"rendered":"\t\t<div data-elementor-type=\"wp-post\" data-elementor-id=\"39095\" class=\"elementor elementor-39095\" data-elementor-post-type=\"post\">\n\t\t\t\t<div class=\"elementor-element elementor-element-5c8e9b2 obcs none e-flex e-con-boxed e-con e-parent\" data-id=\"5c8e9b2\" data-element_type=\"container\">\n\t\t\t\t\t<div class=\"e-con-inner\">\n\t\t\t\t<div class=\"elementor-element elementor-element-8744a23 elementor-widget elementor-widget-heading\" data-id=\"8744a23\" data-element_type=\"widget\" data-widget_type=\"heading.default\">\n\t\t\t\t<div class=\"elementor-widget-container\">\n\t\t\t\t\t<h2 class=\"elementor-heading-title elementor-size-default\">Allergie in costante aumento<\/h2>\t\t\t\t<\/div>\n\t\t\t\t<\/div>\n\t\t\t\t<div class=\"elementor-element elementor-element-c3c17d6 elementor-widget elementor-widget-image\" data-id=\"c3c17d6\" data-element_type=\"widget\" data-widget_type=\"image.default\">\n\t\t\t\t<div class=\"elementor-widget-container\">\n\t\t\t\t\t\t\t\t\t\t\t\t\t\t\t<img fetchpriority=\"high\" decoding=\"async\" width=\"800\" height=\"500\" src=\"https:\/\/www.omni-biotic.com\/it-it\/wp-content\/uploads\/sites\/5\/2026\/03\/IT_BLOG_Visuals-5.png\" class=\"attachment-large size-large wp-image-39104\" alt=\"allergia-e-intestino\" srcset=\"https:\/\/www.omni-biotic.com\/it-it\/wp-content\/uploads\/sites\/5\/2026\/03\/IT_BLOG_Visuals-5.png 800w, https:\/\/www.omni-biotic.com\/it-it\/wp-content\/uploads\/sites\/5\/2026\/03\/IT_BLOG_Visuals-5-300x188.png 300w, https:\/\/www.omni-biotic.com\/it-it\/wp-content\/uploads\/sites\/5\/2026\/03\/IT_BLOG_Visuals-5-768x480.png 768w\" sizes=\"(max-width: 800px) 100vw, 800px\" \/>\t\t\t\t\t\t\t\t\t\t\t\t\t\t\t<\/div>\n\t\t\t\t<\/div>\n\t\t\t\t<div class=\"elementor-element elementor-element-969358b elementor-widget elementor-widget-text-editor\" data-id=\"969358b\" data-element_type=\"widget\" data-widget_type=\"text-editor.default\">\n\t\t\t\t<div class=\"elementor-widget-container\">\n\t\t\t\t\t\t\t\t\t<p data-start=\"144\" data-end=\"519\">Naso che cola, occhi gonfi e pruriginosi: per chi soffre di <strong>raffreddore da fieno<\/strong>, l&#8217;arrivo della <strong>primavera<\/strong> pu\u00f2 trasformarsi in un <strong>incubo<\/strong>! Negli ultimi anni, con le temperature pi\u00f9 miti, la <strong>stagione delle allergie<\/strong> \u00e8 diventata pi\u00f9 <strong>lunga<\/strong> e pi\u00f9 <strong>intensa<\/strong>. L\u2019allergia ai pollini \u00e8 la pi\u00f9 diffusa, colpisce circa il <strong>15% della popolazione europea<\/strong>.<\/p><p data-start=\"521\" data-end=\"1187\">Il numero di persone allergiche \u00e8 in costante crescita in tutto il mondo: secondo il Robert Koch-Institut, circa <strong>una persona su quattro<\/strong> riceve almeno una diagnosi di allergia nel corso della vita. In effetti, chi non conosce qualcuno allergico a erba, acari della polvere, peli di gatto, arachidi e compagnia bella? Anche se le\u00a0 diagnosi sono molto frequenti, solo poche persone ricorrono a un trattamento adeguato come, ad esempio, la <strong>desensibilizzazione allergica<\/strong> (o immunoterapia specifica), che, nonostante non protegga dall\u2019insorgere di <strong><a href=\"https:\/\/www.omni-biotic.com\/it-it\/problemi-intestinali\/allergia\/\">nuove allergie<\/a><\/strong>, vanta un tasso di successo dell\u201980%. Nella maggior parte dei casi ci si limita a combattere i sintomi con compresse, colliri e spray nasali, senza affrontarne la <strong>causa principale<\/strong>.<\/p>\t\t\t\t\t\t\t\t<\/div>\n\t\t\t\t<\/div>\n\t\t\t\t<div class=\"elementor-element elementor-element-a8a9845 elementor-widget elementor-widget-heading\" data-id=\"a8a9845\" data-element_type=\"widget\" data-widget_type=\"heading.default\">\n\t\t\t\t<div class=\"elementor-widget-container\">\n\t\t\t\t\t<h2 class=\"elementor-heading-title elementor-size-default\">Le allergie nei bambini<\/h2>\t\t\t\t<\/div>\n\t\t\t\t<\/div>\n\t\t\t\t<div class=\"elementor-element elementor-element-7293ab1 elementor-widget elementor-widget-image\" data-id=\"7293ab1\" data-element_type=\"widget\" data-widget_type=\"image.default\">\n\t\t\t\t<div class=\"elementor-widget-container\">\n\t\t\t\t\t\t\t\t\t\t\t\t\t\t\t<img decoding=\"async\" width=\"700\" height=\"500\" src=\"https:\/\/www.omni-biotic.com\/it-it\/wp-content\/uploads\/sites\/5\/2026\/03\/allergien-kinder-mehr-betroffene.jpg\" class=\"attachment-large size-large wp-image-39099\" alt=\"allergia-e-intenstino\" srcset=\"https:\/\/www.omni-biotic.com\/it-it\/wp-content\/uploads\/sites\/5\/2026\/03\/allergien-kinder-mehr-betroffene.jpg 700w, https:\/\/www.omni-biotic.com\/it-it\/wp-content\/uploads\/sites\/5\/2026\/03\/allergien-kinder-mehr-betroffene-300x214.jpg 300w\" sizes=\"(max-width: 700px) 100vw, 700px\" \/>\t\t\t\t\t\t\t\t\t\t\t\t\t\t\t<\/div>\n\t\t\t\t<\/div>\n\t\t\t\t<div class=\"elementor-element elementor-element-5bea0bd elementor-widget elementor-widget-text-editor\" data-id=\"5bea0bd\" data-element_type=\"widget\" data-widget_type=\"text-editor.default\">\n\t\t\t\t<div class=\"elementor-widget-container\">\n\t\t\t\t\t\t\t\t\t<p>Il<strong> dott. Heschl, <\/strong>biologo austriaco e consulente scientifico dell&#8217;Institut AllergoSan, ha potuto constatare in prima persona l\u2019aumento esponenziale delle richieste da parte di clienti che soffrono di allergie o intolleranze, spesso preoccupati anche per i loro bambini &#8220;Ormai <strong>una richiesta di consulenza su due riguarda allergie o intolleranze<\/strong>. \u00c8 evidente anche che sempre pi\u00f9 bambini ne siano colpiti, e spesso fin dalla nascita&#8221;.<\/p><p>Gi\u00e0 nei primi mesi di vita, allergie e intolleranze possono manifestarsi attraverso l\u2019eczema atopico, noto anche come <strong>dermatite atopica<\/strong>. Un problema che negli ultimi anni si \u00e8 <strong>triplicato<\/strong> soprattutto nei paesi occidentali: oggi ne soffre circa il <strong>15-20% dei bambini<\/strong> in tutto il mondo. I sintomi principali sono <strong>pelle arrossata<\/strong> e pruriginosa, a volte gonfia e screpolata; nei bambini il prurito, soprattutto di notte, pu\u00f2 disturbare il sonno.<\/p><p>&#8220;Se i <strong>primi sintomi<\/strong> non vengono trattati, questi bambini nel tempo possono sviluppare altre allergie&#8221;, spiega Heschl. Quando il sistema immunitario non \u00e8 ben equilibrato, alla dermatite atopica \u2013 spesso accompagnata da allergie alimentari \u2013 possono aggiungersi allergie ai <strong>pollini<\/strong> o agli <strong>acari<\/strong> della <strong>polvere<\/strong>, fino ad arrivare all\u2019<strong>asma allergica<\/strong>.<\/p>\t\t\t\t\t\t\t\t<\/div>\n\t\t\t\t<\/div>\n\t\t\t\t<div class=\"elementor-element elementor-element-62ad8ba elementor-widget elementor-widget-heading\" data-id=\"62ad8ba\" data-element_type=\"widget\" data-widget_type=\"heading.default\">\n\t\t\t\t<div class=\"elementor-widget-container\">\n\t\t\t\t\t<h2 class=\"elementor-heading-title elementor-size-default\">Perch\u00e9 le allergie sono in costante aumento?<\/h2>\t\t\t\t<\/div>\n\t\t\t\t<\/div>\n\t\t\t\t<div class=\"elementor-element elementor-element-bdda619 elementor-widget elementor-widget-text-editor\" data-id=\"bdda619\" data-element_type=\"widget\" data-widget_type=\"text-editor.default\">\n\t\t\t\t<div class=\"elementor-widget-container\">\n\t\t\t\t\t\t\t\t\t<p>Non \u00e8 ancora del tutto chiaro perch\u00e9 alcune persone sviluppino allergie e altre no. Si sa per\u00f2 che lo <strong>stile di vita moderno<\/strong> le favorisce: <strong>troppa igiene<\/strong>, <strong>inquinamento<\/strong> e <strong>cambiamenti climatici<\/strong> sono fattori ormai riconosciuti nell\u2019aumento delle allergie.<\/p><p>Il problema \u00e8 particolarmente evidente nelle <strong>aree urbane<\/strong>, dove sempre pi\u00f9 persone soffrono di allergie ai pollini. Inquinanti atmosferici come l&#8217;ozono, il biossido di azoto e le <strong>polveri sottili<\/strong> agiscono come potenti ossidanti, causando infiammazioni delle vie respiratorie. Inoltre, queste sostanze possono <strong>modificare la struttura chimica dei pollini<\/strong>, rendendo gli allergeni ancora pi\u00f9 <strong>aggressivi<\/strong>. Molte <strong>piante<\/strong> producono infatti pi\u00f9 <strong>allergeni<\/strong> quando sono sottoposte a <strong>stress<\/strong>, ad esempio a causa di <strong>caldo<\/strong>, <strong>siccit\u00e0<\/strong> o <strong>elevata esposizione agli inquinanti<\/strong>.<\/p>\t\t\t\t\t\t\t\t<\/div>\n\t\t\t\t<\/div>\n\t\t\t\t<div class=\"elementor-element elementor-element-d1503f0 elementor-widget elementor-widget-heading\" data-id=\"d1503f0\" data-element_type=\"widget\" data-widget_type=\"heading.default\">\n\t\t\t\t<div class=\"elementor-widget-container\">\n\t\t\t\t\t<h2 class=\"elementor-heading-title elementor-size-default\">Predisposizione alle allergie<\/h2>\t\t\t\t<\/div>\n\t\t\t\t<\/div>\n\t\t\t\t<div class=\"elementor-element elementor-element-986f650 elementor-widget elementor-widget-image\" data-id=\"986f650\" data-element_type=\"widget\" data-widget_type=\"image.default\">\n\t\t\t\t<div class=\"elementor-widget-container\">\n\t\t\t\t\t\t\t\t\t\t\t\t\t\t\t<img decoding=\"async\" width=\"700\" height=\"500\" src=\"https:\/\/www.omni-biotic.com\/it-it\/wp-content\/uploads\/sites\/5\/2026\/03\/erbliche-vorbelastung-allergien.jpg\" class=\"attachment-large size-large wp-image-39100\" alt=\"allergie-e-intestino\" srcset=\"https:\/\/www.omni-biotic.com\/it-it\/wp-content\/uploads\/sites\/5\/2026\/03\/erbliche-vorbelastung-allergien.jpg 700w, https:\/\/www.omni-biotic.com\/it-it\/wp-content\/uploads\/sites\/5\/2026\/03\/erbliche-vorbelastung-allergien-300x214.jpg 300w\" sizes=\"(max-width: 700px) 100vw, 700px\" \/>\t\t\t\t\t\t\t\t\t\t\t\t\t\t\t<\/div>\n\t\t\t\t<\/div>\n\t\t\t\t<div class=\"elementor-element elementor-element-e07c544 elementor-widget elementor-widget-text-editor\" data-id=\"e07c544\" data-element_type=\"widget\" data-widget_type=\"text-editor.default\">\n\t\t\t\t<div class=\"elementor-widget-container\">\n\t\t\t\t\t\t\t\t\t<p>Non \u00e8 solo questione di fattori ambientali: <strong data-start=\"112\" data-end=\"151\">la genetica gioca un ruolo decisivo<\/strong>. Se un genitore soffre di allergie, il rischio per il bambino cresce del 20-40%. Se sono entrambi, il rischio aumenta fino all\u201980%!<\/p><p>Tuttavia, <strong>il fattore pi\u00f9 importante<\/strong> che, secondo le attuali conoscenze, pu\u00f2 influenzare lo sviluppo di un\u2019allergia si trova proprio nell\u2019<strong>intestino<\/strong>. Non a caso viene chiamato la \u201c<strong>sede del sistema immunitario<\/strong>\u201d: il nostro microbiota intestinale ospita circa il <strong>70% delle cellule immunitarie<\/strong> produttrici di anticorpi, che regolano la risposta immunitaria. Dopotutto, un\u2019allergia non \u00e8 altro che una reazione eccessiva di questo sistema di difesa.<\/p><p>Numerosi studi dimostrano che alcuni batteri intestinali possono influenzare lo sviluppo delle allergie. Un esempio noto \u00e8 il cosiddetto \u201c<strong>effetto fattoria<\/strong>\u201d: i bambini che crescono in fattoria \u2013 o nelle sue vicinanze \u2013 sviluppano meno spesso allergie. Questo perch\u00e9 l\u2019<strong>esposizione precoce a una grande variet\u00e0 di microrganismi<\/strong>, presenti ad esempio nella polvere della stalla, aiuta a \u201ceducare\u201d il sistema immunitario e a <strong>rafforzare la tolleranza agli allergeni<\/strong>.<\/p>\t\t\t\t\t\t\t\t<\/div>\n\t\t\t\t<\/div>\n\t\t\t\t<div class=\"elementor-element elementor-element-f94090a elementor-widget elementor-widget-infobox\" data-id=\"f94090a\" data-element_type=\"widget\" data-widget_type=\"infobox.default\">\n\t\t\t\t<div class=\"elementor-widget-container\">\n\t\t\t\t\t\n<div class=\"li-widgets--infobox blue highlights-always-magenta\">\n\n    <div class=\"li-widgets--infobox__icon\">\n        <i aria-hidden=\"true\" class=\"fas fa-bacteria\"><\/i>    <\/div>\n    <div class=\"li-widgets--infobox__text\">\n        Studi dimostrano che i neonati con una bassa diversit\u00e0 microbica hanno un rischio maggiore di sviluppare allergie.\n    <\/div>\n    <div class=\"li-widgets--infobox__text-body\">\n            <\/div>\n\n    \n<\/div>\n\t\t\t\t<\/div>\n\t\t\t\t<\/div>\n\t\t\t\t<div class=\"elementor-element elementor-element-9b44c6f elementor-widget elementor-widget-heading\" data-id=\"9b44c6f\" data-element_type=\"widget\" data-widget_type=\"heading.default\">\n\t\t\t\t<div class=\"elementor-widget-container\">\n\t\t\t\t\t<h2 class=\"elementor-heading-title elementor-size-default\">Igiene eccessiva<\/h2>\t\t\t\t<\/div>\n\t\t\t\t<\/div>\n\t\t\t\t<div class=\"elementor-element elementor-element-84915fd elementor-widget elementor-widget-text-editor\" data-id=\"84915fd\" data-element_type=\"widget\" data-widget_type=\"text-editor.default\">\n\t\t\t\t<div class=\"elementor-widget-container\">\n\t\t\t\t\t\t\t\t\t<p>L\u2019effetto opposto all\u2019&#8221;effetto fattoria&#8221; \u00e8 noto come <strong>ipotesi igienica<\/strong>. &#8220;Oggi si ritiene che un\u2019igiene eccessiva possa favorire lo sviluppo di allergie, perch\u00e9 porta a una costante sovraattivazione del sistema immunitario innato&#8221;, spiega Heschl.<\/p><p>Un esempio riguarda i <strong>neonati<\/strong> a cui viene fatto troppo spesso il bagnetto. Se la pelle del bambino viene lavata troppo spesso, soprattutto con lozioni o saponi aggressivi, perde il suo strato protettivo naturale e i batteri \u201cbuoni\u201d che la difendono dagli agenti patogeni.\u00a0Proprio il giusto <strong>equilibrio del pH<\/strong> e la presenza di una ricca variet\u00e0 di <strong>batteri commensali<\/strong> \u2013 cio\u00e8 microrganismi protettivi e benefici \u2013 sono fondamentali per difendersi dalle allergie. <strong>Uno stile di vita troppo \u201cpulito\u201d<\/strong> pu\u00f2 compromettere questi meccanismi anche nell\u2019<strong>intestino<\/strong>.<\/p><p>Numerosi studi dimostrano che esiste un legame stretto tra il microbiota della pelle e\u00a0 il microbiota intestinale, tanto che gli esperti parlano di \u201casse intestino-pelle\u201d. Di conseguenza, <strong>le persone con disturbi cutanei<\/strong> spesso presentano anche <strong>problemi gastrointestinali<\/strong> \u2013 e viceversa.<\/p>\t\t\t\t\t\t\t\t<\/div>\n\t\t\t\t<\/div>\n\t\t\t\t<div class=\"elementor-element elementor-element-a605e0b elementor-widget elementor-widget-heading\" data-id=\"a605e0b\" data-element_type=\"widget\" data-widget_type=\"heading.default\">\n\t\t\t\t<div class=\"elementor-widget-container\">\n\t\t\t\t\t<h2 class=\"elementor-heading-title elementor-size-default\">Risposta immunitaria innata e acquisita<\/h2>\t\t\t\t<\/div>\n\t\t\t\t<\/div>\n\t\t\t\t<div class=\"elementor-element elementor-element-11bebe1 elementor-widget elementor-widget-text-editor\" data-id=\"11bebe1\" data-element_type=\"widget\" data-widget_type=\"text-editor.default\">\n\t\t\t\t<div class=\"elementor-widget-container\">\n\t\t\t\t\t\t\t\t\t<p>Nel corso dell\u2019evoluzione, l\u2019uomo ha sviluppato un <strong>complesso sistema di difesa<\/strong> per proteggersi dagli agenti patogeni. Il sistema immunitario \u00e8 in parte innato e in parte acquisito. &#8220;I <strong>bambini<\/strong> hanno un <strong>sistema immunitario molto competente<\/strong> \u2013 e questo si basa sul continuo confronto con possibili agenti patogeni&#8221;, sottolinea l\u2019esperto di <strong>microbioma<\/strong>. &#8220;Nel grembo materno il bambino \u00e8 ancora in un ambiente protetto, ma alla nascita il suo sistema immunitario viene improvvisamente esposto a un mondo completamente nuovo \u2013 e da quel momento si <strong>attiva<\/strong> immediatamente <strong>la risposta immunitaria innata<\/strong>&#8220;.<\/p><p>Solo se il sistema immunitario innato non riesce a eliminare gli agenti patogeni entra in gioco il <strong>sistema immunitario acquisito<\/strong>, che si sviluppa nel <strong>corso della vita<\/strong>. Questo sistema \u00e8 molto pi\u00f9 preciso e ha la capacit\u00e0 di ricordare gli aggressori nel tempo. Le reazioni immunitarie sono regolate dal <strong>complesso equilibrio tra le cellule TH1 e TH2<\/strong>. Nei primi mesi di vita, \u00e8 quindi fondamentale che alcuni ceppi di batteri intestinali, come <strong>bifidobatteri<\/strong> e <strong>lattobacilli<\/strong>, stimolino la maturazione delle cellule TH1, contribuendo a compensare la naturale dominanza TH2 che caratterizza il neonato subito dopo la nascita.<\/p><p data-start=\"86\" data-end=\"382\">Se lo squilibrio tra cellule <strong data-start=\"115\" data-end=\"122\">TH1<\/strong> e <strong data-start=\"125\" data-end=\"132\">TH2<\/strong> persiste oltre la nascita, aumenta la probabilit\u00e0 che il neonato sviluppi in seguito <strong data-start=\"218\" data-end=\"241\">reazioni allergiche<\/strong>, come la dermatite atopica. Numerosi studi hanno dimostrato che i bambini con una <strong data-start=\"312\" data-end=\"341\">bassa diversit\u00e0 microbica<\/strong> hanno un rischio maggiore di allergie. Ad esempio, \u00e8 stato osservato che i bambini nati con <strong data-start=\"437\" data-end=\"448\">cesareo<\/strong> o sottoposti a <strong data-start=\"464\" data-end=\"497\">ripetuti cicli di antibiotici<\/strong> hanno un minor numero di specie batteriche nel microbiota intestinale e per questo una maggiore predisposizione a sviluppare allergie. Nei neonati nutriti con <strong>latte artificiale<\/strong>, invece che al seno, il microbiota mostra spesso caratteristiche simili a quelle dei bambini con minor variet\u00e0 batterica. Anche il microbiota materno gioca un ruolo importante: durante un <strong>parto\u00a0naturale<\/strong>, infatti, la flora intestinale della madre viene trasferita al bambino, influenzandone la predisposizione alle allergie.<\/p>\t\t\t\t\t\t\t\t<\/div>\n\t\t\t\t<\/div>\n\t\t\t\t<div class=\"elementor-element elementor-element-565207d elementor-widget elementor-widget-heading\" data-id=\"565207d\" data-element_type=\"widget\" data-widget_type=\"heading.default\">\n\t\t\t\t<div class=\"elementor-widget-container\">\n\t\t\t\t\t<h2 class=\"elementor-heading-title elementor-size-default\">Prevenzione con i probiotici<\/h2>\t\t\t\t<\/div>\n\t\t\t\t<\/div>\n\t\t\t\t<div class=\"elementor-element elementor-element-004798a elementor-widget elementor-widget-image\" data-id=\"004798a\" data-element_type=\"widget\" data-widget_type=\"image.default\">\n\t\t\t\t<div class=\"elementor-widget-container\">\n\t\t\t\t\t\t\t\t\t\t\t\t\t\t\t<img loading=\"lazy\" decoding=\"async\" width=\"700\" height=\"500\" src=\"https:\/\/www.omni-biotic.com\/it-it\/wp-content\/uploads\/sites\/5\/2026\/03\/probiotika-behandlungsalternative-allergien.jpg\" class=\"attachment-large size-large wp-image-39101\" alt=\"allergie-e-intestino\" srcset=\"https:\/\/www.omni-biotic.com\/it-it\/wp-content\/uploads\/sites\/5\/2026\/03\/probiotika-behandlungsalternative-allergien.jpg 700w, https:\/\/www.omni-biotic.com\/it-it\/wp-content\/uploads\/sites\/5\/2026\/03\/probiotika-behandlungsalternative-allergien-300x214.jpg 300w\" sizes=\"(max-width: 700px) 100vw, 700px\" \/>\t\t\t\t\t\t\t\t\t\t\t\t\t\t\t<\/div>\n\t\t\t\t<\/div>\n\t\t\t\t<div class=\"elementor-element elementor-element-beafe7d elementor-widget elementor-widget-text-editor\" data-id=\"beafe7d\" data-element_type=\"widget\" data-widget_type=\"text-editor.default\">\n\t\t\t\t<div class=\"elementor-widget-container\">\n\t\t\t\t\t\t\t\t\t<p>Ed \u00e8 proprio qui che entra in gioco una strategia importante per <strong>prevenire lo sviluppo delle allergie gi\u00e0 nei primi mesi di vita<\/strong>, soprattutto nei bambini con predisposizione familiare: ristabilire il giusto equilibrio tra cellule TH1 e TH2.<\/p><p>Numerosi studi hanno dimostrato che alcuni<strong> ceppi batterici<\/strong> probiotici possiedono proprio questa capacit\u00e0. Inoltre, anche nei bambini che presentano gi\u00e0 allergie nei primi mesi di vita, \u00e8 stato osservato che l\u2019assunzione di <strong>una combinazione specifica di batteri<\/strong> <strong>probiotici<\/strong> \u2013 somministrata alla madre negli ultimi mesi di gravidanza e al bambino durante il primo anno di vita \u2013 pu\u00f2 <strong>ridurre<\/strong> la comparsa di <strong>eczema<\/strong> di <strong>oltre il 70%<\/strong>, con effetti benefici che si mantengono anche dopo la sospensione del probiotico.<\/p>\t\t\t\t\t\t\t\t<\/div>\n\t\t\t\t<\/div>\n\t\t\t\t<div class=\"elementor-element elementor-element-e2aacec elementor-widget elementor-widget-heading\" data-id=\"e2aacec\" data-element_type=\"widget\" data-widget_type=\"heading.default\">\n\t\t\t\t<div class=\"elementor-widget-container\">\n\t\t\t\t\t<h2 class=\"elementor-heading-title elementor-size-default\">Fasi dello sviluppo delle allergie<\/h2>\t\t\t\t<\/div>\n\t\t\t\t<\/div>\n\t\t\t\t<div class=\"elementor-element elementor-element-87348fb elementor-widget elementor-widget-text-editor\" data-id=\"87348fb\" data-element_type=\"widget\" data-widget_type=\"text-editor.default\">\n\t\t\t\t<div class=\"elementor-widget-container\">\n\t\t\t\t\t\t\t\t\t<p>Molti pensano ancora che le allergie si sviluppino principalmente durante l\u2019infanzia, ma, come sottolinea Heschl: \u00abCi sono <strong>diverse fasi della vita<\/strong> in cui le allergie possono <strong>comparire<\/strong>\u00bb.<\/p><p>Momenti particolarmente delicati sono quelli in cui il nostro sistema immunitario deve adattarsi a un nuovo ambiente microbico, ad esempio l\u2019<strong>ingresso all\u2019asilo<\/strong> o a <strong>scuola<\/strong>, o la <strong>pubert\u00e0<\/strong>, caratterizzata da un contatto fisico pi\u00f9 intenso con gli altri. Se in quei periodi il \u201ccentro immunitario\u201d dell\u2019organismo, cio\u00e8 l<strong>\u2019intestino<\/strong>, non \u00e8 in <strong>equilibrio<\/strong>, possono comparire rapidamente <strong>nuove allergie<\/strong>.<\/p><p>Anche in <strong>et\u00e0 adulta<\/strong> non si \u00e8 completamente al sicuro: pu\u00f2 capitare di manifestare sintomi allergici quasi \u201cda un giorno all\u2019altro\u201d. &#8220;Questo accade soprattutto perch\u00e9, con l\u2019avanzare dell\u2019et\u00e0, <strong>diminuisce<\/strong> la <strong>produzione di muco nelle mucose del corpo<\/strong>, permettendo a un maggior numero di potenziali allergeni e tossine di entrare cos\u00ec nell\u2019organismo&#8221;, spiega l\u2019esperto.<\/p>\t\t\t\t\t\t\t\t<\/div>\n\t\t\t\t<\/div>\n\t\t\t\t<div class=\"elementor-element elementor-element-0e2c495 elementor-widget elementor-widget-heading\" data-id=\"0e2c495\" data-element_type=\"widget\" data-widget_type=\"heading.default\">\n\t\t\t\t<div class=\"elementor-widget-container\">\n\t\t\t\t\t<h2 class=\"elementor-heading-title elementor-size-default\">Obiettivo principale: rafforzare la barriera intestinale<\/h2>\t\t\t\t<\/div>\n\t\t\t\t<\/div>\n\t\t\t\t<div class=\"elementor-element elementor-element-c9e7ad8 elementor-widget elementor-widget-image\" data-id=\"c9e7ad8\" data-element_type=\"widget\" data-widget_type=\"image.default\">\n\t\t\t\t<div class=\"elementor-widget-container\">\n\t\t\t\t\t\t\t\t\t\t\t\t\t\t\t<img loading=\"lazy\" decoding=\"async\" width=\"700\" height=\"500\" src=\"https:\/\/www.omni-biotic.com\/it-it\/wp-content\/uploads\/sites\/5\/2026\/03\/darmbarriere-c-institut-allergosan-2.jpg\" class=\"attachment-large size-large wp-image-39102\" alt=\"allergie-e-intestino\" srcset=\"https:\/\/www.omni-biotic.com\/it-it\/wp-content\/uploads\/sites\/5\/2026\/03\/darmbarriere-c-institut-allergosan-2.jpg 700w, https:\/\/www.omni-biotic.com\/it-it\/wp-content\/uploads\/sites\/5\/2026\/03\/darmbarriere-c-institut-allergosan-2-300x214.jpg 300w\" sizes=\"(max-width: 700px) 100vw, 700px\" \/>\t\t\t\t\t\t\t\t\t\t\t\t\t\t\t<\/div>\n\t\t\t\t<\/div>\n\t\t\t\t<div class=\"elementor-element elementor-element-0df50e5 elementor-widget elementor-widget-text-editor\" data-id=\"0df50e5\" data-element_type=\"widget\" data-widget_type=\"text-editor.default\">\n\t\t\t\t<div class=\"elementor-widget-container\">\n\t\t\t\t\t\t\t\t\t<p data-start=\"156\" data-end=\"581\">Una <strong data-start=\"160\" data-end=\"190\">barriera intestinale forte<\/strong> \u2013 insieme a un sistema immunitario equilibrato \u2013 \u00e8 fondamentale per prevenire le allergie. In un intestino sano, la barriera intestinale funziona come uno <strong data-start=\"334\" data-end=\"357\">scudo impenetrabile<\/strong> contro agenti esterni e allergeni. Tuttavia, fattori negativi legati allo stile di vita possono <strong>indebolirla<\/strong>, rendendola pi\u00f9 permeabile a componenti alimentari, <strong>sostanze tossiche<\/strong> e <strong>allergeni<\/strong> che da qui entrano nell\u2019organismo.<\/p><p data-start=\"583\" data-end=\"1249\"><strong>Stress<\/strong> cronico, l\u2019uso di <strong>antibiotici<\/strong> o di altri farmaci\u00a0 ma anche una <strong>dieta monotona<\/strong> e <strong>povera di fibre<\/strong> aumentano quindi la probabilit\u00e0 di sviluppare allergie o intolleranze alimentari anche da adulti. Per questo il dott. Heschl raccomanda: \u00abTutte le misure che rafforzano la barriera intestinale come scudo microbico contro agenti negativi esterni aiutano a rendere il sistema immunitario pi\u00f9&#8221;tollerante&#8221; e a ridurre le reazioni allergiche eccessive. Se solo pochi allergeni riescono a superare la barriera intestinale, il sistema immunitario pu\u00f2 concentrarsi sulle vere minacce, come agenti patogeni pericolosi o sempre pi\u00f9 spesso resistenti agli antibiotici\u00bb.<\/p><p data-start=\"1251\" data-end=\"1518\">La <strong data-start=\"1254\" data-end=\"1281\">condizione fondamentale<\/strong> per una barriera intestinale efficace \u00e8 una <strong data-start=\"1326\" data-end=\"1377\">quantit\u00e0 sufficiente di batteri immunomodulanti<\/strong>. Alcuni ceppi batterici speciali possono stimolare il sistema di difesa aumentando la produzione di sostanze immunitarie importanti, come:<\/p><ul data-start=\"1520\" data-end=\"1777\"><li data-section-id=\"1pvqqr1\" data-start=\"1520\" data-end=\"1631\"><p data-start=\"1522\" data-end=\"1631\"><strong data-start=\"1522\" data-end=\"1561\">Immunoglobulina A secretoria (sIgA)<\/strong>, che impedisce ai patogeni di aderire e moltiplicarsi sulle mucose;<\/p><\/li><li data-section-id=\"1lds5bq\" data-start=\"1632\" data-end=\"1777\"><p data-start=\"1634\" data-end=\"1777\"><strong data-start=\"1634\" data-end=\"1662\">Interleuchina-10 (IL-10)<\/strong>, una molecola immunitaria con effetto antinfiammatorio che aiuta a bilanciare il rapporto tra cellule TH1 e TH2.<\/p><\/li><\/ul><p>\u00a0<\/p><p data-start=\"1634\" data-end=\"1777\">Anche i <strong data-start=\"1787\" data-end=\"1837\">probiotici di rilevanza medica<\/strong> rappresentano un aiuto decisivo. In uno studio effettuato su atleti di alto livello, l\u2019assunzione per sole quattro settimane di un probiotico multispecie composto da sei ceppi immunomodulanti ha normalizzato i livelli di sIgA nel 44% dei partecipanti.<\/p><p data-start=\"1634\" data-end=\"1777\">Il nostro <strong data-start=\"2093\" data-end=\"2119\">microbiota intestinale<\/strong> gioca quindi un ruolo chiave sia nella <strong data-start=\"2159\" data-end=\"2171\">comparsa<\/strong> sia nella <strong data-start=\"2182\" data-end=\"2212\">prevenzione delle allergie<\/strong>. Questo apre opportunit\u00e0 concrete anche per chi \u2013 e ormai riguarda la maggior parte della popolazione mondiale \u2013 \u00e8 cresciuto lontano da ambienti rurali. Una <strong>flora intestinale sana garantisce una barriera intestinale robusta<\/strong>, rendendo il nostro <strong>sistema immunitario pi\u00f9 tollerante<\/strong> verso stimoli esterni generalmente innocui, dal pelo di gatto al polline di betulla.<\/p>\t\t\t\t\t\t\t\t<\/div>\n\t\t\t\t<\/div>\n\t\t\t\t<div class=\"elementor-element elementor-element-bc03f32 elementor-widget elementor-widget-li-widgets--author-quote\" data-id=\"bc03f32\" data-element_type=\"widget\" data-widget_type=\"li-widgets--author-quote.default\">\n\t\t\t\t<div class=\"elementor-widget-container\">\n\t\t\t\t\t<div class=\"li-widgets--author-quote blue\">\n            <div class=\"li-widgets--author-quote__image--wrapper\">\n            <div class=\"li-widgets--author-quote__image\">\n                <img loading=\"lazy\" decoding=\"async\" width=\"248\" height=\"300\" src=\"https:\/\/www.omni-biotic.com\/it-it\/wp-content\/uploads\/sites\/5\/2026\/03\/dr-Adolf_Heschl-248x300.jpg\" class=\"attachment-medium size-medium\" alt=\"dott-heschl-allergie-allergosan-microbioma\" srcset=\"https:\/\/www.omni-biotic.com\/it-it\/wp-content\/uploads\/sites\/5\/2026\/03\/dr-Adolf_Heschl-248x300.jpg 248w, https:\/\/www.omni-biotic.com\/it-it\/wp-content\/uploads\/sites\/5\/2026\/03\/dr-Adolf_Heschl-768x930.jpg 768w, https:\/\/www.omni-biotic.com\/it-it\/wp-content\/uploads\/sites\/5\/2026\/03\/dr-Adolf_Heschl.jpg 780w\" sizes=\"(max-width: 248px) 100vw, 248px\" \/>            <\/div>\n        <\/div>\n        <div class=\"li-widgets--author-quote__content\">\n        <div class=\"li-widgets--author-quote__author\">\n            Dott. Heschl                    <\/div>\n        <div class=\"li-widgets--author-quote__text\">\n            Il dott. Heschl ha studiato zoologia e botanica presso l\u2019Universit\u00e0 Karl-Franzens di Graz (Austria). Biologo ed esperto di evoluzione, da oltre dieci anni si dedica alla consulenza medico-scientifica e alla ricerca sul microbioma.        <\/div>\n            <\/div>\n    <\/div>\n\t\t\t\t<\/div>\n\t\t\t\t<\/div>\n\t\t\t\t\t<\/div>\n\t\t\t\t<\/div>\n\t\t\t\t<\/div>\n\t\t","protected":false},"excerpt":{"rendered":"<p>Quando, all\u2019inizio della primavera, i pollini iniziano a volare nell\u2019aria, il primo starnuto \u00e8 spesso un brusco promemoria per chi soffre di allergie. Nei paesi industrializzati, le allergie sono in costante aumento. In tutto questo, l\u2019intestino, e in particolare i batteri che lo popolano, giocano un ruolo fondamentale: questi microrganismi \u201ccollaborano\u201d con il sistema immunitario, aiutandolo a riconoscere correttamente le sostanze estranee e a modulare la risposta immunitaria. Grazie a questa cooperazione, l\u2019intestino contribuisce a educare il nostro sistema di difesa fin dall\u2019infanzia e continua a influenzare il modo in cui reagiamo agli allergeni anche in et\u00e0 adulta.<\/p>\n","protected":false},"author":45,"featured_media":39104,"comment_status":"closed","ping_status":"closed","sticky":false,"template":"","format":"standard","meta":{"_acf_changed":false,"inline_featured_image":false,"footnotes":""},"categories":[107,109,110],"tags":[],"class_list":["post-39095","post","type-post","status-publish","format-standard","has-post-thumbnail","hentry","category-disturbi-e-consigli","category-institut-allergosan","category-scoperte-scientifiche"],"acf":[],"rank_math":{"og:title":"Allergie e intestino: perch\u00e9 il microbiota intestinale \u00e8 fondamentale? - OMNi-BiOTiC\u00ae","og:desc":"Allergie e intestino sono collegati: un microbiota intestinale in equilibrio rafforza il sistema immunitario e riduce il rischio di reazioni allergiche.","og:url":"https:\/\/www.omni-biotic.com\/it-it\/blog\/allergie-e-intestino\/","og:locale":"it_IT","og:image":"https:\/\/www.omni-biotic.com\/it-it\/wp-content\/uploads\/sites\/5\/2026\/03\/IT_BLOG_Visuals-5.png","og:image:width":"800","og:image:height":"500"},"additional_data":{"thumbnail":"https:\/\/www.omni-biotic.com\/it-it\/wp-content\/uploads\/sites\/5\/2026\/03\/IT_BLOG_Visuals-5.png"},"blog_info":{"country":"it-it"},"_links":{"self":[{"href":"https:\/\/www.omni-biotic.com\/it-it\/wp-json\/wp\/v2\/posts\/39095","targetHints":{"allow":["GET"]}}],"collection":[{"href":"https:\/\/www.omni-biotic.com\/it-it\/wp-json\/wp\/v2\/posts"}],"about":[{"href":"https:\/\/www.omni-biotic.com\/it-it\/wp-json\/wp\/v2\/types\/post"}],"author":[{"embeddable":true,"href":"https:\/\/www.omni-biotic.com\/it-it\/wp-json\/wp\/v2\/users\/45"}],"replies":[{"embeddable":true,"href":"https:\/\/www.omni-biotic.com\/it-it\/wp-json\/wp\/v2\/comments?post=39095"}],"version-history":[{"count":7,"href":"https:\/\/www.omni-biotic.com\/it-it\/wp-json\/wp\/v2\/posts\/39095\/revisions"}],"predecessor-version":[{"id":39225,"href":"https:\/\/www.omni-biotic.com\/it-it\/wp-json\/wp\/v2\/posts\/39095\/revisions\/39225"}],"wp:featuredmedia":[{"embeddable":true,"href":"https:\/\/www.omni-biotic.com\/it-it\/wp-json\/wp\/v2\/media\/39104"}],"wp:attachment":[{"href":"https:\/\/www.omni-biotic.com\/it-it\/wp-json\/wp\/v2\/media?parent=39095"}],"wp:term":[{"taxonomy":"category","embeddable":true,"href":"https:\/\/www.omni-biotic.com\/it-it\/wp-json\/wp\/v2\/categories?post=39095"},{"taxonomy":"post_tag","embeddable":true,"href":"https:\/\/www.omni-biotic.com\/it-it\/wp-json\/wp\/v2\/tags?post=39095"}],"curies":[{"name":"wp","href":"https:\/\/api.w.org\/{rel}","templated":true}]}}