{"id":16328,"date":"2024-12-04T13:30:35Z","date_gmt":"2024-12-04T12:30:35Z","guid":{"rendered":"https:\/\/www.omni-biotic.com\/sk-sk\/detska-kolika\/"},"modified":"2024-12-04T14:07:40Z","modified_gmt":"2024-12-04T13:07:40Z","slug":"dojcenska-kolika","status":"publish","type":"post","link":"https:\/\/www.omni-biotic.com\/sk-sk\/blog\/dojcenska-kolika\/","title":{"rendered":"Detsk\u00e1 kolika"},"content":{"rendered":"\t\t<div data-elementor-type=\"wp-post\" data-elementor-id=\"16328\" class=\"elementor elementor-16328\" data-elementor-post-type=\"post\">\n\t\t\t\t<div class=\"elementor-element elementor-element-3ce009a obcs none e-flex e-con-boxed e-con e-parent\" data-id=\"3ce009a\" data-element_type=\"container\">\n\t\t\t\t\t<div class=\"e-con-inner\">\n\t\t\t\t<div class=\"elementor-element elementor-element-c51be79 elementor-widget elementor-widget-heading\" data-id=\"c51be79\" data-element_type=\"widget\" data-widget_type=\"heading.default\">\n\t\t\t\t<div class=\"elementor-widget-container\">\n\t\t\t\t\t<h2 class=\"elementor-heading-title elementor-size-default\">\u010co je to kolika?\n<\/h2>\t\t\t\t<\/div>\n\t\t\t\t<\/div>\n\t\t\t\t<div class=\"elementor-element elementor-element-921b0ec elementor-widget elementor-widget-text-editor\" data-id=\"921b0ec\" data-element_type=\"widget\" data-widget_type=\"text-editor.default\">\n\t\t\t\t<div class=\"elementor-widget-container\">\n\t\t\t\t\t\t\t\t\t<p>V medic\u00edne sa\u00a0<strong>detsk\u00e1 kolika<\/strong>\u00a0v s\u00fa\u010dasnosti ozna\u010duje ako\u00a0<strong>regula\u010dn\u00e1 porucha<\/strong>. Zvy\u010dajne sa koliky u novorodencov za\u010d\u00ednaj\u00fa okolo druh\u00e9ho t\u00fd\u017ed\u0148a \u017eivota, vrcholia okolo \u0161iesteho t\u00fd\u017ed\u0148a a ustupuj\u00fa koncom tretieho mesiaca \u017eivota. V niektor\u00fdch pr\u00edpadoch v\u0161ak\u00a0<strong>m\u00f4\u017ee pretrv\u00e1va\u0165 po\u010das prv\u00fdch \u0161iestich mesiacov \u017eivota<\/strong>.\u00a0 U b\u00e1b\u00e4tiek to vyvol\u00e1va intenz\u00edvne\u00a0<strong>z\u00e1chvaty pla\u010du.<\/strong><\/p>\t\t\t\t\t\t\t\t<\/div>\n\t\t\t\t<\/div>\n\t\t\t\t\t<\/div>\n\t\t\t\t<\/div>\n\t\t<div class=\"elementor-element elementor-element-3c26ef3 obcs none e-flex e-con-boxed e-con e-parent\" data-id=\"3c26ef3\" data-element_type=\"container\">\n\t\t\t\t\t<div class=\"e-con-inner\">\n\t\t\t\t<div class=\"elementor-element elementor-element-d7e6b1b elementor-widget elementor-widget-heading\" data-id=\"d7e6b1b\" data-element_type=\"widget\" data-widget_type=\"heading.default\">\n\t\t\t\t<div class=\"elementor-widget-container\">\n\t\t\t\t\t<h2 class=\"elementor-heading-title elementor-size-default\">Ako sa prejavuje detsk\u00e1 kolika?<\/h2>\t\t\t\t<\/div>\n\t\t\t\t<\/div>\n\t\t\t\t<div class=\"elementor-element elementor-element-a8f8828 elementor-widget elementor-widget-text-editor\" data-id=\"a8f8828\" data-element_type=\"widget\" data-widget_type=\"text-editor.default\">\n\t\t\t\t<div class=\"elementor-widget-container\">\n\t\t\t\t\t\t\t\t\t<p><strong>Koliky sa<\/strong> u novorodencov okrem in\u00e9ho vyzna\u010duj\u00fa nadmern\u00fdm <strong>pla\u010dom<\/strong>. Detsk\u00e1 kolika je be\u017en\u00fdm a \u010dasto stresuj\u00facim probl\u00e9mom, ktor\u00fd tr\u00e1pi mnoho novorodencov a ich rodi\u010dov. Ide o stav charakterizovan\u00fd intenz\u00edvnym a zd\u013ahav\u00fdm pla\u010dom, ktor\u00fd sa vyskytuje u inak zdrav\u00e9ho die\u0165a\u0165a. Nezriedka tieto f\u00e1zy pla\u010du trvaj\u00fa viac ako <strong>30 min\u00fat bez prest\u00e1vky<\/strong> a celkovo m\u00f4\u017eu trva\u0165 viac ako 3 hodiny denne. To sa v\u0161ak u jednotliv\u00fdch det\u00ed zna\u010dne l\u00ed\u0161i. Vo v\u0161eobecnosti s\u00fa tieto b\u00e1b\u00e4tk\u00e1 ve\u013emi <strong>nepokojn\u00e9<\/strong>\u00a0a len \u0165a\u017eko sa daj\u00fa upokoji\u0165, ak v\u00f4bec. K\u00fdm predt\u00fdm sa predpokladalo, \u017ee\u00a0<a href=\"https:\/\/www.omni-biotic.com\/sk-sk\/blog\/bolest-bruska-u-deti\/\"><strong>boles\u0165 brucha u det\u00ed<\/strong><\/a> je jedin\u00fdm d\u00f4vodom<strong> naf\u00faknut\u00e9ho bru\u0161ka<\/strong>, vzduch v bru\u0161ku je \u010dasto d\u00f4sledkom, ale <strong>nie pr\u00ed\u010dinou pla\u010du<\/strong>. To je tie\u017e d\u00f4vod, pre\u010do lek\u00e1ri dnes hovoria o <strong>poruch\u00e1ch regul\u00e1cie<\/strong> a nie o <strong>kolik\u00e1ch<\/strong>.<\/p>\t\t\t\t\t\t\t\t<\/div>\n\t\t\t\t<\/div>\n\t\t\t\t\t<\/div>\n\t\t\t\t<\/div>\n\t\t<div class=\"elementor-element elementor-element-b12570b obcs none e-flex e-con-boxed e-con e-parent\" data-id=\"b12570b\" data-element_type=\"container\">\n\t\t\t\t\t<div class=\"e-con-inner\">\n\t\t\t\t<div class=\"elementor-element elementor-element-05de05e elementor-widget elementor-widget-image\" data-id=\"05de05e\" data-element_type=\"widget\" data-widget_type=\"image.default\">\n\t\t\t\t<div class=\"elementor-widget-container\">\n\t\t\t\t\t\t\t\t\t\t\t\t\t\t\t<img fetchpriority=\"high\" decoding=\"async\" width=\"800\" height=\"800\" src=\"https:\/\/www.omni-biotic.com\/sk-sk\/wp-content\/uploads\/sites\/9\/2022\/01\/koliky-u-novorodencov-1024x1024.jpg\" class=\"attachment-large size-large wp-image-25952\" alt=\"\" srcset=\"https:\/\/www.omni-biotic.com\/sk-sk\/wp-content\/uploads\/sites\/9\/2022\/01\/koliky-u-novorodencov-1024x1024.jpg 1024w, https:\/\/www.omni-biotic.com\/sk-sk\/wp-content\/uploads\/sites\/9\/2022\/01\/koliky-u-novorodencov-300x300.jpg 300w, https:\/\/www.omni-biotic.com\/sk-sk\/wp-content\/uploads\/sites\/9\/2022\/01\/koliky-u-novorodencov-150x150.jpg 150w, https:\/\/www.omni-biotic.com\/sk-sk\/wp-content\/uploads\/sites\/9\/2022\/01\/koliky-u-novorodencov-768x768.jpg 768w, https:\/\/www.omni-biotic.com\/sk-sk\/wp-content\/uploads\/sites\/9\/2022\/01\/koliky-u-novorodencov.jpg 1080w\" sizes=\"(max-width: 800px) 100vw, 800px\" title=\"\">\t\t\t\t\t\t\t\t\t\t\t\t\t\t\t<\/div>\n\t\t\t\t<\/div>\n\t\t\t\t<div class=\"elementor-element elementor-element-76d62d8 elementor-widget elementor-widget-heading\" data-id=\"76d62d8\" data-element_type=\"widget\" data-widget_type=\"heading.default\">\n\t\t\t\t<div class=\"elementor-widget-container\">\n\t\t\t\t\t<h2 class=\"elementor-heading-title elementor-size-default\">Pr\u00ed\u010diny koliky<\/h2>\t\t\t\t<\/div>\n\t\t\t\t<\/div>\n\t\t\t\t<div class=\"elementor-element elementor-element-4f4dc87 elementor-widget elementor-widget-text-editor\" data-id=\"4f4dc87\" data-element_type=\"widget\" data-widget_type=\"text-editor.default\">\n\t\t\t\t<div class=\"elementor-widget-container\">\n\t\t\t\t\t\t\t\t\t<p>Presn\u00e1 pr\u00ed\u010dina kol\u00edk nie je zn\u00e1ma, ale existuje nieko\u013eko te\u00f3ri\u00ed:<\/p><ol><li><strong>Nezrelos\u0165 tr\u00e1viaceho syst\u00e9mu<\/strong>: Novorodenci e\u0161te nemaj\u00fa plne vyvinut\u00fd tr\u00e1viaci syst\u00e9m, \u010do m\u00f4\u017ee sp\u00f4sobi\u0165 probl\u00e9my s tr\u00e1ven\u00edm a hromaden\u00edm plynov.<\/li><li><strong>Preh\u013atanie vzduchu<\/strong>: Pri k\u0155men\u00ed alebo pla\u010di m\u00f4\u017ee die\u0165a preh\u013ata\u0165 vzduch, \u010do sp\u00f4sobuje nafukovanie a nepohodlie.<\/li><li><strong>Alergie alebo intolerancia<\/strong>: U niektor\u00fdch det\u00ed m\u00f4\u017ee by\u0165 kolika spojen\u00e1 s alergiou na kravsk\u00e9 mlieko alebo in\u00fdmi zlo\u017ekami matersk\u00e9ho mlieka alebo umel\u00e9ho mlieka.<\/li><li><strong>Citlivos\u0165 na podnety<\/strong>: Niektor\u00e9 deti s\u00fa citlivej\u0161ie na zvuky, svetlo alebo zmeny prostredia, \u010do m\u00f4\u017ee sp\u00f4sobi\u0165 nadmern\u00fd stres a pla\u010d.<\/li><\/ol>\t\t\t\t\t\t\t\t<\/div>\n\t\t\t\t<\/div>\n\t\t\t\t<div class=\"elementor-element elementor-element-47f8d7f elementor-widget elementor-widget-heading\" data-id=\"47f8d7f\" data-element_type=\"widget\" data-widget_type=\"heading.default\">\n\t\t\t\t<div class=\"elementor-widget-container\">\n\t\t\t\t\t<h2 class=\"elementor-heading-title elementor-size-default\">\u010co pom\u00e1ha pri detsk\u00fdch kolik\u00e1ch?<\/h2>\t\t\t\t<\/div>\n\t\t\t\t<\/div>\n\t\t\t\t<div class=\"elementor-element elementor-element-57d5389 elementor-widget elementor-widget-text-editor\" data-id=\"57d5389\" data-element_type=\"widget\" data-widget_type=\"text-editor.default\">\n\t\t\t\t<div class=\"elementor-widget-container\">\n\t\t\t\t\t\t\t\t\t<p>M\u00f4\u017ee sa zda\u0165, \u017ee pri skuto\u010dnej kolike ni\u010d a nikto die\u0165a\u0165u neu\u013eav\u00ed. Vo v\u0161eobecnosti m\u00e1 zmysel\u00a0<strong>poradi\u0165 sa s lek\u00e1rom<\/strong>, aby ur\u010dil presn\u00fa pr\u00ed\u010dinu. Okrem toho je d\u00f4le\u017eit\u00fd pravideln\u00fd denn\u00fd re\u017eim, \u010do znamen\u00e1\u00a0<strong>pravideln\u00e9 doj\u010denie<\/strong>, najlep\u0161ie v uvo\u013enenej atmosf\u00e9re, aby die\u0165a pri pit\u00ed pravidelne d\u00fdchalo a nepreh\u013atalo viac vzduchu.\u00a0<strong>Matersk\u00e9 mlieko<\/strong>\u00a0potrebuje pribli\u017ene 3 hodiny, k\u00fdm sa \u00faplne str\u00e1vi. Ka\u017ed\u00fd \u010derstv\u00fd d\u00fa\u0161ok pridan\u00fd do nedokon\u010den\u00e9ho procesu tr\u00e1venia m\u00f4\u017ee vyvola\u0165 nepr\u00edjemn\u00e9 pocity v bru\u0161ku b\u00e1b\u00e4tka. Vplyv m\u00f4\u017ee ma\u0165 aj\u00a0<strong>zmena polohy pri doj\u010den\u00ed<\/strong>\u00a0alebo k\u0155men\u00ed. Fyzick\u00fd kontakt m\u00e1 na b\u00e1b\u00e4tk\u00e1 \u010dasto aj upokojuj\u00faci \u00fa\u010dinok. Mnoh\u00fdm b\u00e1b\u00e4tk\u00e1m pom\u00e1ha jemn\u00e1\u00a0<strong>mas\u00e1\u017e bru\u0161ka <\/strong>alebo<strong>\u00a0<span style=\"color: var( --e-global-color-text );text-align: var(--text-align);background-color: inherit;font-family: var( --e-global-typography-text-font-family ), -apple-system,BlinkMacSystemFont,Segoe UI,Roboto,Helvetica Neue,Arial,Noto Sans,sans-serif;font-size: var( --e-global-typography-text-font-size );font-style: var( --e-global-typography-text-font-style );letter-spacing: var( --e-global-typography-text-letter-spacing );text-transform: var( --e-global-typography-text-text-transform )\">jemn\u00e9 bicyklovanie no\u017ei\u010dkami<\/span><\/strong><span style=\"color: var( --e-global-color-text );text-align: var(--text-align);background-color: inherit;font-family: var( --e-global-typography-text-font-family ), -apple-system,BlinkMacSystemFont,Segoe UI,Roboto,Helvetica Neue,Arial,Noto Sans,sans-serif;font-size: var( --e-global-typography-text-font-size );font-style: var( --e-global-typography-text-font-style );font-weight: var( --e-global-typography-text-font-weight );letter-spacing: var( --e-global-typography-text-letter-spacing );text-transform: var( --e-global-typography-text-text-transform )\">. Okrem toho m\u00f4\u017eu by\u0165 u\u017eito\u010dn\u00e9 rastlinn\u00e9 l\u00e1tky zni\u017euj\u00face plynatos\u0165, ako je fenikel, an\u00edz alebo rasca. Napr\u00edklad o feniklovom \u010daji sa hovor\u00ed, \u017ee m\u00e1 ve\u013emi dobr\u00fd \u00fa\u010dinok proti plynatosti.<\/span><\/p>\t\t\t\t\t\t\t\t<\/div>\n\t\t\t\t<\/div>\n\t\t\t\t<div class=\"elementor-element elementor-element-4e9dc19 elementor-widget elementor-widget-infobox\" data-id=\"4e9dc19\" data-element_type=\"widget\" data-widget_type=\"infobox.default\">\n\t\t\t\t<div class=\"elementor-widget-container\">\n\t\t\t\t\t\n<div class=\"li-widgets--infobox blue highlights-always-magenta\">\n\n    <div class=\"li-widgets--infobox__icon\">\n        <i aria-hidden=\"true\" class=\"fas fa-quote-right\"><\/i>    <\/div>\n    <div class=\"li-widgets--infobox__text\">\n            <\/div>\n    <div class=\"li-widgets--infobox__text-body\">\n        <h4 id=\"ext-gen169\"><i>Doj\u010densk\u00e9 koliky sp\u00f4sobuj\u00fa de\u0165om naozaj siln\u00e9 bolesti. Treba ich odl\u00ed\u0161i\u0165 od typick\u00e9ho ne\u0161kodn\u00e9ho pla\u010du.<\/i><\/h4>    <\/div>\n\n    \n<\/div>\n\t\t\t\t<\/div>\n\t\t\t\t<\/div>\n\t\t\t\t\t<\/div>\n\t\t\t\t<\/div>\n\t\t<div class=\"elementor-element elementor-element-4ecf19c obcs none e-flex e-con-boxed e-con e-parent\" data-id=\"4ecf19c\" data-element_type=\"container\">\n\t\t\t\t\t<div class=\"e-con-inner\">\n\t\t\t\t<div class=\"elementor-element elementor-element-a2cc492 elementor-widget elementor-widget-text-editor\" data-id=\"a2cc492\" data-element_type=\"widget\" data-widget_type=\"text-editor.default\">\n\t\t\t\t<div class=\"elementor-widget-container\">\n\t\t\t\t\t\t\t\t\t<p>Ak zist\u00edte, \u017ee m\u00e1 va\u0161e die\u0165atko bolesti, pok\u00fa\u0161ate sa ho ut\u00ed\u0161i\u0165. Mnoh\u00fdm b\u00e1b\u00e4tk\u00e1m prospieva aj\u00a0<strong>jemn\u00e1 mas\u00e1\u017e bru\u0161ka<\/strong>. Tepl\u00e9 ruky mamy alebo f\u013ea\u0161a s teplou vodou m\u00f4\u017eu pom\u00f4c\u0165 b\u00e1b\u00e4tko trochu upokoji\u0165.\u00a0<strong>Vyh\u00fdbanie sa potravin\u00e1m<\/strong>, ktor\u00e9 matke sp\u00f4sobuj\u00fa tr\u00e1viace probl\u00e9my, tie\u017e pom\u00e1ha zmierni\u0165 plynatos\u0165 die\u0165a\u0165a. Ak vy ako\u00a0<strong>doj\u010diaca matka sama trp\u00edte<\/strong>\u00a0<strong>plynatos\u0165ou<\/strong>, napr. z konzum\u00e1cie kravsk\u00e9ho mlieka alebo v\u00fdrobkov s obsahom dro\u017edia, je ve\u013emi pravdepodobn\u00e9, \u017ee novorodenec bude reagova\u0165 podobne. Jednoducho povedan\u00e9: <i>Ak sa c\u00edtite dobry vy, bude sa c\u00edti\u0165 dobre aj va\u0161e b\u00e1b\u00e4tko! <\/i>Koliky s\u00fa n\u00e1ro\u010dn\u00e9, no d\u00f4le\u017eit\u00e9 je, aby rodi\u010dia zostali pokojn\u00ed. Ak je to potrebn\u00e9, po\u017eiadajte o pomoc rodinu alebo priate\u013eov, aby ste si mohli odd\u00fdchnu\u0165.<\/p>\t\t\t\t\t\t\t\t<\/div>\n\t\t\t\t<\/div>\n\t\t\t\t<div class=\"elementor-element elementor-element-ef265c0 elementor-widget elementor-widget-infobox\" data-id=\"ef265c0\" data-element_type=\"widget\" data-widget_type=\"infobox.default\">\n\t\t\t\t<div class=\"elementor-widget-container\">\n\t\t\t\t\t\n<div class=\"li-widgets--infobox magenta highlights-always-magenta\">\n\n    <div class=\"li-widgets--infobox__icon\">\n        <i aria-hidden=\"true\" class=\"fas fa-quote-right\"><\/i>    <\/div>\n    <div class=\"li-widgets--infobox__text\">\n            <\/div>\n    <div class=\"li-widgets--infobox__text-body\">\n        <h4 id=\"ext-gen169\"><i>Ak sa c\u00edtite dobry vy, bude sa c\u00edti\u0165 dobre aj va\u0161e b\u00e1b\u00e4tko!<\/i><\/h4>    <\/div>\n\n    \n<\/div>\n\t\t\t\t<\/div>\n\t\t\t\t<\/div>\n\t\t\t\t\t<\/div>\n\t\t\t\t<\/div>\n\t\t<div class=\"elementor-element elementor-element-1df8d5a obcs none e-flex e-con-boxed e-con e-parent\" data-id=\"1df8d5a\" data-element_type=\"container\">\n\t\t\t\t\t<div class=\"e-con-inner\">\n\t\t\t\t<div class=\"elementor-element elementor-element-8c0593f elementor-widget elementor-widget-heading\" data-id=\"8c0593f\" data-element_type=\"widget\" data-widget_type=\"heading.default\">\n\t\t\t\t<div class=\"elementor-widget-container\">\n\t\t\t\t\t<h2 class=\"elementor-heading-title elementor-size-default\">Probiotik\u00e1  pre b\u00e1b\u00e4tk\u00e1<\/h2>\t\t\t\t<\/div>\n\t\t\t\t<\/div>\n\t\t\t\t<div class=\"elementor-element elementor-element-47e919a elementor-widget elementor-widget-text-editor\" data-id=\"47e919a\" data-element_type=\"widget\" data-widget_type=\"text-editor.default\">\n\t\t\t\t<div class=\"elementor-widget-container\">\n\t\t\t\t\t\t\t\t\t<p>Okrem toho mo\u017eno \u010drev\u00e1 die\u0165atka podpori\u0165 \u0161peci\u00e1lnymi,\u00a0<strong>vysoko \u00fa\u010dinn\u00fdmi probiotikami<\/strong>. \u0160t\u00fadia, v ktorej novorodenci\u00a0<strong>dost\u00e1vali probiotik\u00e1 po\u010das prv\u00fdch 4 mesiacov \u017eivota<\/strong>, uk\u00e1zala, \u017ee\u00a0<strong>d\u013a\u017eka ich pla\u010du sa<\/strong>\u00a0<strong>v\u00fdrazne zn\u00ed\u017eila<\/strong>. Zo sk\u00faman\u00fdch det\u00ed vykazovalo iba 4,9 % znaky nadmern\u00e9ho pla\u010du (kvoli kolik\u00e1m) \u2013 zatia\u013e \u010do zvy\u010dajne je postihnut\u00e9 pribli\u017ene ka\u017ed\u00e9 tretie die\u0165a. Dokonca ani deti, ktor\u00e9 s\u00fa n\u00e1chylnej\u0161ie na koliky v d\u00f4sledku rodinnej predispoz\u00edcie, neboli \u010dastej\u0161ie postihnut\u00e9 nadmern\u00fdm pla\u010dom a kolikami (Hofmann, 2018).<\/p>\t\t\t\t\t\t\t\t<\/div>\n\t\t\t\t<\/div>\n\t\t\t\t\t<\/div>\n\t\t\t\t<\/div>\n\t\t<div class=\"elementor-element elementor-element-000cfd6 obcs none e-flex e-con-boxed e-con e-parent\" data-id=\"000cfd6\" data-element_type=\"container\">\n\t\t\t\t\t<div class=\"e-con-inner\">\n\t\t\t\t<div class=\"elementor-element elementor-element-a332120 elementor-widget elementor-widget-image\" data-id=\"a332120\" data-element_type=\"widget\" data-widget_type=\"image.default\">\n\t\t\t\t<div class=\"elementor-widget-container\">\n\t\t\t\t\t\t\t\t\t\t\t\t\t\t\t<img decoding=\"async\" width=\"800\" height=\"800\" src=\"https:\/\/www.omni-biotic.com\/sk-sk\/wp-content\/uploads\/sites\/9\/2022\/01\/bolest-brucha-u-deti-koliky-1024x1024.jpg\" class=\"attachment-large size-large wp-image-25953\" alt=\"\" srcset=\"https:\/\/www.omni-biotic.com\/sk-sk\/wp-content\/uploads\/sites\/9\/2022\/01\/bolest-brucha-u-deti-koliky-1024x1024.jpg 1024w, https:\/\/www.omni-biotic.com\/sk-sk\/wp-content\/uploads\/sites\/9\/2022\/01\/bolest-brucha-u-deti-koliky-300x300.jpg 300w, https:\/\/www.omni-biotic.com\/sk-sk\/wp-content\/uploads\/sites\/9\/2022\/01\/bolest-brucha-u-deti-koliky-150x150.jpg 150w, https:\/\/www.omni-biotic.com\/sk-sk\/wp-content\/uploads\/sites\/9\/2022\/01\/bolest-brucha-u-deti-koliky-768x768.jpg 768w, https:\/\/www.omni-biotic.com\/sk-sk\/wp-content\/uploads\/sites\/9\/2022\/01\/bolest-brucha-u-deti-koliky.jpg 1080w\" sizes=\"(max-width: 800px) 100vw, 800px\" title=\"\">\t\t\t\t\t\t\t\t\t\t\t\t\t\t\t<\/div>\n\t\t\t\t<\/div>\n\t\t\t\t<div class=\"elementor-element elementor-element-cd53019 elementor-widget elementor-widget-text-editor\" data-id=\"cd53019\" data-element_type=\"widget\" data-widget_type=\"text-editor.default\">\n\t\t\t\t<div class=\"elementor-widget-container\">\n\t\t\t\t\t\t\t\t\t<p>Mechanizmus <strong>\u00fa\u010dinku probiot\u00edk<\/strong> spo\u010d\u00edva pravdepodobne <strong>v podpore rovnov\u00e1hy \u010drevnej mikrofl\u00f3ry<\/strong>, ktor\u00e1 je u novorodencov e\u0161te nezrel\u00e1. Tieto <strong>mikroorganizmy<\/strong> m\u00f4\u017eu pom\u00f4c\u0165 zni\u017eova\u0165 <strong>tvorbu plynov<\/strong>, zmierni\u0165 z\u00e1paly v \u010dreve a celkovo <strong>podporova\u0165 tr\u00e1venie<\/strong>. Okrem toho sa predpoklad\u00e1, \u017ee probiotik\u00e1 m\u00f4\u017eu ovplyv\u0148ova\u0165<strong> \u010dinnos\u0165 imunitn\u00e9ho syst\u00e9mu v \u010dreve<\/strong>, \u010do by mohlo pom\u00f4c\u0165 predch\u00e1dza\u0165 precitliven\u00fdm reakci\u00e1m ved\u00facim k nepohodliu a pla\u010du.<\/p><p>Z\u00e1ver \u0161t\u00fadie nazna\u010duje, <strong>\u017ee pod\u00e1vanie probiot\u00edk novorodencom<\/strong> by mohlo by\u0165 \u00fa\u010dinnou strat\u00e9giou na zn\u00ed\u017eenie v\u00fdskytu kol\u00edk a zlep\u0161enie celkovej pohody doj\u010diat. T\u00e1to met\u00f3da by mohla predstavova\u0165 nen\u00e1ro\u010dn\u00fa, no potenci\u00e1lne <strong>ve\u013emi \u00fa\u010dinn\u00fa podporu<\/strong> pre rodi\u010dov a deti, ktor\u00e9 z\u00e1pasia s t\u00fdmto probl\u00e9mom. V\u017edy je v\u0161ak d\u00f4le\u017eit\u00e9, aby rodi\u010dia konzultovali pou\u017e\u00edvanie probiot\u00edk s pediatrom, preto\u017ee <strong>v\u00fdber vhodn\u00e9ho kme\u0148a<\/strong> a d\u00e1vkovanie zohr\u00e1vaj\u00fa k\u013e\u00fa\u010dov\u00fa \u00falohu pri dosahovan\u00ed <strong>pozit\u00edvnych v\u00fdsledkov<\/strong>.<\/p>\t\t\t\t\t\t\t\t<\/div>\n\t\t\t\t<\/div>\n\t\t\t\t<div class=\"elementor-element elementor-element-6294ab3 elementor-widget elementor-widget-heading\" data-id=\"6294ab3\" data-element_type=\"widget\" data-widget_type=\"heading.default\">\n\t\t\t\t<div class=\"elementor-widget-container\">\n\t\t\t\t\t<h2 class=\"elementor-heading-title elementor-size-default\">Kedy vyh\u013eada\u0165  lek\u00e1ra?<\/h2>\t\t\t\t<\/div>\n\t\t\t\t<\/div>\n\t\t\t\t<div class=\"elementor-element elementor-element-d237e82 elementor-widget elementor-widget-text-editor\" data-id=\"d237e82\" data-element_type=\"widget\" data-widget_type=\"text-editor.default\">\n\t\t\t\t<div class=\"elementor-widget-container\">\n\t\t\t\t\t\t\t\t\t<p>Ak m\u00e1te obavy, \u017ee <strong>pla\u010d<\/strong> v\u00e1\u0161ho die\u0165a\u0165a m\u00f4\u017ee by\u0165 sp\u00f4soben\u00fd in\u00fdm zdravotn\u00fdm probl\u00e9mom (napr\u00edklad reflux, <strong>infekcia<\/strong>, alebo <a href=\"https:\/\/www.omni-biotic.com\/sk-sk\/blog\/alergie-u-deti\/\"><strong>alergia<\/strong><\/a>), ur\u010dite konzultujte pediatra. Rovnako, ak pla\u010d sprev\u00e1dzaj\u00fa in\u00e9 pr\u00edznaky ako <strong>hor\u00fa\u010dka<\/strong>, <strong>zvracanie<\/strong> alebo probl\u00e9my s d\u00fdchan\u00edm, je potrebn\u00e9<strong> vyh\u013eada\u0165 odborn\u00fa pomoc<\/strong>.<\/p>\t\t\t\t\t\t\t\t<\/div>\n\t\t\t\t<\/div>\n\t\t\t\t<div class=\"elementor-element elementor-element-4ce2529 elementor-widget elementor-widget-text-editor\" data-id=\"4ce2529\" data-element_type=\"widget\" data-widget_type=\"text-editor.default\">\n\t\t\t\t<div class=\"elementor-widget-container\">\n\t\t\t\t\t\t\t\t\t<p>Koliky m\u00f4\u017eu by\u0165 n\u00e1ro\u010dn\u00e9, no v\u00e4\u010d\u0161inou ide o prechodn\u00fd stav. S vhodn\u00fdmi strat\u00e9giami, podporou a trpezlivos\u0165ou dok\u00e1\u017eete toto obdobie zvl\u00e1dnu\u0165.<\/p>\t\t\t\t\t\t\t\t<\/div>\n\t\t\t\t<\/div>\n\t\t\t\t\t<\/div>\n\t\t\t\t<\/div>\n\t\t<div class=\"elementor-element elementor-element-ca37c07 obcs none e-flex e-con-boxed e-con e-parent\" data-id=\"ca37c07\" data-element_type=\"container\">\n\t\t\t\t\t<div class=\"e-con-inner\">\n\t\t\t\t<div class=\"elementor-element elementor-element-f217790 elementor-widget elementor-widget-heading\" data-id=\"f217790\" data-element_type=\"widget\" data-widget_type=\"heading.default\">\n\t\t\t\t<div class=\"elementor-widget-container\">\n\t\t\t\t\t<h2 class=\"elementor-heading-title elementor-size-default\">Zhrnutie<\/h2>\t\t\t\t<\/div>\n\t\t\t\t<\/div>\n\t\t\t\t<div class=\"elementor-element elementor-element-d35665d elementor-icon-list--layout-traditional elementor-list-item-link-full_width elementor-widget elementor-widget-icon-list\" data-id=\"d35665d\" data-element_type=\"widget\" data-widget_type=\"icon-list.default\">\n\t\t\t\t<div class=\"elementor-widget-container\">\n\t\t\t\t\t\t\t<ul class=\"elementor-icon-list-items\">\n\t\t\t\t\t\t\t<li class=\"elementor-icon-list-item\">\n\t\t\t\t\t\t\t\t\t\t\t<span class=\"elementor-icon-list-icon\">\n\t\t\t\t\t\t\t<i aria-hidden=\"true\" class=\"fas fa-check\"><\/i>\t\t\t\t\t\t<\/span>\n\t\t\t\t\t\t\t\t\t\t<span class=\"elementor-icon-list-text\">\u010co je to detsk\u00e1 kolika?<\/span>\n\t\t\t\t\t\t\t\t\t<\/li>\n\t\t\t\t\t\t<\/ul>\n\t\t\t\t\t\t<\/div>\n\t\t\t\t<\/div>\n\t\t\t\t<div class=\"elementor-element elementor-element-9f6f377 elementor-widget elementor-widget-text-editor\" data-id=\"9f6f377\" data-element_type=\"widget\" data-widget_type=\"text-editor.default\">\n\t\t\t\t<div class=\"elementor-widget-container\">\n\t\t\t\t\t\t\t\t\t<p>Koliky s\u00fa epiz\u00f3dy neprest\u00e1vaj\u00faceho pla\u010du, ktor\u00e9 m\u00f4\u017eu trva\u0165 niekedy aj viac ako 3 hodiny denne. Koliky s\u00fa naj\u010dastej\u0161ie v prv\u00fdch t\u00fd\u017ed\u0148och po naroden\u00ed, pri\u010dom ich intenzita dosahuje vrchol okolo 6. t\u00fd\u017ed\u0148a \u017eivota.<\/p>\t\t\t\t\t\t\t\t<\/div>\n\t\t\t\t<\/div>\n\t\t\t\t<div class=\"elementor-element elementor-element-96d58db elementor-icon-list--layout-traditional elementor-list-item-link-full_width elementor-widget elementor-widget-icon-list\" data-id=\"96d58db\" data-element_type=\"widget\" data-widget_type=\"icon-list.default\">\n\t\t\t\t<div class=\"elementor-widget-container\">\n\t\t\t\t\t\t\t<ul class=\"elementor-icon-list-items\">\n\t\t\t\t\t\t\t<li class=\"elementor-icon-list-item\">\n\t\t\t\t\t\t\t\t\t\t\t<span class=\"elementor-icon-list-icon\">\n\t\t\t\t\t\t\t<i aria-hidden=\"true\" class=\"fas fa-check\"><\/i>\t\t\t\t\t\t<\/span>\n\t\t\t\t\t\t\t\t\t\t<span class=\"elementor-icon-list-text\">Ako sa  prejavuj\u00fa koliky u novorodencov?<\/span>\n\t\t\t\t\t\t\t\t\t<\/li>\n\t\t\t\t\t\t<\/ul>\n\t\t\t\t\t\t<\/div>\n\t\t\t\t<\/div>\n\t\t\t\t<div class=\"elementor-element elementor-element-ebf301c elementor-widget elementor-widget-text-editor\" data-id=\"ebf301c\" data-element_type=\"widget\" data-widget_type=\"text-editor.default\">\n\t\t\t\t<div class=\"elementor-widget-container\">\n\t\t\t\t\t\t\t\t\t<ul><li>Intenz\u00edvny a \u0165a\u017eko ut\u00ed\u0161ite\u013en\u00fd pla\u010d.<\/li><li>Pla\u010d sa \u010dasto objavuje v rovnak\u00fd \u010das, typicky v neskor\u00fdch popolud\u0148aj\u0161\u00edch alebo ve\u010dern\u00fdch hodin\u00e1ch.<\/li><li>Zdv\u00edhanie no\u017ei\u010diek k bru\u0161ku a nap\u00ednanie tela.<\/li><li>Die\u0165a m\u00f4\u017ee by\u0165 nepokojn\u00e9 a \u010derven\u00e9 tv\u00e1ri.<\/li><\/ul>\t\t\t\t\t\t\t\t<\/div>\n\t\t\t\t<\/div>\n\t\t\t\t<div class=\"elementor-element elementor-element-7806a20 elementor-icon-list--layout-traditional elementor-list-item-link-full_width elementor-widget elementor-widget-icon-list\" data-id=\"7806a20\" data-element_type=\"widget\" data-widget_type=\"icon-list.default\">\n\t\t\t\t<div class=\"elementor-widget-container\">\n\t\t\t\t\t\t\t<ul class=\"elementor-icon-list-items\">\n\t\t\t\t\t\t\t<li class=\"elementor-icon-list-item\">\n\t\t\t\t\t\t\t\t\t\t\t<span class=\"elementor-icon-list-icon\">\n\t\t\t\t\t\t\t<i aria-hidden=\"true\" class=\"fas fa-check\"><\/i>\t\t\t\t\t\t<\/span>\n\t\t\t\t\t\t\t\t\t\t<span class=\"elementor-icon-list-text\">Pr\u00ed\u010diny detskej koliky<\/span>\n\t\t\t\t\t\t\t\t\t<\/li>\n\t\t\t\t\t\t<\/ul>\n\t\t\t\t\t\t<\/div>\n\t\t\t\t<\/div>\n\t\t\t\t<div class=\"elementor-element elementor-element-71179bc elementor-widget elementor-widget-text-editor\" data-id=\"71179bc\" data-element_type=\"widget\" data-widget_type=\"text-editor.default\">\n\t\t\t\t<div class=\"elementor-widget-container\">\n\t\t\t\t\t\t\t\t\t<p>Presn\u00e1 pr\u00ed\u010dina kol\u00edk nie je zn\u00e1ma, ale existuje nieko\u013eko te\u00f3ri\u00ed, ako je napr\u00edklad nezrelos\u0165 tr\u00e1viaceho syst\u00e9mu a citlivos\u0165 na podnety.<\/p>\t\t\t\t\t\t\t\t<\/div>\n\t\t\t\t<\/div>\n\t\t\t\t<div class=\"elementor-element elementor-element-edb5b9c elementor-icon-list--layout-traditional elementor-list-item-link-full_width elementor-widget elementor-widget-icon-list\" data-id=\"edb5b9c\" data-element_type=\"widget\" data-widget_type=\"icon-list.default\">\n\t\t\t\t<div class=\"elementor-widget-container\">\n\t\t\t\t\t\t\t<ul class=\"elementor-icon-list-items\">\n\t\t\t\t\t\t\t<li class=\"elementor-icon-list-item\">\n\t\t\t\t\t\t\t\t\t\t\t<span class=\"elementor-icon-list-icon\">\n\t\t\t\t\t\t\t<i aria-hidden=\"true\" class=\"fas fa-check\"><\/i>\t\t\t\t\t\t<\/span>\n\t\t\t\t\t\t\t\t\t\t<span class=\"elementor-icon-list-text\">\u010co pom\u00e1ha?<\/span>\n\t\t\t\t\t\t\t\t\t<\/li>\n\t\t\t\t\t\t<\/ul>\n\t\t\t\t\t\t<\/div>\n\t\t\t\t<\/div>\n\t\t\t\t<div class=\"elementor-element elementor-element-5771b79 elementor-widget elementor-widget-text-editor\" data-id=\"5771b79\" data-element_type=\"widget\" data-widget_type=\"text-editor.default\">\n\t\t\t\t<div class=\"elementor-widget-container\">\n\t\t\t\t\t\t\t\t\t<ol><li><p><strong>Skontrolujte k\u0155menie<\/strong>:<\/p><ul><li>Uistite sa, \u017ee die\u0165a spr\u00e1vne prilo\u017e\u00edte k prsn\u00edku alebo f\u013ea\u0161i, aby nepreh\u013atalo vzduch.<\/li><li>Ak doj\u010d\u00edte, sk\u00faste eliminova\u0165 potenci\u00e1lne alerg\u00e9ny z va\u0161ej stravy (mlie\u010dne v\u00fdrobky, kofe\u00edn, korenen\u00e9 jedl\u00e1).<\/li><li>Ak pou\u017e\u00edvate umel\u00e9 mlieko, konzultujte s pediatrom mo\u017enos\u0165 prechodu na \u0161peci\u00e1lne mlieko pre deti s citliv\u00fdm tr\u00e1ven\u00edm.<\/li><\/ul><\/li><li><p><strong>Pohyb a nosenie<\/strong>:<\/p><ul><li>Nosenie die\u0165a\u0165a v \u0161atke alebo nosi\u010di m\u00f4\u017ee upokoji\u0165 die\u0165a v\u010faka bl\u00edzkosti rodi\u010da.<\/li><li>Jemn\u00e9 hojdanie alebo prech\u00e1dzky m\u00f4\u017eu tie\u017e pom\u00f4c\u0165.<\/li><\/ul><\/li><li><p><strong>\u00da\u013eava od plynov<\/strong>:<\/p><ul><li>Mas\u00e1\u017ee bru\u0161ka alebo jemn\u00e9 bicyklovanie no\u017ei\u010dkami m\u00f4\u017ee pom\u00f4c\u0165 odstr\u00e1ni\u0165 plyn z tr\u00e1viaceho syst\u00e9mu.<\/li><li>Niektor\u00ed rodi\u010dia vyu\u017e\u00edvaj\u00fa kvapky na b\u00e1ze simetik\u00f3nu alebo probiotik\u00e1 ur\u010den\u00e9 pre doj\u010dat\u00e1 \u2013 pora\u010fte sa s pediatrom.<\/li><\/ul><\/li><li><p><strong>Upokojenie prostredia<\/strong>:<\/p><ul><li>Zn\u00ed\u017ete hlu\u010dnos\u0165 a siln\u00e9 svetlo.<\/li><li>Biela \u0161umov\u00e1 hudba alebo jemn\u00fd hluk ventil\u00e1tora m\u00f4\u017eu pom\u00f4c\u0165.<\/li><\/ul><\/li><li><p><strong>Zosta\u0148te pokojn\u00ed<\/strong>:<\/p><ul><li>Koliky s\u00fa n\u00e1ro\u010dn\u00e9, no d\u00f4le\u017eit\u00e9 je, aby rodi\u010dia zostali pokojn\u00ed. Ak je to potrebn\u00e9, po\u017eiadajte o pomoc rodinu alebo priate\u013eov, aby ste si mohli odd\u00fdchnu\u0165.<\/li><\/ul><\/li><\/ol>\t\t\t\t\t\t\t\t<\/div>\n\t\t\t\t<\/div>\n\t\t\t\t<div class=\"elementor-element elementor-element-c5e8b0f elementor-icon-list--layout-traditional elementor-list-item-link-full_width elementor-widget elementor-widget-icon-list\" data-id=\"c5e8b0f\" data-element_type=\"widget\" data-widget_type=\"icon-list.default\">\n\t\t\t\t<div class=\"elementor-widget-container\">\n\t\t\t\t\t\t\t<ul class=\"elementor-icon-list-items\">\n\t\t\t\t\t\t\t<li class=\"elementor-icon-list-item\">\n\t\t\t\t\t\t\t\t\t\t\t<span class=\"elementor-icon-list-icon\">\n\t\t\t\t\t\t\t<i aria-hidden=\"true\" class=\"fas fa-check\"><\/i>\t\t\t\t\t\t<\/span>\n\t\t\t\t\t\t\t\t\t\t<span class=\"elementor-icon-list-text\">Probiotik\u00e1  pre b\u00e1b\u00e4tk\u00e1<\/span>\n\t\t\t\t\t\t\t\t\t<\/li>\n\t\t\t\t\t\t<\/ul>\n\t\t\t\t\t\t<\/div>\n\t\t\t\t<\/div>\n\t\t\t\t<div class=\"elementor-element elementor-element-001e652 elementor-widget elementor-widget-text-editor\" data-id=\"001e652\" data-element_type=\"widget\" data-widget_type=\"text-editor.default\">\n\t\t\t\t<div class=\"elementor-widget-container\">\n\t\t\t\t\t\t\t\t\t<p>\u0160t\u00fadia sk\u00famaj\u00faca vplyv pod\u00e1vania probiot\u00edk novorodencom po\u010das prv\u00fdch \u0161tyroch mesiacov \u017eivota priniesla povzbudzuj\u00face v\u00fdsledky. Zistilo sa, \u017ee u det\u00ed, ktor\u00e9<strong> dost\u00e1vali probiotik\u00e1<\/strong>, sa d\u013a\u017eka a <strong>intenzita pla\u010du v\u00fdrazne zn\u00ed\u017eila<\/strong>. K\u00fdm v be\u017enej popul\u00e1cii trp\u00ed nadmern\u00fdm pla\u010dom spojen\u00fdm s kolikami pribli\u017ene ka\u017ed\u00e9 tretie die\u0165a, v tejto \u0161t\u00fadii vykazovalo podobn\u00e9 pr\u00edznaky iba 4,9 % sk\u00faman\u00fdch det\u00ed. To nazna\u010duje, \u017ee <strong>probiotik\u00e1 m\u00f4\u017eu ma\u0165 pozit\u00edvny vplyv<\/strong> na v\u00fdvoj tr\u00e1viaceho syst\u00e9mu a zni\u017eovanie nepohodlia sp\u00f4soben\u00e9ho kolikami.<\/p>\t\t\t\t\t\t\t\t<\/div>\n\t\t\t\t<\/div>\n\t\t\t\t\t<\/div>\n\t\t\t\t<\/div>\n\t\t<div class=\"elementor-element elementor-element-e810a3e obcs none e-flex e-con-boxed e-con e-parent\" data-id=\"e810a3e\" data-element_type=\"container\">\n\t\t\t\t\t<div class=\"e-con-inner\">\n\t\t\t\t\t<\/div>\n\t\t\t\t<\/div>\n\t\t\t\t<\/div>\n\t\t","protected":false},"excerpt":{"rendered":"<p>30 % novorodencov tr\u00e1pia bolestiv\u00e9 koliky, ktor\u00e9 s\u00fa pre rodi\u010dov a deti skuto\u010dnou sk\u00fa\u0161kou. Ako sa to prejavuje a ako sa tieto z\u00e1chvaty bolesti l\u00ed\u0161ia od be\u017en\u00fdch z\u00e1chvatov pla\u010du? Ako pom\u00f4c\u0165 svojmu b\u00e1b\u00e4tku? Okrem toho: V\u00fdsledky \u0161t\u00fadie o \u00fa\u010dinku viacdruhov\u00fdch probioti\u00edk proti detsk\u00fdm kolik\u00e1m.<\/p>\n","protected":false},"author":2,"featured_media":25952,"comment_status":"closed","ping_status":"closed","sticky":false,"template":"","format":"standard","meta":{"_acf_changed":false,"inline_featured_image":false,"footnotes":""},"categories":[87,80],"tags":[],"class_list":["post-16328","post","type-post","status-publish","format-standard","has-post-thumbnail","hentry","category-matka-a-dieta","category-staznosti-a-poradenstvo"],"acf":[],"rank_math":{"og:title":"Doj\u010densk\u00e1 kolika - probiotik\u00e1 m\u00f4\u017eu prinies\u0165 \u00fa\u013eavu","og:desc":"Detsk\u00e1 kolika alebo novorodeneck\u00e1 kolika je plynatos\u0165, ktor\u00e1 sa vyskytuje u det\u00ed po\u010das prv\u00fdch 14 t\u00fd\u017ed\u0148ov \u017eivota a je ve\u013emi bolestiv\u00e1. \u010co pom\u00e1ha?","og:url":"https:\/\/www.omni-biotic.com\/sk-sk\/blog\/dojcenska-kolika\/","og:locale":"sk_SK","og:image":"https:\/\/www.omni-biotic.com\/sk-sk\/wp-content\/uploads\/sites\/9\/2022\/01\/koliky-u-novorodencov.jpg","og:image:width":"1080","og:image:height":"1080"},"additional_data":{"thumbnail":"https:\/\/www.omni-biotic.com\/sk-sk\/wp-content\/uploads\/sites\/9\/2022\/01\/koliky-u-novorodencov.jpg"},"blog_info":{"country":"sk-sk"},"_links":{"self":[{"href":"https:\/\/www.omni-biotic.com\/sk-sk\/wp-json\/wp\/v2\/posts\/16328","targetHints":{"allow":["GET"]}}],"collection":[{"href":"https:\/\/www.omni-biotic.com\/sk-sk\/wp-json\/wp\/v2\/posts"}],"about":[{"href":"https:\/\/www.omni-biotic.com\/sk-sk\/wp-json\/wp\/v2\/types\/post"}],"author":[{"embeddable":true,"href":"https:\/\/www.omni-biotic.com\/sk-sk\/wp-json\/wp\/v2\/users\/2"}],"replies":[{"embeddable":true,"href":"https:\/\/www.omni-biotic.com\/sk-sk\/wp-json\/wp\/v2\/comments?post=16328"}],"version-history":[{"count":7,"href":"https:\/\/www.omni-biotic.com\/sk-sk\/wp-json\/wp\/v2\/posts\/16328\/revisions"}],"predecessor-version":[{"id":25959,"href":"https:\/\/www.omni-biotic.com\/sk-sk\/wp-json\/wp\/v2\/posts\/16328\/revisions\/25959"}],"wp:featuredmedia":[{"embeddable":true,"href":"https:\/\/www.omni-biotic.com\/sk-sk\/wp-json\/wp\/v2\/media\/25952"}],"wp:attachment":[{"href":"https:\/\/www.omni-biotic.com\/sk-sk\/wp-json\/wp\/v2\/media?parent=16328"}],"wp:term":[{"taxonomy":"category","embeddable":true,"href":"https:\/\/www.omni-biotic.com\/sk-sk\/wp-json\/wp\/v2\/categories?post=16328"},{"taxonomy":"post_tag","embeddable":true,"href":"https:\/\/www.omni-biotic.com\/sk-sk\/wp-json\/wp\/v2\/tags?post=16328"}],"curies":[{"name":"wp","href":"https:\/\/api.w.org\/{rel}","templated":true}]}}