{"id":16391,"date":"2025-10-22T11:00:20Z","date_gmt":"2025-10-22T09:00:20Z","guid":{"rendered":"https:\/\/www.omni-biotic.com\/sk-sk\/probiotika-ovplyvnuju-vykonnost-mozgu\/"},"modified":"2025-12-30T16:32:24Z","modified_gmt":"2025-12-30T15:32:24Z","slug":"probiotika-ovplyvnuju-vykonnost-mozgu","status":"publish","type":"post","link":"https:\/\/www.omni-biotic.com\/sk-sk\/blog\/probiotika-ovplyvnuju-vykonnost-mozgu\/","title":{"rendered":"Probiotik\u00e1 ovplyv\u0148uj\u00fa v\u00fdkonnos\u0165 mozgu"},"content":{"rendered":"\t\t<div data-elementor-type=\"wp-post\" data-elementor-id=\"16391\" class=\"elementor elementor-16391\" data-elementor-post-type=\"post\">\n\t\t\t\t<div class=\"elementor-element elementor-element-83ad5bd obcs none e-flex e-con-boxed e-con e-parent\" data-id=\"83ad5bd\" data-element_type=\"container\">\n\t\t\t\t\t<div class=\"e-con-inner\">\n\t\t\t\t<div class=\"elementor-element elementor-element-2a908d3 elementor-widget elementor-widget-heading\" data-id=\"2a908d3\" data-element_type=\"widget\" data-widget_type=\"heading.default\">\n\t\t\t\t<div class=\"elementor-widget-container\">\n\t\t\t\t\t<h2 class=\"elementor-heading-title elementor-size-default\">Os \u010drevo-mozog<\/h2>\t\t\t\t<\/div>\n\t\t\t\t<\/div>\n\t\t\t\t<div class=\"elementor-element elementor-element-51875df elementor-widget elementor-widget-text-editor\" data-id=\"51875df\" data-element_type=\"widget\" data-widget_type=\"text-editor.default\">\n\t\t\t\t<div class=\"elementor-widget-container\">\n\t\t\t\t\t\t\t\t\t<p data-start=\"0\" data-end=\"199\">Komunik\u00e1cia medzi \u010drevom a mozgom prebieha r\u00f4znymi \u201ckan\u00e1lmi\u201d, napr\u00edklad prostredn\u00edctvom \u010drevn\u00fdch mikr\u00f3bov, horm\u00f3nov, posolov\u00fdch l\u00e1tok alebo zmyslov\u00fdch neur\u00f3nov. Prostredn\u00edctvom osi \u010drevo-mozog riadi tr\u00e1viaci trakt nielen\u00a0<strong>hlad a chu\u0165 do jedla, ale ovplyv\u0148uje aj n\u00e1ladu, em\u00f3cie a pozn\u00e1vacie procesy<\/strong>. Preto ke\u010f sa vyskytne probl\u00e9m v jednom z t\u00fdchto dvoch org\u00e1nov, \u010dasto je v\u00e1\u017ene postihnut\u00fd aj druh\u00fd. Hoci presn\u00fd molekul\u00e1rny mechanizmus, ktor\u00fd je v pozad\u00ed, je st\u00e1le nejasn\u00fd, u\u017e sa uk\u00e1zalo, \u017ee <a href=\"https:\/\/www.omni-biotic.com\/sk-sk\/crevne-zdravie\/centrum-zdravia-crevo\/crevne-bakterie\/\"><strong>\u010drevn\u00e9 bakt\u00e9rie<\/strong><\/a> riadia emocion\u00e1lne spr\u00e1vanie, <b>kognit\u00edvne rozhodovacie procesy<\/b>, ale aj vn\u00edmanie bolesti a citlivos\u0165 na stres. Mnoh\u00e9 n\u00e1znaky s\u00favislosti medzi <a href=\"https:\/\/www.omni-biotic.com\/sk-sk\/crevne-zdravie\/centrum-zdravia-crevo\/crevny-mikrobiom\/\"><b>\u010drevn\u00fdm mikrobi\u00f3mom<\/b><\/a> a spr\u00e1van\u00edm, ktor\u00e9 boli doteraz zisten\u00e9, s\u00fa zalo\u017een\u00e9 len na v\u00fdsledkoch my\u0161\u00edch modelov. Doteraz bolo vykonan\u00fdch len nieko\u013eko \u0161t\u00fadi\u00ed na \u013eu\u010foch \u2013 ale aj tie boli vykonan\u00e9 \u0161peci\u00e1lne s\u00a0<strong>OMNi-BiOTiC\u00ae<\/strong>. Ned\u00e1vno\u00a0<a href=\"https:\/\/www.omni-biotic.com\/sk-sk\/o-nas\/vyskum-vyvoj\/vedecke-studie\/\"><strong>publikovan\u00e9 \u0161t\u00fadie na \u013eu\u010foch<\/strong><\/a>\u00a0priniesli mimoriadne pozit\u00edvne a\u00a0<strong>prekvapuj\u00face v\u00fdsledky!<\/strong><\/p>\t\t\t\t\t\t\t\t<\/div>\n\t\t\t\t<\/div>\n\t\t\t\t<div class=\"elementor-element elementor-element-59188c8 elementor-widget elementor-widget-image\" data-id=\"59188c8\" data-element_type=\"widget\" data-widget_type=\"image.default\">\n\t\t\t\t<div class=\"elementor-widget-container\">\n\t\t\t\t\t\t\t\t\t\t\t\t\t\t\t<img fetchpriority=\"high\" decoding=\"async\" width=\"700\" height=\"500\" src=\"https:\/\/www.omni-biotic.com\/sk-sk\/wp-content\/uploads\/sites\/9\/2024\/10\/os-crevo-mozog-mikrobiom.gif\" class=\"attachment-large size-large wp-image-25406\" alt=\"\" title=\"\">\t\t\t\t\t\t\t\t\t\t\t\t\t\t\t<\/div>\n\t\t\t\t<\/div>\n\t\t\t\t<div class=\"elementor-element elementor-element-f382911 elementor-widget elementor-widget-heading\" data-id=\"f382911\" data-element_type=\"widget\" data-widget_type=\"heading.default\">\n\t\t\t\t<div class=\"elementor-widget-container\">\n\t\t\t\t\t<h2 class=\"elementor-heading-title elementor-size-default\">Vn\u00fatorn\u00fd pocit<\/h2>\t\t\t\t<\/div>\n\t\t\t\t<\/div>\n\t\t\t\t<div class=\"elementor-element elementor-element-74751ba elementor-widget elementor-widget-text-editor\" data-id=\"74751ba\" data-element_type=\"widget\" data-widget_type=\"text-editor.default\">\n\t\t\t\t<div class=\"elementor-widget-container\">\n\t\t\t\t\t\t\t\t\t<p data-start=\"2594\" data-end=\"2782\">V mnoh\u00fdch situ\u00e1ci\u00e1ch sa \u013eudia spoliehaj\u00fa na svoj <strong>\u201cvn\u00fatorn\u00fd pocit\u201d<\/strong> a uprednost\u0148uj\u00fa \u2013 \u00fadajne \u2013 <strong>intuit\u00edvne rozhodnutia<\/strong> pred racion\u00e1lnymi \u00favahami. V skuto\u010dnosti na n\u00e1s m\u00f4\u017eu ma\u0165 ve\u013ek\u00fd vplyv <strong>\u010drevn\u00e9 mikroorganizmy<\/strong>, ktor\u00e9 boli \u0161peci\u00e1lne doplnen\u00e9 vo forme <strong>probiot\u00edk<\/strong>, ako ukazuje ned\u00e1vna publik\u00e1cia z <strong>MedUni Graz<\/strong>: V r\u00e1mci podrobnej \u0161t\u00fadie boli mlad\u00ed zdrav\u00ed \u013eudia rozdelen\u00ed do troch skup\u00edn, a to na skupinu u<strong>\u017e\u00edvaj\u00facu probiotik\u00e1<\/strong>, skupinu <strong>u\u017e\u00edvaj\u00facu placebo<\/strong> a <strong>kontroln\u00fa skupinu<\/strong>. Do druhej skupiny boli zaraden\u00ed \u013eudia, ktor\u00ed nedostali \u017eiadny v\u00fdrobok, aby sa zistili mo\u017en\u00e9 placebo \u00fa\u010dinky. Zdrav\u00e9 osoby, v\u0161etci \u0161tudenti uprostred stresuj\u00facich pr\u00edprav na sk\u00fa\u0161ky, dost\u00e1vali <strong>4 t\u00fd\u017edne \u0161peci\u00e1lne viaczlo\u017ekov\u00e9<\/strong>\u00a0<strong><a href=\"https:\/\/shop.allergosan.com\/sk\/product\/omni-biotic-stress-repair\/\" rel=\"noopener\">probiotikum s 9 kme\u0148mi v osved\u010denej kombin\u00e1cii<\/a>.<\/strong> V\u017edy pred za\u010dat\u00edm a po skon\u010den\u00ed u\u017e\u00edvania probiot\u00edk \u00fa\u010dastn\u00edci absolvovali\u00a0<strong>testy em\u00f3ci\u00ed a koncentr\u00e1cie<\/strong>\u00a0po\u010das funk\u010dnej magnetickej rezonancie (fMRI). Prostredn\u00edctvom t\u00fdchto <strong>sn\u00edmok mozgu<\/strong> v re\u00e1lnom <strong>\u010dase je mo\u017en\u00e9 vizualizova\u0165 zmeny v prietoku krvi<\/strong> v<strong>\u00a0r\u00f4znych oblastiach mozgu<\/strong>, a tak sa d\u00e1 ur\u010di\u0165 funkcia mozgu. D\u00f4vodom s\u00fa energetick\u00e9 po\u017eiadavky akt\u00edvnych <strong>nervov\u00fdch buniek<\/strong>, ktor\u00e9 potrebuj\u00fa viac kysl\u00edka, a teda aj krvi.<\/p>\t\t\t\t\t\t\t\t<\/div>\n\t\t\t\t<\/div>\n\t\t\t\t<div class=\"elementor-element elementor-element-ec7846d elementor-widget elementor-widget-image\" data-id=\"ec7846d\" data-element_type=\"widget\" data-widget_type=\"image.default\">\n\t\t\t\t<div class=\"elementor-widget-container\">\n\t\t\t\t\t\t\t\t\t\t\t\t\t\t\t<img decoding=\"async\" width=\"800\" height=\"800\" src=\"https:\/\/www.omni-biotic.com\/sk-sk\/wp-content\/uploads\/sites\/9\/2024\/06\/emocionalna-podpora-mozog-1024x1024.png\" class=\"attachment-large size-large wp-image-23774\" alt=\"\" srcset=\"https:\/\/www.omni-biotic.com\/sk-sk\/wp-content\/uploads\/sites\/9\/2024\/06\/emocionalna-podpora-mozog-1024x1024.png 1024w, https:\/\/www.omni-biotic.com\/sk-sk\/wp-content\/uploads\/sites\/9\/2024\/06\/emocionalna-podpora-mozog-300x300.png 300w, https:\/\/www.omni-biotic.com\/sk-sk\/wp-content\/uploads\/sites\/9\/2024\/06\/emocionalna-podpora-mozog-150x150.png 150w, https:\/\/www.omni-biotic.com\/sk-sk\/wp-content\/uploads\/sites\/9\/2024\/06\/emocionalna-podpora-mozog-768x768.png 768w, https:\/\/www.omni-biotic.com\/sk-sk\/wp-content\/uploads\/sites\/9\/2024\/06\/emocionalna-podpora-mozog.png 1080w\" sizes=\"(max-width: 800px) 100vw, 800px\" title=\"\">\t\t\t\t\t\t\t\t\t\t\t\t\t\t\t<\/div>\n\t\t\t\t<\/div>\n\t\t\t\t<div class=\"elementor-element elementor-element-640201f elementor-widget elementor-widget-heading\" data-id=\"640201f\" data-element_type=\"widget\" data-widget_type=\"heading.default\">\n\t\t\t\t<div class=\"elementor-widget-container\">\n\t\t\t\t\t<h2 class=\"elementor-heading-title elementor-size-default\">Pozoruhodn\u00e9 v\u00fdsledky \u0161t\u00fadie<\/h2>\t\t\t\t<\/div>\n\t\t\t\t<\/div>\n\t\t\t\t<div class=\"elementor-element elementor-element-eb515ec elementor-widget elementor-widget-text-editor\" data-id=\"eb515ec\" data-element_type=\"widget\" data-widget_type=\"text-editor.default\">\n\t\t\t\t<div class=\"elementor-widget-container\">\n\t\t\t\t\t\t\t\t\t<p class=\"bodytext\">Takzvan\u00e9 sk\u00f3re PANAS poskytuje inform\u00e1cie o tom, ako \u013eudia v s\u00fa\u010dasnosti pozit\u00edvne alebo negat\u00edvne reaguj\u00fa na podnety z prostredia (v tomto pr\u00edpade na obr\u00e1zky zobrazen\u00e9 na fMRI). V\u00fdsledky \u0161t\u00fadie jasne uk\u00e1zali, \u017ee v skupine u\u017e\u00edvaj\u00facej\u00a0<strong>probiotik\u00e1\u00a0<\/strong>sa v\u00fdrazne zv\u00fd\u0161ili a\u00a0<strong>zlep\u0161ili pozit\u00edvne em\u00f3cie<\/strong>. Vyhodnotenie indexu LEIDEN, ktor\u00fd sa pou\u017e\u00edva na ur\u010denie z\u00e1va\u017enosti\u00a0<strong>depresie<\/strong>, tie\u017e uk\u00e1zalo jasn\u00e9\u00a0<strong>zlep\u0161enie<\/strong>\u00a0v\u010faka u\u017e\u00edvaniu probiot\u00edk: n\u00e1chylnos\u0165 na depres\u00edvne n\u00e1lady, ktor\u00e9 sa ur\u010dite m\u00f4\u017eu vyskytn\u00fa\u0165 v stresov\u00fdch f\u00e1zach, sa v\u00fdrazne zn\u00ed\u017eila. Najm\u00e4 v s\u00favislosti s bezn\u00e1dejou boli pozorovan\u00e9 v\u00fdrazne <b>lep\u0161ie v\u00fdsledky<\/b>, ktor\u00e9 pod\u013ea sk\u00fasenost\u00ed m\u00f4\u017eu dokonca <b>zn\u00ed\u017ei\u0165 n\u00e1chylnos\u0165 k ochoreniu<\/b>.<\/p><p class=\"bodytext\">V \u00faloh\u00e1ch rozpozn\u00e1vania nepr\u00edjemn\u00fdch podnetov sa medzi \u00fa\u010dastn\u00edkmi z placebovej alebo kontrolnej skupiny a <b>\u0161\u0165astnej\u0161\u00edmi \u00fa\u010dastn\u00edkmi zo skupiny s probiotikami <\/b>prejavil jasn\u00fd rozdiel \u2013 doslova: Funk\u010dn\u00e1 anal\u00fdza magnetickej rezonancie uk\u00e1zala, \u017ee ur\u010dit\u00e9\u00a0<strong>oblasti mozgu<\/strong>\u00a0boli\u00a0<strong>silnej\u0161ie prekrven\u00e9<\/strong>, a teda viac aktivovan\u00e9. Konkr\u00e9tne sa aktivovali oblasti mozgu zodpovedn\u00e9 za <b>v\u00fdkonnos\u0165 pam\u00e4te<\/b>, zlep\u0161enie motorick\u00fdch schopnost\u00ed a <b>vy\u0161\u0161iu pozornos\u0165<\/b>.\u00a0To sa prejavilo aj v miere rozpoznania: zatia\u013e \u010do kontroln\u00e1 skupina alebo skupina s placebom rozpoznala <b>menej ako 70 %<\/b> op\u00e4tovne zobrazen\u00fdch obr\u00e1zkov, v skupine s probiotikami bolo rozpoznan\u00fdch dokonca <b>viac ako 85 % obr\u00e1zkov<\/b>.<\/p><p class=\"bodytext\">Okrem toho sa sk\u00famali emocion\u00e1lne rozhodovacie procesy. Aj v tomto pr\u00edpade sa prejavil v\u00fdznamn\u00fd\u00a0<strong>pozit\u00edvny \u00fa\u010dinok<\/strong>: \u00fa\u010dastn\u00edci zo skupiny\u00a0<strong>u\u017e\u00edvaj\u00facej probiotik\u00e1<\/strong>\u00a0boli vysoko koncentrovan\u00ed, a preto boli vo svojom rozhodovan\u00ed sebavedomej\u0161\u00ed a jednozna\u010dnej\u0161\u00ed.<\/p><p class=\"bodytext\"><b>T\u00e1to \u0161t\u00fadia <\/b>poskytla<b> jasn\u00e9 d\u00f4kazy<\/b> o tom, \u017ee pod\u00e1vanie tohto konkr\u00e9tneho <b>viacdruhov\u00e9ho probiotika<\/b> viedlo k v\u00fdrazn\u00e9mu <b>zlep\u0161eniu koncentr\u00e1cie <\/b>a pam\u00e4ti, ako aj k p<b>ozit\u00edvnym emocion\u00e1lnym dojmom<\/b> a \u017ee u\u017e\u00edvatelia probiot\u00edk boli vo svojich rozhodnutiach v\u00fdrazne sebaistej\u0161\u00ed a jasnej\u0161\u00ed.<\/p>\t\t\t\t\t\t\t\t<\/div>\n\t\t\t\t<\/div>\n\t\t\t\t<div class=\"elementor-element elementor-element-3aa91df elementor-widget elementor-widget-heading\" data-id=\"3aa91df\" data-element_type=\"widget\" data-widget_type=\"heading.default\">\n\t\t\t\t<div class=\"elementor-widget-container\">\n\t\t\t\t\t<h2 class=\"elementor-heading-title elementor-size-default\">Psychick\u00e9 ochorenia\n<\/h2>\t\t\t\t<\/div>\n\t\t\t\t<\/div>\n\t\t\t\t<div class=\"elementor-element elementor-element-1890e61 elementor-widget elementor-widget-text-editor\" data-id=\"1890e61\" data-element_type=\"widget\" data-widget_type=\"text-editor.default\">\n\t\t\t\t<div class=\"elementor-widget-container\">\n\t\t\t\t\t\t\t\t\t<p data-start=\"2387\" data-end=\"2445\">V na\u0161ej r\u00fdchlej a stresuj\u00facej spolo\u010dnosti narast\u00e1 po\u010det<strong>\u00a0du\u0161evn\u00fdch ochoren\u00ed<\/strong>. V nemecky hovoriacich krajin\u00e1ch sa bipol\u00e1rna porucha v priebehu \u017eivota objav\u00ed u<strong> 3-6,5 % \u013eud\u00ed<\/strong>, pri\u010dom toto ochorenie sa vyskytuje najm\u00e4 vo <strong>ve\u013emi mladom veku: 60 %<\/strong> postihnut\u00fdch uv\u00e1dza, \u017ee prv\u00e9 pr\u00edznaky sa u nich <strong>prejavili u\u017e pred 18. rokom \u017eivota<\/strong>. Dramatick\u00e9 je, \u017ee po\u010das <a href=\"https:\/\/www.omni-biotic.com\/sk-sk\/blog\/depresia-ako-ju-rozpoznat-a-zvladnut\/\"><strong>depres\u00edvnych<\/strong> <\/a>f\u00e1z pacienti bojuj\u00fa aj so stratou pam\u00e4ti a probl\u00e9mami so s\u00fastreden\u00edm. A aj ke\u010f pod\u00e1vanie viacer\u00fdch psychotropn\u00fdch liekov<strong> vedie k remisii<\/strong> \u2013 t. j. k zmierneniu pr\u00edznakov \u2013 <strong>bipol\u00e1rnej poruchy<\/strong>, neznamen\u00e1 to zlep\u0161enie pozn\u00e1vac\u00edch funkci\u00ed. To znamen\u00e1, \u017ee napriek <strong>psychickej stabilite<\/strong> je (op\u00e4tovn\u00fd) vstup do vzdel\u00e1vania alebo do sveta pr\u00e1ce \u0165a\u017ek\u00fd, \u010do v\u00fdrazne ovplyv\u0148uje <strong>sebavedomie pacientov<\/strong>.<\/p>\t\t\t\t\t\t\t\t<\/div>\n\t\t\t\t<\/div>\n\t\t\t\t<div class=\"elementor-element elementor-element-29dc5d6 elementor-widget elementor-widget-heading\" data-id=\"29dc5d6\" data-element_type=\"widget\" data-widget_type=\"heading.default\">\n\t\t\t\t<div class=\"elementor-widget-container\">\n\t\t\t\t\t<h2 class=\"elementor-heading-title elementor-size-default\">Chor\u00e1 psychika = chor\u00e9 \u010drevo?\n<\/h2>\t\t\t\t<\/div>\n\t\t\t\t<\/div>\n\t\t\t\t<div class=\"elementor-element elementor-element-0ffc294 elementor-widget elementor-widget-text-editor\" data-id=\"0ffc294\" data-element_type=\"widget\" data-widget_type=\"text-editor.default\">\n\t\t\t\t<div class=\"elementor-widget-container\">\n\t\t\t\t\t\t\t\t\t<p data-start=\"4578\" data-end=\"4653\">\u0160t\u00fadie u\u017e dlh\u0161ie ukazuj\u00fa, \u017ee <a href=\"https:\/\/www.omni-biotic.com\/sk-sk\/crevne-zdravie\/centrum-zdravia-crevo\/crevna-flora\/\"><strong>\u010drevn\u00e1 mikrobiota<\/strong><\/a>\u00a0\u013eud\u00ed s <strong>du\u0161evn\u00fdmi chorobami<\/strong> sa v\u00fdrazne <strong>l\u00ed\u0161i<\/strong> od<a href=\"https:\/\/www.omni-biotic.com\/sk\/?page_id=43872&amp;preview=true\">\u00a0<strong>\u010drevnej mikrobioty<\/strong>\u00a0<\/a>zdrav\u00fdch \u013eud\u00ed. Z tohto d\u00f4vodu <a href=\"https:\/\/www.omni-biotic.com\/sk-sk\/o-nas\/institut-allergosan\/\"><strong>Institut AllergoSan<\/strong><\/a> vyvinul <strong>probiotik\u00e1 s viacer\u00fdmi bakteri\u00e1lnymi kme\u0148mi<\/strong>, ktor\u00e9 sa navz\u00e1jom <a href=\"https:\/\/www.omni-biotic.com\/sk-sk\/blog\/crevne-bakterie-funguju-lepsie-ako-tim\/\"><strong>dop\u013a\u0148aj\u00fa<\/strong> <\/a>a <a href=\"https:\/\/www.omni-biotic.com\/sk-sk\/blog\/mikrobiom-timova-praca-pre-zdravie\/\"><strong>pracuj\u00fa ako t\u00edm<\/strong> <\/a>a \u0161pecificky ovplyv\u0148uj\u00fa <a href=\"https:\/\/www.omni-biotic.com\/sk-sk\/crevne-zdravie\/centrum-zdravia-crevo\/os-crevo-mozog\/\"><strong>os \u010drevo-mozog<\/strong> <\/a>a zlep\u0161uj\u00fa <strong>em\u00f3cie<\/strong> aj samotn\u00fd v\u00fdkon pam\u00e4te. Toto sa sk\u00famalo v pilotnej<strong> \u0161t\u00fadii na MedUni Graz<\/strong> na 20 pacientoch s bipol\u00e1rnou poruchou: Na tento \u00fa\u010del dost\u00e1vali \u00fa\u010dastn\u00edci \u0161t\u00fadie denne po\u010das <strong>3 mesiacov <a href=\"https:\/\/shop.allergosan.com\/sk\/product\/omni-biotic-stress-repair\/\" rel=\"noopener\">probiotikum s 9 \u0161peci\u00e1lne kombinovan\u00fdmi bakteri\u00e1lnymi kme\u0148mi<\/a><\/strong>. Na za\u010diatku terapie, po 1 mesiaci a po 3 mesiacoch sa potom vykonalo nieko\u013eko <strong>hodnoten\u00fdch testov<\/strong> na pos\u00fadenie pozn\u00e1vac\u00edch funkci\u00ed.<\/p>\t\t\t\t\t\t\t\t<\/div>\n\t\t\t\t<\/div>\n\t\t\t\t<div class=\"elementor-element elementor-element-84fb594 elementor-widget elementor-widget-infobox\" data-id=\"84fb594\" data-element_type=\"widget\" data-widget_type=\"infobox.default\">\n\t\t\t\t<div class=\"elementor-widget-container\">\n\t\t\t\t\t\n<div class=\"li-widgets--infobox magenta highlights-always-magenta\">\n\n    <div class=\"li-widgets--infobox__icon\">\n        <i aria-hidden=\"true\" class=\"fas fa-brain\"><\/i>    <\/div>\n    <div class=\"li-widgets--infobox__text\">\n        Depresia: ako ju rozpozna\u0165 a zvl\u00e1dnu\u0165?    <\/div>\n    <div class=\"li-widgets--infobox__text-body\">\n        <p data-start=\"3018\" data-end=\"3095\"><strong>Depresia<\/strong> u\u017e dnes nemus\u00ed by\u0165 len v\u00fdzvou pre psychiatrov, ale aj pre <strong>vedcov sk\u00famaj\u00facich mikrobi\u00f3m<\/strong> \u2013 a to doslova <strong>od z\u00e1kladov n\u00e1\u0161ho zdravia<\/strong>.\u00a0<\/p>    <\/div>\n\n            <a href=\"https:\/\/www.omni-biotic.com\/sk-sk\/blog\/depresia-ako-ju-rozpoznat-a-zvladnut\/\" class=\"li-widgets--infobox__button\">\n            Fyzick\u00e9 pr\u00edznaky depresie        <\/a>\n    \n<\/div>\n\t\t\t\t<\/div>\n\t\t\t\t<\/div>\n\t\t\t\t<div class=\"elementor-element elementor-element-66053a8 elementor-widget elementor-widget-heading\" data-id=\"66053a8\" data-element_type=\"widget\" data-widget_type=\"heading.default\">\n\t\t\t\t<div class=\"elementor-widget-container\">\n\t\t\t\t\t<h2 class=\"elementor-heading-title elementor-size-default\">\u010crev\u00e1 + Mozog = koncentr\u00e1cia!<\/h2>\t\t\t\t<\/div>\n\t\t\t\t<\/div>\n\t\t\t\t<div class=\"elementor-element elementor-element-509552b elementor-widget elementor-widget-text-editor\" data-id=\"509552b\" data-element_type=\"widget\" data-widget_type=\"text-editor.default\">\n\t\t\t\t<div class=\"elementor-widget-container\">\n\t\t\t\t\t\t\t\t\t<p class=\"bodytext\">Pri takzvanom <strong>teste \u010d\u00edslic<\/strong> a symbolov sa \u010d\u00edslam 1-9 prira\u010fuj\u00fa r\u00f4zne symboly. Tieto symboly sa potom priradia k \u010do najv\u00e4\u010d\u0161iemu po\u010dtu \u010d\u00edsel za<strong> 90 sek\u00fand<\/strong>, \u010do si od testovan\u00fdch os\u00f4b vy\u017eaduje <strong>r\u00fdchlos\u0165 reakcie<\/strong>, <strong>trval\u00fa koncentr\u00e1ciu<\/strong> a tie\u017e <strong>vizu\u00e1lne priestorov\u00e9 schopnosti<\/strong>. U\u017e po <strong>4 t\u00fd\u017ed\u0148och probiotickej terapie <\/strong>bolo mo\u017en\u00e9 pozorova\u0165 <strong>v\u00fdrazn\u00e9 zlep\u0161enie v\u00fdkonnosti pam\u00e4te<\/strong> z h\u013eadiska koncentr\u00e1cie a r\u00fdchlosti spracovania, ktor\u00e9 sa v priebehu nasleduj\u00facich <strong>2 mesiacov \u010falej zvy\u0161ovalo<\/strong>.<\/p><p class=\"bodytext\">Okrem toho testovan\u00e9 osoby absolvovali <strong>Trail-Making-Test<\/strong>, ktor\u00fd poskytuje inform\u00e1cie o r\u00fdchlosti <strong>vizu\u00e1lneho<\/strong> a <strong>motorick\u00e9ho spracovania<\/strong>. Tento test tie\u017e uk\u00e1zal v\u00fdznamn\u00e9 zlep\u0161enie <strong>kognit\u00edvnej flexibility<\/strong>, ktor\u00e1 je rozhoduj\u00faca pre cie\u013eavedom\u00e9 riadenie \u010dinnosti n\u00e1s \u013eud\u00ed, <strong>u\u017e po 1 mesiaci<\/strong> <strong>pod\u00e1vania probiot\u00edk<\/strong>. Aj v tomto pr\u00edpade sa v\u00fdsledky po\u010das nasleduj\u00facich mesiacov u\u017e\u00edvania probiot\u00edk <strong>na\u010falej zlep\u0161ovali<\/strong>. To d\u00e1va n\u00e1dej mnoh\u00fdm psychicky labiln\u00fdm alebo najm\u00e4 depres\u00edvnym pacientom, preto\u017ee <strong>\u0161t\u00fadia jasne dokazuje<\/strong>, \u017ee slab\u00fa <strong>v\u00fdkonnos\u0165 pam\u00e4te<\/strong> mo\u017eno v\u00fdrazne <strong>zlep\u0161i\u0165 pomocou<\/strong> u\u017e\u00edvania <a href=\"https:\/\/www.omni-biotic.com\/sk-sk\/crevne-zdravie\/centrum-zdravia-crevo\/probiotika\/\"><strong>probiot\u00edk<\/strong><\/a>.<\/p>\t\t\t\t\t\t\t\t<\/div>\n\t\t\t\t<\/div>\n\t\t\t\t<div class=\"elementor-element elementor-element-0929cc6 elementor-widget elementor-widget-heading\" data-id=\"0929cc6\" data-element_type=\"widget\" data-widget_type=\"heading.default\">\n\t\t\t\t<div class=\"elementor-widget-container\">\n\t\t\t\t\t<h2 class=\"elementor-heading-title elementor-size-default\">Probiotik\u00e1 pri du\u0161evn\u00fdch chorob\u00e1ch?\n<\/h2>\t\t\t\t<\/div>\n\t\t\t\t<\/div>\n\t\t\t\t<div class=\"elementor-element elementor-element-02dae6b elementor-widget elementor-widget-text-editor\" data-id=\"02dae6b\" data-element_type=\"widget\" data-widget_type=\"text-editor.default\">\n\t\t\t\t<div class=\"elementor-widget-container\">\n\t\t\t\t\t\t\t\t\t<p data-start=\"4578\" data-end=\"4653\"><strong>Vidite\u013en\u00e9 zmeny v mozgu po pod\u00e1van\u00ed\u00a0probiot\u00edk<\/strong>\u00a0u zdrav\u00fdch os\u00f4b s\u00fa u\u017e teraz ve\u013emi p\u00f4sobiv\u00e9. Povzbuden\u00ed mimoriadne pozit\u00edvnymi v\u00fdsledkami u pacientov s bipol\u00e1rnou poruchou m\u00f4\u017eeme poveda\u0165, \u017ee potenci\u00e1l \u0161peci\u00e1lne kombinovan\u00fdch <strong>viaczlo\u017ekov\u00fdch probiot\u00edk<\/strong> pri terapii du\u0161evn\u00fdch ochoren\u00ed je e\u0161te v\u00e4\u010d\u0161\u00ed, ako sa doteraz predpokladalo. R\u00f4zne <strong>oblasti mozgu<\/strong> mo\u017eno pozit\u00edvne ovplyvni\u0165 \u2013 <strong>bez ne\u017eiaducich ved\u013eaj\u0161\u00edch \u00fa\u010dinkov<\/strong>\u00a0a to je podpora na ceste k \u00faspe\u0161n\u00e9mu a zdrav\u00e9mu \u017eivotu.<\/p>\t\t\t\t\t\t\t\t<\/div>\n\t\t\t\t<\/div>\n\t\t\t\t<div class=\"elementor-element elementor-element-45e749f elementor-widget elementor-widget-image\" data-id=\"45e749f\" data-element_type=\"widget\" data-widget_type=\"image.default\">\n\t\t\t\t<div class=\"elementor-widget-container\">\n\t\t\t\t\t\t\t\t\t\t\t\t\t\t\t<img decoding=\"async\" width=\"291\" height=\"300\" src=\"https:\/\/www.omni-biotic.com\/sk-sk\/wp-content\/uploads\/sites\/9\/2022\/01\/bagga-2-dd24d881a7-291x300-1.jpg\" class=\"attachment-large size-large wp-image-27932\" alt=\"\" title=\"\">\t\t\t\t\t\t\t\t\t\t\t\t\t\t\t<\/div>\n\t\t\t\t<\/div>\n\t\t\t\t<div class=\"elementor-element elementor-element-5502a84 elementor-widget elementor-widget-image\" data-id=\"5502a84\" data-element_type=\"widget\" data-widget_type=\"image.default\">\n\t\t\t\t<div class=\"elementor-widget-container\">\n\t\t\t\t\t\t\t\t\t\t\t\t\t\t\t<img loading=\"lazy\" decoding=\"async\" width=\"300\" height=\"167\" src=\"https:\/\/www.omni-biotic.com\/sk-sk\/wp-content\/uploads\/sites\/9\/2022\/01\/bagga-1-7b21d4e840-300x167-1.jpg\" class=\"attachment-large size-large wp-image-27933\" alt=\"\" title=\"\">\t\t\t\t\t\t\t\t\t\t\t\t\t\t\t<\/div>\n\t\t\t\t<\/div>\n\t\t\t\t<div class=\"elementor-element elementor-element-c13bb8c elementor-widget elementor-widget-infobox\" data-id=\"c13bb8c\" data-element_type=\"widget\" data-widget_type=\"infobox.default\">\n\t\t\t\t<div class=\"elementor-widget-container\">\n\t\t\t\t\t\n<div class=\"li-widgets--infobox blue highlights-always-magenta\">\n\n    <div class=\"li-widgets--infobox__icon\">\n            <\/div>\n    <div class=\"li-widgets--infobox__text\">\n            <\/div>\n    <div class=\"li-widgets--infobox__text-body\">\n        <p>\u00a9 Bagga et al. (2018), DOI 10.1080\/19490976.2018.1460015<\/p><p><em>*Dr. Lukas Grumet, Molekul\u00e1rny biol\u00f3g a odborn\u00edk na zdravie \u010driev<\/em><\/p>    <\/div>\n\n    \n<\/div>\n\t\t\t\t<\/div>\n\t\t\t\t<\/div>\n\t\t\t\t\t<\/div>\n\t\t\t\t<\/div>\n\t\t\t\t<\/div>\n\t\t","protected":false},"excerpt":{"rendered":"<p>Os \u010drevo-mozog sa \u010doraz viac dost\u00e1va do centra vedeck\u00e9ho z\u00e1ujmu: medzi mozgom a tr\u00e1viacim traktom prebieha neust\u00e1la biochemick\u00e1 a nervov\u00e1 v\u00fdmena inform\u00e1ci\u00ed \u2013 v oboch smeroch \u2013 ktor\u00e1 n\u00e1s ovplyv\u0148uje v mnoh\u00fdch oh\u013eadoch. S\u00fa\u010dasn\u00e9 \u0161t\u00fadie presved\u010divo dokazuj\u00fa, \u017ee pomocou vedecky pripraven\u00fdch viackme\u0148ov\u00fdch probiot\u00edk mo\u017eno pozit\u00edvne ovplyvni\u0165 mnoh\u00e9 r\u00f4zne funkcie mozgu.<\/p>\n","protected":false},"author":17,"featured_media":23774,"comment_status":"closed","ping_status":"closed","sticky":false,"template":"","format":"standard","meta":{"_acf_changed":false,"inline_featured_image":false,"footnotes":""},"categories":[85],"tags":[],"class_list":["post-16391","post","type-post","status-publish","format-standard","has-post-thumbnail","hentry","category-novinky-vo-vyskume"],"acf":[],"rank_math":{"og:title":"Probiotik\u00e1 ovplyv\u0148uj\u00fa v\u00fdkonnos\u0165 mozgu - Institut AllergoSan","og:desc":"Komunik\u00e1cia medzi \u010drevom a mozgom sa \u010doraz viac dost\u00e1va do centra vedeck\u00e9ho z\u00e1ujmu. Najnov\u0161ie \u0161t\u00fadie ukazuj\u00fa na vplyv probiot\u00edk na mozog.","og:url":"https:\/\/www.omni-biotic.com\/sk-sk\/blog\/probiotika-ovplyvnuju-vykonnost-mozgu\/","og:locale":"sk_SK","og:image":"https:\/\/www.omni-biotic.com\/sk-sk\/wp-content\/uploads\/sites\/9\/2024\/06\/emocionalna-podpora-mozog.png","og:image:width":"1080","og:image:height":"1080"},"additional_data":{"thumbnail":"https:\/\/www.omni-biotic.com\/sk-sk\/wp-content\/uploads\/sites\/9\/2024\/06\/emocionalna-podpora-mozog.png"},"blog_info":{"country":"sk-sk"},"_links":{"self":[{"href":"https:\/\/www.omni-biotic.com\/sk-sk\/wp-json\/wp\/v2\/posts\/16391","targetHints":{"allow":["GET"]}}],"collection":[{"href":"https:\/\/www.omni-biotic.com\/sk-sk\/wp-json\/wp\/v2\/posts"}],"about":[{"href":"https:\/\/www.omni-biotic.com\/sk-sk\/wp-json\/wp\/v2\/types\/post"}],"author":[{"embeddable":true,"href":"https:\/\/www.omni-biotic.com\/sk-sk\/wp-json\/wp\/v2\/users\/17"}],"replies":[{"embeddable":true,"href":"https:\/\/www.omni-biotic.com\/sk-sk\/wp-json\/wp\/v2\/comments?post=16391"}],"version-history":[{"count":7,"href":"https:\/\/www.omni-biotic.com\/sk-sk\/wp-json\/wp\/v2\/posts\/16391\/revisions"}],"predecessor-version":[{"id":28278,"href":"https:\/\/www.omni-biotic.com\/sk-sk\/wp-json\/wp\/v2\/posts\/16391\/revisions\/28278"}],"wp:featuredmedia":[{"embeddable":true,"href":"https:\/\/www.omni-biotic.com\/sk-sk\/wp-json\/wp\/v2\/media\/23774"}],"wp:attachment":[{"href":"https:\/\/www.omni-biotic.com\/sk-sk\/wp-json\/wp\/v2\/media?parent=16391"}],"wp:term":[{"taxonomy":"category","embeddable":true,"href":"https:\/\/www.omni-biotic.com\/sk-sk\/wp-json\/wp\/v2\/categories?post=16391"},{"taxonomy":"post_tag","embeddable":true,"href":"https:\/\/www.omni-biotic.com\/sk-sk\/wp-json\/wp\/v2\/tags?post=16391"}],"curies":[{"name":"wp","href":"https:\/\/api.w.org\/{rel}","templated":true}]}}