{"id":16453,"date":"2024-04-24T10:30:34Z","date_gmt":"2024-04-24T08:30:34Z","guid":{"rendered":"https:\/\/www.omni-biotic.com\/sk-sk\/6-faktov-o-omni-biotic-6-probiotika\/"},"modified":"2026-01-20T16:16:59Z","modified_gmt":"2026-01-20T15:16:59Z","slug":"6-faktov-o-omni-biotic-6-probiotika","status":"publish","type":"post","link":"https:\/\/www.omni-biotic.com\/sk-sk\/blog\/6-faktov-o-omni-biotic-6-probiotika\/","title":{"rendered":"6 faktov o OMNi-BiOTiC\u00ae 6"},"content":{"rendered":"\t\t<div data-elementor-type=\"wp-post\" data-elementor-id=\"16453\" class=\"elementor elementor-16453\" data-elementor-post-type=\"post\">\n\t\t\t\t<div class=\"elementor-element elementor-element-86e8972 obcs none e-flex e-con-boxed e-con e-parent\" data-id=\"86e8972\" data-element_type=\"container\">\n\t\t\t\t\t<div class=\"e-con-inner\">\n\t\t\t\t<div class=\"elementor-element elementor-element-bc31684 elementor-widget elementor-widget-heading\" data-id=\"bc31684\" data-element_type=\"widget\" data-widget_type=\"heading.default\">\n\t\t\t\t<div class=\"elementor-widget-container\">\n\t\t\t\t\t<h2 class=\"elementor-heading-title elementor-size-default\">1: U\u017e viac ako 30 rokov v nasaden\u00ed pre dobr\u00fd \"vn\u00fatorn\u00fd pocit\"<\/h2>\t\t\t\t<\/div>\n\t\t\t\t<\/div>\n\t\t\t\t<div class=\"elementor-element elementor-element-3c43a40 elementor-widget elementor-widget-image\" data-id=\"3c43a40\" data-element_type=\"widget\" data-widget_type=\"image.default\">\n\t\t\t\t<div class=\"elementor-widget-container\">\n\t\t\t\t\t\t\t\t\t\t\t\t\t\t\t<img fetchpriority=\"high\" decoding=\"async\" width=\"800\" height=\"629\" src=\"https:\/\/www.omni-biotic.com\/sk-sk\/wp-content\/uploads\/sites\/9\/2024\/02\/6-omni-biotic-6-designs-alt-neu-kurz-1-e1708596776542.png\" class=\"attachment-large size-large wp-image-22570\" alt=\"\" srcset=\"https:\/\/www.omni-biotic.com\/sk-sk\/wp-content\/uploads\/sites\/9\/2024\/02\/6-omni-biotic-6-designs-alt-neu-kurz-1-e1708596776542.png 801w, https:\/\/www.omni-biotic.com\/sk-sk\/wp-content\/uploads\/sites\/9\/2024\/02\/6-omni-biotic-6-designs-alt-neu-kurz-1-e1708596776542-300x236.png 300w, https:\/\/www.omni-biotic.com\/sk-sk\/wp-content\/uploads\/sites\/9\/2024\/02\/6-omni-biotic-6-designs-alt-neu-kurz-1-e1708596776542-768x604.png 768w\" sizes=\"(max-width: 800px) 100vw, 800px\" title=\"\">\t\t\t\t\t\t\t\t\t\t\t\t\t\t\t<\/div>\n\t\t\t\t<\/div>\n\t\t\t\t<div class=\"elementor-element elementor-element-ca4d569 elementor-widget elementor-widget-text-editor\" data-id=\"ca4d569\" data-element_type=\"widget\" data-widget_type=\"text-editor.default\">\n\t\t\t\t<div class=\"elementor-widget-container\">\n\t\t\t\t\t\t\t\t\t<p>Za vznikom <strong>prv\u00e9ho<\/strong> <strong>viacdruhov\u00e9ho probiotika<\/strong>: <a href=\"https:\/\/www.omni-biotic.com\/sk-sk\/blog\/omni-biotic-6\/\"><strong>OMNi-BiOTiC\u00ae 6<\/strong><\/a> stoj\u00ed predv\u00eddavos\u0165 a odvaha pani\u00a0<strong>Prof. Anity Frauwallner<\/strong>. Svoj v\u00fdskum za\u010dala pred viac ako 30 rokmi a vytvorila <strong>revolu\u010dn\u00fd produkt<\/strong>, ktor\u00fd dodnes<strong> ohromuje mili\u00f3ny<\/strong> spokojn\u00fdch <strong>z\u00e1kazn\u00edkov<\/strong>.<\/p><p>Viacdruhov\u00e9 produkty vyroben\u00e9 zo <strong>\u017eivotaschopn\u00fdch bakteri\u00e1lnych kme\u0148ov<\/strong> <a href=\"https:\/\/www.omni-biotic.com\/sk-sk\/blog\/probiotika-pozitivne-ucinky-u-pacientov\/\"><strong>(probiotik\u00e1)<\/strong><\/a> pon\u00fakaj\u00fa mo\u017enos\u0165 u\u017e\u00edva\u0165 \u0161pecifick\u00e9 bakt\u00e9rie, ktor\u00e9 sa <strong>prirodzene nach\u00e1dzaj\u00fa aj v \u013eudskom \u010dreve<\/strong>. <a href=\"https:\/\/shop.omni-biotic.com\/sk-sk\/products\/omni-biotic-6-int-99104\"><strong>OMNi-BiOTiC\u00ae 6<\/strong><\/a> bol prv\u00fdm produktom, ktor\u00fd po mnoh\u00fdch rokoch v\u00fdskumu skombinoval \u00faplne <strong>odli\u0161n\u00e9 bakteri\u00e1lne kmene<\/strong>, ktor\u00e9 sa navz\u00e1jom <strong>zmysluplne dop\u013a\u0148aj\u00fa<\/strong>. Boli skombinovan\u00e9 do t\u00edmov &#8211; presne tak, ako stovky<strong> r\u00f4znych druhov bakt\u00e9ri\u00ed<\/strong>, ktor\u00e9 sa prirodzene nach\u00e1dzaj\u00fa <strong>v na\u0161ich \u010drev\u00e1ch<\/strong>.<\/p><p>Na\u0161e <a href=\"https:\/\/www.omni-biotic.com\/sk-sk\/crevne-zdravie\/centrum-zdravia-crevo\/crevne-bakterie\/\"><strong>\u010drevn\u00e9 bakt\u00e9rie<\/strong><\/a> s\u00fa d\u00f4le\u017eitou <strong>s\u00fa\u010das\u0165ou \u010drevnej bari\u00e9ry<\/strong>, ktor\u00e1 zabra\u0148uje \u0161\u00edreniu cudz\u00edch z\u00e1rodkov a ne\u017eiaducich l\u00e1tok do cel\u00e9ho tela. Okrem toho <strong>prospe\u0161n\u00e9 \u010drevn\u00e9 bakt\u00e9rie<\/strong> zabezpe\u010duj\u00fa <strong>odstra\u0148ovanie<\/strong> \u0161kodliv\u00fdch a <strong>toxick\u00fdch l\u00e1tok<\/strong>, ako aj <strong>vstreb\u00e1vanie<\/strong> a <strong>produkciu<\/strong> d\u00f4le\u017eit\u00fdch <strong>vitam\u00ednov<\/strong> a stopov\u00fdch prvkov.<\/p><p><strong>R\u00f4zne faktory<\/strong>, ako napr\u00edklad p\u00f4rod cis\u00e1rskym rezom, lieky, nezdrav\u00e1 strava alebo\u00a0<a href=\"https:\/\/www.omni-biotic.com\/sk-sk\/blog\/stes-a-jeho-neziaduce-ucinky-na-nas-organizmus\/\"><strong>stres<\/strong><\/a>\u00a0v\u0161ak m\u00f4\u017eu sp\u00f4sobi\u0165, \u017ee <strong>sa bakt\u00e9rie v \u010dreve s\u00fa v nedostato\u010dnom mno\u017estve, alebo sa z \u010dreva vyl\u00fa\u010dia<\/strong>, \u010do vedie k <strong>&#8222;nerovnov\u00e1he&#8220;<\/strong> v \u010dreve.<\/p><p>V d\u00f4sledku toho sa cudzorod\u00e9 z\u00e1rodky m\u00f4\u017eu \u013eah\u0161ie mno\u017ei\u0165, \u0161kodliv\u00e9 l\u00e1tky u\u017e nie s\u00fa spr\u00e1vne odstra\u0148ovan\u00e9 a <strong>\u017eiviny<\/strong> sa u\u017e <strong>optim\u00e1lne nevstreb\u00e1vaj\u00fa<\/strong>. Stru\u010dne povedan\u00e9: <a href=\"https:\/\/www.omni-biotic.com\/sk-sk\/crevne-zdravie\/centrum-zdravia-crevo\/\"><strong>\u010drevo<\/strong> <\/a>u\u017e <strong>nem\u00f4\u017ee<\/strong> plnohodnotne <strong>plni\u0165 svoje \u00falohy<\/strong>. Vznik\u00e1 <a href=\"https:\/\/www.omni-biotic.com\/sk-sk\/crevne-problemy\/zapcha\/\"><strong>z\u00e1pcha<\/strong><\/a>, tr\u00e1viace probl\u00e9my a r\u00f4zne \u010drevn\u00e9 probl\u00e9my. Preto m\u00e1 zmysel v\u017edy dba\u0165 na <strong>rovnov\u00e1hu<\/strong> v \u010drev\u00e1ch a na dostato\u010dn\u00fd <strong>pr\u00edsun prospe\u0161n\u00fdch bakt\u00e9ri\u00ed<\/strong>.<\/p>\t\t\t\t\t\t\t\t<\/div>\n\t\t\t\t<\/div>\n\t\t\t\t\t<\/div>\n\t\t\t\t<\/div>\n\t\t<div class=\"elementor-element elementor-element-f8b8cf1 obcs none e-flex e-con-boxed e-con e-parent\" data-id=\"f8b8cf1\" data-element_type=\"container\">\n\t\t\t\t\t<div class=\"e-con-inner\">\n\t\t\t\t<div class=\"elementor-element elementor-element-1258a0a elementor-widget elementor-widget-heading\" data-id=\"1258a0a\" data-element_type=\"widget\" data-widget_type=\"heading.default\">\n\t\t\t\t<div class=\"elementor-widget-container\">\n\t\t\t\t\t<h2 class=\"elementor-heading-title elementor-size-default\">2: Jedna \u017eena, jeden n\u00e1pad \u2013 pr\u00edbeh OMNi-BiOTiC\u00ae 6 <\/h2>\t\t\t\t<\/div>\n\t\t\t\t<\/div>\n\t\t\t\t<div class=\"elementor-element elementor-element-b9d550a elementor-widget elementor-widget-image\" data-id=\"b9d550a\" data-element_type=\"widget\" data-widget_type=\"image.default\">\n\t\t\t\t<div class=\"elementor-widget-container\">\n\t\t\t\t\t\t\t\t\t\t\t\t\t\t\t<img decoding=\"async\" width=\"800\" height=\"534\" src=\"https:\/\/www.omni-biotic.com\/sk-sk\/wp-content\/uploads\/sites\/9\/2024\/02\/2-anita-frauwallner-omni-biotic-6-c-institut-allergosan-jungwirth-rgb-scaled-1-scaled-1-1024x684.jpg\" class=\"attachment-large size-large wp-image-22571\" alt=\"\" srcset=\"https:\/\/www.omni-biotic.com\/sk-sk\/wp-content\/uploads\/sites\/9\/2024\/02\/2-anita-frauwallner-omni-biotic-6-c-institut-allergosan-jungwirth-rgb-scaled-1-scaled-1-1024x684.jpg 1024w, https:\/\/www.omni-biotic.com\/sk-sk\/wp-content\/uploads\/sites\/9\/2024\/02\/2-anita-frauwallner-omni-biotic-6-c-institut-allergosan-jungwirth-rgb-scaled-1-scaled-1-300x200.jpg 300w, https:\/\/www.omni-biotic.com\/sk-sk\/wp-content\/uploads\/sites\/9\/2024\/02\/2-anita-frauwallner-omni-biotic-6-c-institut-allergosan-jungwirth-rgb-scaled-1-scaled-1-768x513.jpg 768w, https:\/\/www.omni-biotic.com\/sk-sk\/wp-content\/uploads\/sites\/9\/2024\/02\/2-anita-frauwallner-omni-biotic-6-c-institut-allergosan-jungwirth-rgb-scaled-1-scaled-1-1536x1025.jpg 1536w, https:\/\/www.omni-biotic.com\/sk-sk\/wp-content\/uploads\/sites\/9\/2024\/02\/2-anita-frauwallner-omni-biotic-6-c-institut-allergosan-jungwirth-rgb-scaled-1-scaled-1-1920x1282.jpg 1920w, https:\/\/www.omni-biotic.com\/sk-sk\/wp-content\/uploads\/sites\/9\/2024\/02\/2-anita-frauwallner-omni-biotic-6-c-institut-allergosan-jungwirth-rgb-scaled-1-scaled-1.jpg 2048w\" sizes=\"(max-width: 800px) 100vw, 800px\" title=\"\">\t\t\t\t\t\t\t\t\t\t\t\t\t\t\t<\/div>\n\t\t\t\t<\/div>\n\t\t\t\t<div class=\"elementor-element elementor-element-a382241 elementor-widget elementor-widget-text-editor\" data-id=\"a382241\" data-element_type=\"widget\" data-widget_type=\"text-editor.default\">\n\t\t\t\t<div class=\"elementor-widget-container\">\n\t\t\t\t\t\t\t\t\t<p>Pribli\u017ene <strong>pred 30 rokmi<\/strong> za\u010dala <a href=\"https:\/\/www.omni-biotic.com\/sk-sk\/o-nas\/institut-allergosan\/mag-anita-frauwallner\/\"><strong>Prof. Anita Frauwallner<\/strong><\/a> <strong>sk\u00fama\u0165 \u010drev\u00e1<\/strong> a ich <strong>bakt\u00e9rie<\/strong>. V\u00fdskum <a href=\"https:\/\/www.omni-biotic.com\/sk-sk\/crevne-zdravie\/centrum-zdravia-crevo\/crevny-mikrobiom\/\"><strong>\u010drevn\u00e9ho mikrobi\u00f3mu<\/strong><\/a>, zn\u00e1meho aj ako <a href=\"https:\/\/www.omni-biotic.com\/sk-sk\/crevne-zdravie\/centrum-zdravia-crevo\/crevna-flora\/\"><strong>\u010drevn\u00e1 mikrobiota<\/strong><\/a>, zah\u0155\u0148a v\u0161etky u\u017eito\u010dn\u00e9 a d\u00f4le\u017eit\u00e9 bakt\u00e9rie v na\u0161ich \u010drev\u00e1ch <strong>bol v tom \u010dase<\/strong> e\u0161te len <strong>na \u00faplnom za\u010diatku<\/strong>.<\/p>\t\t\t\t\t\t\t\t<\/div>\n\t\t\t\t<\/div>\n\t\t\t\t<div class=\"elementor-element elementor-element-e8959be elementor-widget elementor-widget-li-widgets--author-quote\" data-id=\"e8959be\" data-element_type=\"widget\" data-widget_type=\"li-widgets--author-quote.default\">\n\t\t\t\t<div class=\"elementor-widget-container\">\n\t\t\t\t\t<div class=\"li-widgets--author-quote magenta highlights-always-magenta\">\n        <div class=\"li-widgets--author-quote__image--wrapper\">\n        <div class=\"li-widgets--author-quote__image\">\n            <img decoding=\"async\" width=\"300\" height=\"300\" src=\"https:\/\/www.omni-biotic.com\/sk-sk\/wp-content\/uploads\/sites\/9\/2024\/02\/Anita-Frauwallner-Institut-AllergoSan-300x300.jpg\" class=\"attachment-medium size-medium\" alt=\"\" srcset=\"https:\/\/www.omni-biotic.com\/sk-sk\/wp-content\/uploads\/sites\/9\/2024\/02\/Anita-Frauwallner-Institut-AllergoSan-300x300.jpg 300w, https:\/\/www.omni-biotic.com\/sk-sk\/wp-content\/uploads\/sites\/9\/2024\/02\/Anita-Frauwallner-Institut-AllergoSan-150x150.jpg 150w, https:\/\/www.omni-biotic.com\/sk-sk\/wp-content\/uploads\/sites\/9\/2024\/02\/Anita-Frauwallner-Institut-AllergoSan-768x768.jpg 768w, https:\/\/www.omni-biotic.com\/sk-sk\/wp-content\/uploads\/sites\/9\/2024\/02\/Anita-Frauwallner-Institut-AllergoSan.jpg 1024w\" sizes=\"(max-width: 300px) 100vw, 300px\" title=\"\">        <\/div>\n    <\/div>\n        <div class=\"li-widgets--author-quote__content\">\n        <div class=\"li-widgets--author-quote__content--text\">\n            \"Mnoh\u00ed \u013eudia sa mi posmievali,\" hovor\u00ed Prof. Frauwallner, \" ale ja som si postupne uvedomila, \u017ee \u010drevn\u00e1 mikrobiota zohr\u00e1va d\u00f4le\u017eit\u00fa \u00falohu a \u017ee u\u017e\u00edvanie vysokokvalitn\u00fdch \u017eivotaschopn\u00fdch bakteri\u00e1lnych kme\u0148ov m\u00f4\u017ee prinies\u0165 obrovsk\u00fa pr\u00ednos. To sa teraz dok\u00e1zalo v tis\u00edckach \u0161t\u00fadi\u00ed.\"        <\/div>\n        <div class=\"li-widgets--author-quote__content--author\">\n            Prof. Anita Frauwallner, CEO Institut AllergoSan        <\/div>\n            <\/div>\n    <\/div>\n\t\t\t\t<\/div>\n\t\t\t\t<\/div>\n\t\t\t\t<div class=\"elementor-element elementor-element-8c729b8 elementor-widget elementor-widget-text-editor\" data-id=\"8c729b8\" data-element_type=\"widget\" data-widget_type=\"text-editor.default\">\n\t\t\t\t<div class=\"elementor-widget-container\">\n\t\t\t\t\t\t\t\t\t<p><strong>Prof. Anita Frauwallner<\/strong> bola v\u017edy motivovan\u00e1 <strong>podporova\u0165<\/strong> v\u0161eobecn\u00e9 <strong>zdravie<\/strong> \u013eud\u00ed pomocou zdrojov, ktor\u00e9 n\u00e1m<strong> poskytla pr\u00edroda<\/strong>. V posledn\u00fdch desa\u0165ro\u010diach bolo pod zna\u010dkou <a href=\"https:\/\/www.omni-biotic.com\/sk-sk\/o-nas\/co-je-to-omni-biotic\/\"><strong>OMNi-BiOTiC\u00ae<\/strong><\/a> vyvinut\u00fdch mno\u017estvo \u010fal\u0161\u00edch <a href=\"https:\/\/www.omni-biotic.com\/sk-sk\/produkty\/\"><strong>vysokokvalitn\u00fdch produktov<\/strong><\/a> vyroben\u00fdch z <strong>vedecky kombinovan\u00fdch<\/strong> bakteri\u00e1lnych kme\u0148ov, ktor\u00e9 s\u00fa prisp\u00f4soben\u00e9 \u0161pecifick\u00fdm potreb\u00e1m a ktor\u00fdch pridan\u00e1 hodnota bola jasne preuk\u00e1zan\u00e1 <a href=\"https:\/\/www.omni-biotic.com\/sk-sk\/o-nas\/vyskum-vyvoj\/vedecke-studie\/\"><strong>vedeck\u00fdmi \u0161t\u00fadiami<\/strong><\/a>.<\/p><p>&#8222;Vedomie, \u017ee re\u00e1lna <a href=\"https:\/\/www.omni-biotic.com\/sk-sk\/o-nas\/vyskum-vyvoj\/kriteria-kvality\/\"><strong>kvalita na\u0161ich v\u00fdrobkov<\/strong><\/a> m\u00e1 <strong>pozit\u00edvny vplyv<\/strong> na \u017eivoty nespo\u010detn\u00e9ho mno\u017estva \u013eud\u00ed, povzbudzuje m\u0148a a cel\u00fd m\u00f4j t\u00edm ku ka\u017edodenn\u00fdm \u0161pi\u010dkov\u00fdm v\u00fdkonom,&#8220; hovor\u00ed Prof. Frauwallner. V s\u00fa\u010dasnosti je <a href=\"https:\/\/www.omni-biotic.com\/sk-sk\/o-nas\/institut-allergosan\/\"><strong>in\u0161tit\u00fat AllergoSan<\/strong> <\/a>jedn\u00fdm z <strong>popredn\u00fdch svetov\u00fdch centier<\/strong> v oblasti <strong>v\u00fdskumu mikrobi\u00f3mu<\/strong>. Pani Prof. Anita Frauwallner je<strong> medzin\u00e1rodne uzn\u00e1vanou odborn\u00ed\u010dkou<\/strong> na \u010drevn\u00fa problematiku a <strong>vyh\u013ead\u00e1vanou lektorkou<\/strong>. Zna\u010dka <strong>OMNi-BiOTiC\u00ae<\/strong> je u\u017e mnoho rokov <strong>\u010d\u00edslom 1<\/strong> na rak\u00faskom a nemeckom trhu s probiotikami**.<\/p>\t\t\t\t\t\t\t\t<\/div>\n\t\t\t\t<\/div>\n\t\t\t\t\t<\/div>\n\t\t\t\t<\/div>\n\t\t<div class=\"elementor-element elementor-element-c143aa7 obcs none e-flex e-con-boxed e-con e-parent\" data-id=\"c143aa7\" data-element_type=\"container\">\n\t\t\t\t\t<div class=\"e-con-inner\">\n\t\t\t\t<div class=\"elementor-element elementor-element-76acb38 elementor-widget elementor-widget-heading\" data-id=\"76acb38\" data-element_type=\"widget\" data-widget_type=\"heading.default\">\n\t\t\t\t<div class=\"elementor-widget-container\">\n\t\t\t\t\t<h2 class=\"elementor-heading-title elementor-size-default\">3: OMNi-BiOTiC\u00ae 6 \u2013 Pre dobr\u00fd \"vn\u00fatorn\u00fd pocit\"<\/h2>\t\t\t\t<\/div>\n\t\t\t\t<\/div>\n\t\t\t\t<div class=\"elementor-element elementor-element-2942dd3 elementor-widget elementor-widget-text-editor\" data-id=\"2942dd3\" data-element_type=\"widget\" data-widget_type=\"text-editor.default\">\n\t\t\t\t<div class=\"elementor-widget-container\">\n\t\t\t\t\t\t\t\t\t<p><strong>Miliardy bakt\u00e9ri\u00ed<\/strong> v na\u0161ich \u010drev\u00e1ch zabezpe\u010duj\u00fa <strong>vyu\u017eitie \u017eiv\u00edn a odstr\u00e1nenie tox\u00ednov<\/strong>. T\u00edto d\u00f4le\u017eit\u00ed pomocn\u00edci s\u00fa v\u0161ak \u010dasto ni\u010den\u00ed <a href=\"https:\/\/www.omni-biotic.com\/sk-sk\/crevne-zdravie\/oblasti-vplyvu-criev\/stres-travenie-a-depresivne-nalady\/\"><strong>stresom<\/strong><\/a>, r\u00fdchlym ob\u010derstven\u00edm a <a href=\"https:\/\/www.omni-biotic.com\/sk-sk\/blog\/vedlajsie-ucinky-antibiotik\/\"><strong>liekmi<\/strong> <\/a>&#8211; preto je rozumn\u00e9 ich v pr\u00edpade potreby <strong>doplni\u0165 prospe\u0161n\u00fdmi probiotick\u00fdmi bakt\u00e9riami<\/strong>.<\/p>\t\t\t\t\t\t\t\t<\/div>\n\t\t\t\t<\/div>\n\t\t\t\t<div class=\"elementor-element elementor-element-e2ef5b7 elementor-widget elementor-widget-heading\" data-id=\"e2ef5b7\" data-element_type=\"widget\" data-widget_type=\"heading.default\">\n\t\t\t\t<div class=\"elementor-widget-container\">\n\t\t\t\t\t<h3 class=\"elementor-heading-title elementor-size-default\">Pre koho je OMNi-BiOTiC\u00ae 6 vhon\u00fd? Pre cel\u00fa rodinu!<\/h3>\t\t\t\t<\/div>\n\t\t\t\t<\/div>\n\t\t\t\t<div class=\"elementor-element elementor-element-04c3679 elementor-widget elementor-widget-text-editor\" data-id=\"04c3679\" data-element_type=\"widget\" data-widget_type=\"text-editor.default\">\n\t\t\t\t<div class=\"elementor-widget-container\">\n\t\t\t\t\t\t\t\t\t<p><strong>OMNi-BiOTiC\u00ae 6<\/strong> je st\u00e1le jedn\u00fdm z <strong>najzn\u00e1mej\u0161\u00edch<\/strong> a <strong>najob\u013e\u00fabenej\u0161\u00edch produktov<\/strong> kvalitnej zna\u010dky OMNi-BiOTiC\u00ae a je <strong>vhodn\u00fd pre v\u0161etky vekov\u00e9 skupiny<\/strong>, od b\u00e1b\u00e4tiek a\u017e po babi\u010dky a dedkov. OMNi-BiOTiC\u00ae 6 by sa mal u\u017e\u00edva\u0165 denne, najm\u00e4 v obdob\u00ed, ke\u010f je na\u0161a <a href=\"https:\/\/www.omni-biotic.com\/sk-sk\/blog\/imunita\/\"><strong>obranyschopnos\u0165<\/strong> <\/a>vystaven\u00e1 \u0165a\u017ekostiam. Na\u0161e <strong>\u010drevn\u00e9 bakt\u00e9rie<\/strong> tvoria d\u00f4le\u017eit\u00fa<strong> ochrann\u00fa bari\u00e9ru<\/strong>, ktor\u00e1 br\u00e1ni prenikaniu cudz\u00edch z\u00e1rodkov a \u0161kodliv\u00fdch l\u00e1tok do n\u00e1\u0161ho krvn\u00e9ho obehu. Okrem toho dok\u00e1\u017eu <strong>pozit\u00edvne ovplyv\u0148ova\u0165<\/strong> telu vlastn\u00e9<a href=\"https:\/\/www.omni-biotic.com\/sk-sk\/crevne-zdravie\/oblasti-vplyvu-criev\/imunitny-system\/\"><strong> imunitn\u00e9 bunky<\/strong><\/a> &#8211; pribli\u017ene <b>7<\/b><strong>0 % <\/strong>z nich<strong> sa nach\u00e1dza v na\u0161ich \u010drev\u00e1ch<\/strong>.<\/p><p>OMNi-BiOTiC\u00ae 6 sa <strong>m\u00f4\u017ee u\u017e\u00edva\u0165<\/strong> aj po\u010das <a href=\"https:\/\/www.omni-biotic.com\/sk-sk\/blog\/tehotenstvo-a-zdrave-babaetko\/\"><strong>tehotenstva<\/strong> <\/a>a m\u00f4\u017ee ho u\u017e\u00edva\u0165 deti od 1 roka. De\u0165om od 1 do 3 rokov sa pod\u00e1va polovi\u010dn\u00e1 d\u00e1vka a od 3 rokov sa m\u00f4\u017ee pod\u00e1va\u0165 d\u00e1vka pre dospel\u00fdch.<\/p>\t\t\t\t\t\t\t\t<\/div>\n\t\t\t\t<\/div>\n\t\t\t\t<div class=\"elementor-element elementor-element-1b9181f elementor-widget elementor-widget-heading\" data-id=\"1b9181f\" data-element_type=\"widget\" data-widget_type=\"heading.default\">\n\t\t\t\t<div class=\"elementor-widget-container\">\n\t\t\t\t\t<h3 class=\"elementor-heading-title elementor-size-default\">Ako sa OMNi-BiOTiC\u00ae 6 u\u017e\u00edva? Jednoducho sa vypije!<\/h3>\t\t\t\t<\/div>\n\t\t\t\t<\/div>\n\t\t\t\t<div class=\"elementor-element elementor-element-bc82a14 elementor-widget elementor-widget-image\" data-id=\"bc82a14\" data-element_type=\"widget\" data-widget_type=\"image.default\">\n\t\t\t\t<div class=\"elementor-widget-container\">\n\t\t\t\t\t\t\t\t\t\t\t\t\t\t\t<img loading=\"lazy\" decoding=\"async\" width=\"700\" height=\"500\" src=\"https:\/\/www.omni-biotic.com\/sk-sk\/wp-content\/uploads\/sites\/9\/2024\/02\/OMNi-BiOTiC-6-in-der-Anwendung.gif\" class=\"attachment-large size-large wp-image-22573\" alt=\"\" title=\"\">\t\t\t\t\t\t\t\t\t\t\t\t\t\t\t<\/div>\n\t\t\t\t<\/div>\n\t\t\t\t<div class=\"elementor-element elementor-element-349fe72 elementor-widget elementor-widget-text-editor\" data-id=\"349fe72\" data-element_type=\"widget\" data-widget_type=\"text-editor.default\">\n\t\t\t\t<div class=\"elementor-widget-container\">\n\t\t\t\t\t\t\t\t\t<p>Najlep\u0161ie sa osved\u010dilo <strong>1-2 kr\u00e1t denne<\/strong> zamie\u0161a\u0165 1 d\u00e1vku OMNi-BiOTiC\u00ae 6 do pribli\u017ene 1\/8 litra vody, potom po\u010dka\u0165 aspo\u0148 <strong>1 min\u00fatu<\/strong>, k\u00fdm sa <strong>lyofilizovan\u00e9 bakt\u00e9rie aktivuj\u00fa<\/strong>, znovu zamie\u0161a\u0165 a potom vypi\u0165.<\/p><p>Ak je to mo\u017en\u00e9, odpor\u00fa\u010dame ho <strong>u\u017e\u00edva\u0165 nala\u010dno<\/strong>. Ak u\u017e\u00edvate OMNi-BiOTiC\u00ae 6 dvakr\u00e1t denne, odpor\u00fa\u010dame ho u\u017e\u00edva\u0165<strong> pred ra\u0148ajkami<\/strong> a <strong>pred ve\u010derou<\/strong>. OMNi-BiOTiC\u00ae 6 sa d\u00e1 ve\u013emi dobre <strong>kombinova\u0165<\/strong> s in\u00fdmi probiotick\u00fdmi produktami tak, \u017ee <strong>jeden sa u\u017e\u00edva r\u00e1no a druh\u00fd ve\u010der<\/strong>.<\/p>\t\t\t\t\t\t\t\t<\/div>\n\t\t\t\t<\/div>\n\t\t\t\t<div class=\"elementor-element elementor-element-f06bfaf elementor-widget elementor-widget-heading\" data-id=\"f06bfaf\" data-element_type=\"widget\" data-widget_type=\"heading.default\">\n\t\t\t\t<div class=\"elementor-widget-container\">\n\t\t\t\t\t<h3 class=\"elementor-heading-title elementor-size-default\">Vhodn\u00fd pre alergikov! Neobsahuje \u017eivo\u010d\u00ed\u0161ne bielkoviny, lepok, kvasnice a lakt\u00f3zu<\/h3>\t\t\t\t<\/div>\n\t\t\t\t<\/div>\n\t\t\t\t<div class=\"elementor-element elementor-element-ce7b481 elementor-widget elementor-widget-text-editor\" data-id=\"ce7b481\" data-element_type=\"widget\" data-widget_type=\"text-editor.default\">\n\t\t\t\t<div class=\"elementor-widget-container\">\n\t\t\t\t\t\t\t\t\t<p>OMNi-BiOTiC\u00ae 6 neobsahuje \u017eivo\u010d\u00ed\u0161ne bielkoviny, lepok, kvasnice a lakt\u00f3zu. Je preto <strong>vhodn\u00fd pre \u013eud\u00ed alergick\u00fdch<\/strong> na mlieko, deti, tehotn\u00e9 \u017eeny a doj\u010diace matky.<\/p><p>OMNi-BiOTiC\u00ae 6 sa sklad\u00e1 z kukuri\u010dn\u00e9ho \u0161krobu, maltodextr\u00ednu, fruktooligosacharidov (FOS), inul\u00ednu, polydextr\u00f3zy, chloridu draseln\u00e9ho, bakteri\u00e1lnych kme\u0148ov, rastlinn\u00fdch bielkov\u00edn (ry\u017ea), s\u00edranu hore\u010dnat\u00e9ho, enz\u00fdmov (amyl\u00e1zy) a s\u00edranu manganat\u00e9ho.<\/p><p>N\u00e1\u0161 OMNi-BiOTiC\u00ae 6 je vhodn\u00fd aj pre \u013eud\u00ed, ktor\u00ed trpia <strong>intoleranciou frukt\u00f3zy<\/strong>. Sta\u010d\u00ed <strong>pred\u013a\u017ei\u0165<\/strong> <strong>\u010das aktiv\u00e1cie<\/strong> na minim\u00e1lne 30 min\u00fat. Po\u010das tejto doby bakt\u00e9rie metabolizuj\u00fa v\u0161etky <strong>fruktooligosacharidy<\/strong>. To znamen\u00e1, \u017ee do \u010dreva sa <strong>nedostane \u017eiadna frukt\u00f3za<\/strong> a m\u00f4\u017eete ho bez ob\u00e1v pi\u0165.<\/p>\t\t\t\t\t\t\t\t<\/div>\n\t\t\t\t<\/div>\n\t\t\t\t\t<\/div>\n\t\t\t\t<\/div>\n\t\t<div class=\"elementor-element elementor-element-bbb478d obcs none e-flex e-con-boxed e-con e-parent\" data-id=\"bbb478d\" data-element_type=\"container\">\n\t\t\t\t\t<div class=\"e-con-inner\">\n\t\t\t\t<div class=\"elementor-element elementor-element-8516e24 elementor-widget elementor-widget-heading\" data-id=\"8516e24\" data-element_type=\"widget\" data-widget_type=\"heading.default\">\n\t\t\t\t<div class=\"elementor-widget-container\">\n\t\t\t\t\t<h2 class=\"elementor-heading-title elementor-size-default\">4: 6 vysoko akt\u00edvnych kme\u0148ov mikroorganizmov na optim\u00e1lnu koloniz\u00e1ciu \u010dreva <\/h2>\t\t\t\t<\/div>\n\t\t\t\t<\/div>\n\t\t\t\t<div class=\"elementor-element elementor-element-7dba308 elementor-widget elementor-widget-text-editor\" data-id=\"7dba308\" data-element_type=\"widget\" data-widget_type=\"text-editor.default\">\n\t\t\t\t<div class=\"elementor-widget-container\">\n\t\t\t\t\t\t\t\t\t<p>Viacdruhov\u00fd produkt OMNi-BiOTiC\u00ae 6 <strong>obsahuje<\/strong> takzvan\u00e9 <strong>&#8220; vodiace z\u00e1rodo\u010dn\u00e9 kmene&#8220;<\/strong>, ktor\u00e9 sa nach\u00e1dzaj\u00fa v \u010drev\u00e1ch ka\u017ed\u00e9ho \u010dloveka. Tie s\u00fa schopn\u00e9 nielen <strong>kolonizova\u0165 cel\u00fa d\u013a\u017eku \u010dreva<\/strong>, ale v pr\u00edpade potreby m\u00f4\u017eu svoje \u0161peci\u00e1lne vlastnosti<strong> prenies\u0165 aj na in\u00e9 bakt\u00e9rie<\/strong> prostredn\u00edctvom <strong>horizont\u00e1lneho prenosu g\u00e9nov<\/strong>. Vysoko akt\u00edvne ved\u00face bakteri\u00e1lne kmene obsiahnut\u00e9 v OMNi-BiOTiC\u00ae 6, ktor\u00e9 kolonizuj\u00fa \u010drevo zhora nadol, n\u00e1jdete vo svojej dennej d\u00e1vke.<\/p>\n<p>Len jeden gram OMNi-BiOTiC\u00ae 6 obsahuje 6 kme\u0148ov bakt\u00e9ri\u00ed prirodzene sa vyskytuj\u00facich v \u013eudskom \u010dreve s minim\u00e1lne 1 miliardou bakt\u00e9ri\u00ed:<\/p>\n<ul>\n<li><em>Bifidobacterium animalis<\/em> W53<\/li>\n<li><em>Lactobacillus acidophilus<\/em> W55<\/li>\n<li><em>Lactobacillus salivarius<\/em> W57<\/li>\n<li><em>Enterococcus faecium<\/em> W54<\/li>\n<li><em>Lactococcus lactis<\/em> W58<\/li>\n<li><em>Lactobacillus casei<\/em> W56<\/li>\n<\/ul>\t\t\t\t\t\t\t\t<\/div>\n\t\t\t\t<\/div>\n\t\t\t\t\t<\/div>\n\t\t\t\t<\/div>\n\t\t<div class=\"elementor-element elementor-element-fb8accb obcs none e-flex e-con-boxed e-con e-parent\" data-id=\"fb8accb\" data-element_type=\"container\">\n\t\t\t\t\t<div class=\"e-con-inner\">\n\t\t\t\t<div class=\"elementor-element elementor-element-1c29a87 elementor-widget elementor-widget-heading\" data-id=\"1c29a87\" data-element_type=\"widget\" data-widget_type=\"heading.default\">\n\t\t\t\t<div class=\"elementor-widget-container\">\n\t\t\t\t\t<h2 class=\"elementor-heading-title elementor-size-default\">5: OMNi-BiOTiC\u00ae 6 pod\u013ea najvy\u0161\u0161\u00edch \u0161tandardov kvality<\/h2>\t\t\t\t<\/div>\n\t\t\t\t<\/div>\n\t\t\t\t<div class=\"elementor-element elementor-element-ad933c9 elementor-widget elementor-widget-image\" data-id=\"ad933c9\" data-element_type=\"widget\" data-widget_type=\"image.default\">\n\t\t\t\t<div class=\"elementor-widget-container\">\n\t\t\t\t\t\t\t\t\t\t\t\t\t\t\t<img loading=\"lazy\" decoding=\"async\" width=\"700\" height=\"500\" src=\"https:\/\/www.omni-biotic.com\/sk-sk\/wp-content\/uploads\/sites\/9\/2024\/02\/qualitaetskriterien-omni-biotic-produktion.jpg\" class=\"attachment-large size-large wp-image-22574\" alt=\"\" srcset=\"https:\/\/www.omni-biotic.com\/sk-sk\/wp-content\/uploads\/sites\/9\/2024\/02\/qualitaetskriterien-omni-biotic-produktion.jpg 700w, https:\/\/www.omni-biotic.com\/sk-sk\/wp-content\/uploads\/sites\/9\/2024\/02\/qualitaetskriterien-omni-biotic-produktion-300x214.jpg 300w\" sizes=\"(max-width: 700px) 100vw, 700px\" title=\"\">\t\t\t\t\t\t\t\t\t\t\t\t\t\t\t<\/div>\n\t\t\t\t<\/div>\n\t\t\t\t<div class=\"elementor-element elementor-element-aefbf83 elementor-widget elementor-widget-text-editor\" data-id=\"aefbf83\" data-element_type=\"widget\" data-widget_type=\"text-editor.default\">\n\t\t\t\t<div class=\"elementor-widget-container\">\n\t\t\t\t\t\t\t\t\t<p><a href=\"https:\/\/www.omni-biotic.com\/sk-sk\/blog\/6-faktov-o-institute-institut-allergosan\/\"><strong>In\u0161tit\u00fat AllergoSan<\/strong><\/a> je popredn\u00fdm rak\u00faskym <a href=\"https:\/\/www.omni-biotic.com\/sk-sk\/o-nas\/vyskum-vyvoj\/\"><strong>centrom pre v\u00fdskum mikrobi\u00f3mu<\/strong><\/a> a zameriava sa na <strong>najvy\u0161\u0161ie krit\u00e9ri\u00e1 kvality<\/strong> pri v\u00fdrobe produktov. Produkty sa vyr\u00e1baj\u00fa pod\u013ea medzin\u00e1rodne uzn\u00e1van\u00fdch noriem kvality vr\u00e1tane krit\u00e9ri\u00ed <strong>WHO, WGO, FDA <\/strong>a<strong> OePROM<\/strong>.<\/p><p>V\u00fdroba produktov je zalo\u017een\u00e1 na <strong>najvy\u0161\u0161\u00edch farmaceutick\u00fdch \u0161tandardoch<\/strong> (zabezpe\u010denie kvality GMP &#8211; Good Manufacturing Practice) a do v\u00fdvoja produktov s\u00fa v\u017edy zahrnut\u00e9 <strong>najnov\u0161ie vedeck\u00e9 poznatky<\/strong>. Zlo\u017eenia, ktor\u00e9 sa vyv\u00edjaj\u00fa v r\u00e1mci fyziologick\u00fdch a holistick\u00fdch medic\u00ednskych aspektov, sa \u010dasto vyzna\u010duj\u00fa svojou jedine\u010dnos\u0165ou. Okrem medzin\u00e1rodne uzn\u00e1van\u00fdch odborn\u00fdch znalost\u00ed v oblasti v\u00fdvoja a v\u00fdroby produktov, ktor\u00e9 zah\u0155\u0148aj\u00fa d\u00f4le\u017eit\u00e9 aspekty, ako je <strong>biologick\u00e1 dostupnos\u0165 <\/strong>zlo\u017eiek <strong>(vstreb\u00e1vanie organizmom)<\/strong> alebo <strong>maxim\u00e1lna aktivita<\/strong> a schopnos\u0165 bakt\u00e9ri\u00ed <strong>mno\u017ei\u0165 sa<\/strong> v \u013eudskom \u010dreve, sa ve\u013ek\u00fd v\u00fdznam priklad\u00e1 aj preprave a <strong>baleniu produktov<\/strong>. Jedn\u00fdm z d\u00f4vodov je, \u017ee <strong>stabilita<\/strong> mikroorganizmov mus\u00ed by\u0165 <strong>zaru\u010den\u00e1<\/strong> aj pri vy\u0161\u0161\u00edch teplot\u00e1ch. V\u00fdrobky zna\u010dky OMNi-BiOTiC\u00ae s\u00fa z\u00e1merne balen\u00e9 aj vo vrec\u00fa\u0161kach alebo vzduchotesn\u00fdch poh\u00e1roch, aby mali ide\u00e1lny, vlhkos\u0165 udr\u017eiavaj\u00faci obalov\u00fd nosi\u010d, ktor\u00fd umo\u017e\u0148uje nielen <strong>rehydrat\u00e1ciu (&#8222;o\u017eivenie&#8220;)<\/strong> bakteri\u00e1lnych kult\u00far mimo tela v optim\u00e1lnej forme, ale aj ich<strong> aktiv\u00e1ciu \u0161peci\u00e1lnou matricou<\/strong> v podobe ich ob\u013e\u00fabenej potravy. Bakt\u00e9rie tak m\u00f4\u017eu z\u00edska\u0165 <strong>najvy\u0161\u0161iu \u00farove\u0148 odolnosti<\/strong> na ceste do \u010dreva.<\/p><p>Okrem toho s\u00fa v\u0161etky bakteri\u00e1lne kmene pou\u017eit\u00e9 v OMNi-BiOTiC\u00ae 6 ulo\u017een\u00e9 v &#8222;trezore&#8220; v <strong>DSMZ (Nemeck\u00e1 zbierka mikroorganizmov a bunkov\u00fdch kult\u00far)<\/strong> pre maxim\u00e1lnu bezpe\u010dnos\u0165 a s\u00fa neust\u00e1le <strong>analyzovan\u00e9<\/strong>, aby sa zabezpe\u010dilo, \u017ee <strong>nem\u00f4\u017eu vykazova\u0165 \u017eiadne genetick\u00e9 zmeny<\/strong>.<\/p>\t\t\t\t\t\t\t\t<\/div>\n\t\t\t\t<\/div>\n\t\t\t\t\t<\/div>\n\t\t\t\t<\/div>\n\t\t<div class=\"elementor-element elementor-element-4320ff0 obcs none e-flex e-con-boxed e-con e-parent\" data-id=\"4320ff0\" data-element_type=\"container\">\n\t\t\t\t\t<div class=\"e-con-inner\">\n\t\t\t\t<div class=\"elementor-element elementor-element-3b41d02 elementor-widget elementor-widget-heading\" data-id=\"3b41d02\" data-element_type=\"widget\" data-widget_type=\"heading.default\">\n\t\t\t\t<div class=\"elementor-widget-container\">\n\t\t\t\t\t<h2 class=\"elementor-heading-title elementor-size-default\">6: OMNi-BiOTiC\u00ae 6 v lek\u00e1rni<\/h2>\t\t\t\t<\/div>\n\t\t\t\t<\/div>\n\t\t\t\t<div class=\"elementor-element elementor-element-2a17f2a elementor-widget elementor-widget-image\" data-id=\"2a17f2a\" data-element_type=\"widget\" data-widget_type=\"image.default\">\n\t\t\t\t<div class=\"elementor-widget-container\">\n\t\t\t\t\t\t\t\t\t\t\t\t\t\t\t<img loading=\"lazy\" decoding=\"async\" width=\"700\" height=\"500\" src=\"https:\/\/www.omni-biotic.com\/sk-sk\/wp-content\/uploads\/sites\/9\/2024\/02\/Fachapotheke-omni-biotic-fachberatung.jpg\" class=\"attachment-large size-large wp-image-22575\" alt=\"\" srcset=\"https:\/\/www.omni-biotic.com\/sk-sk\/wp-content\/uploads\/sites\/9\/2024\/02\/Fachapotheke-omni-biotic-fachberatung.jpg 700w, https:\/\/www.omni-biotic.com\/sk-sk\/wp-content\/uploads\/sites\/9\/2024\/02\/Fachapotheke-omni-biotic-fachberatung-300x214.jpg 300w\" sizes=\"(max-width: 700px) 100vw, 700px\" title=\"\">\t\t\t\t\t\t\t\t\t\t\t\t\t\t\t<\/div>\n\t\t\t\t<\/div>\n\t\t\t\t<div class=\"elementor-element elementor-element-78406ed elementor-widget elementor-widget-text-editor\" data-id=\"78406ed\" data-element_type=\"widget\" data-widget_type=\"text-editor.default\">\n\t\t\t\t<div class=\"elementor-widget-container\">\n\t\t\t\t\t\t\t\t\t<p>Produkty<a href=\"https:\/\/www.omni-biotic.com\/sk-sk\/o-nas\/institut-allergosan\/odborne-centrum-vyskumu-mikrobiomu\/\"><strong> Institut AllergoSan<\/strong><\/a> n\u00e1jdete najm\u00e4 v rak\u00faskych a nemeck\u00fdch lek\u00e1r\u0148ach, kde sa stretnete s <strong>vy\u0161kolen\u00fdm odborn\u00fdm person\u00e1lom<\/strong>. S cie\u013eom zaru\u010di\u0165 \u010do najlep\u0161ie poradenstvo zalo\u017eila Prof. Anita Frauwallner <strong>&#8222;Odborn\u00fa akad\u00e9miu pre zdravie \u010driev&#8220;<\/strong>. Na svojich celoeur\u00f3pskych predn\u00e1\u0161kach zistila, \u017ee je o ne ve\u013ek\u00fd z\u00e1ujem zo strany lek\u00e1rov, lek\u00e1rnikov a m\u00e9di\u00ed.<\/p><p>Osobn\u00fdm z\u00e1ujmom Prof<span style=\"color: var( --e-global-color-text );text-align: var(--text-align);background-color: inherit;font-family: var( --e-global-typography-text-font-family ), -apple-system,BlinkMacSystemFont,Segoe UI,Roboto,Helvetica Neue,Arial,Noto Sans,sans-serif;font-size: var( --e-global-typography-text-font-size );font-style: var( --e-global-typography-text-font-style );font-weight: var( --e-global-typography-text-font-weight );letter-spacing: var( --e-global-typography-text-letter-spacing );text-transform: var( --e-global-typography-text-text-transform )\">. Anity Frauwallner\u00a0<\/span><span style=\"color: var( --e-global-color-text );text-align: var(--text-align);background-color: inherit;font-family: var( --e-global-typography-text-font-family ), -apple-system,BlinkMacSystemFont,Segoe UI,Roboto,Helvetica Neue,Arial,Noto Sans,sans-serif;font-size: var( --e-global-typography-text-font-size );font-style: var( --e-global-typography-text-font-style );font-weight: var( --e-global-typography-text-font-weight );letter-spacing: var( --e-global-typography-text-letter-spacing );text-transform: var( --e-global-typography-text-text-transform )\">bolo a st\u00e1le je, zabezpe\u010di\u0165, aby sa vedomosti odovzd\u00e1vali kvalitn\u00fdm sp\u00f4sobom, a tak poskytova\u0165 <a href=\"https:\/\/www.omni-biotic.com\/sk-sk\/o-nas\/institut-allergosan\/kontakt\/\"><strong>odborn\u00e9 poradenstvo k produktom<\/strong><\/a>. Na z\u00e1klade poznatkov z v\u00fdskumu, klin\u00edk a ka\u017edodennej praxe boli vytvoren\u00e9 r\u00f4zne samostatn\u00e9 vzdel\u00e1vacie moduly, ktor\u00e9 poskytuj\u00fa \u0161irok\u00fd priestor pre <strong>prevenciu<\/strong> aj <strong>sprievodn\u00e9 poradenstvo terapie<\/strong>. Za predn\u00e1\u0161aj\u00facimi stoj\u00ed <strong>t\u00edm<\/strong> odborn\u00edkov z oblasti <strong>medic\u00edny<\/strong>, <strong>farm\u00e1cie<\/strong>, <strong>biol\u00f3gie<\/strong>, <strong>v\u00fd\u017eivy<\/strong>, <strong>fyziol\u00f3gie<\/strong> a <strong>mikrobiol\u00f3gie<\/strong>, ktor\u00ed v r\u00e1mci s\u00e9rie predn\u00e1\u0161ok poskytuj\u00fa zauj\u00edmav\u00e9 hodiny odovzd\u00e1vania vedomost\u00ed a s\u00fa pln\u00e9 zanietenia.<\/span><\/p><p><strong>Na slovenskom trhu<\/strong> je v\u00e1m k dispoz\u00edcii<strong> odborn\u00e9 poradenstvo k produktom online<\/strong> a zak\u00fapi\u0165 si ho m\u00f4\u017eete takisto online:<\/p>\t\t\t\t\t\t\t\t<\/div>\n\t\t\t\t<\/div>\n\t\t\t\t<div class=\"elementor-element elementor-element-b5c0548 elementor-align-left elementor-widget__width-auto elementor-widget elementor-widget-button\" data-id=\"b5c0548\" data-element_type=\"widget\" data-widget_type=\"button.default\">\n\t\t\t\t<div class=\"elementor-widget-container\">\n\t\t\t\t\t\t\t\t\t<div class=\"elementor-button-wrapper\">\n\t\t\t\t\t<a class=\"elementor-button elementor-button-link elementor-size-sm\" href=\"https:\/\/shop.omni-biotic.com\/sk-sk\/products\/omni-biotic-6-int-99104\">\n\t\t\t\t\t\t<span class=\"elementor-button-content-wrapper\">\n\t\t\t\t\t\t\t\t\t<span class=\"elementor-button-text\">K produktu OMNi-BiOTiC\u00ae 6<\/span>\n\t\t\t\t\t<\/span>\n\t\t\t\t\t<\/a>\n\t\t\t\t<\/div>\n\t\t\t\t\t\t\t\t<\/div>\n\t\t\t\t<\/div>\n\t\t\t\t<div class=\"elementor-element elementor-element-e6575ff elementor-widget elementor-widget-text-editor\" data-id=\"e6575ff\" data-element_type=\"widget\" data-widget_type=\"text-editor.default\">\n\t\t\t\t<div class=\"elementor-widget-container\">\n\t\t\t\t\t\t\t\t\t<p><a href=\"https:\/\/www.omni-biotic.com\/sk-sk\/crevne-zdravie\/centrum-zdravia-crevo\/\"><strong>\u010crevo je stredobodom<\/strong><\/a> &#8211; ale nie len ako izolovan\u00e1 &#8222;tr\u00e1viaca trubica&#8220;, ale v interakcii so <strong>v\u0161etk\u00fdmi org\u00e1nmi \u013eudsk\u00e9ho tela<\/strong>. Tento holistick\u00fd, integrat\u00edvny medic\u00ednsky pr\u00edstup m\u00f4\u017ee vysvetli\u0165 <strong>s\u00favislosti<\/strong>, ktor\u00e9 sa dnes &#8211; v storo\u010d\u00ed \u0161pecialistov &#8211; \u010dasto str\u00e1caj\u00fa. Osobn\u00fdm cie\u013eom pani Prof. Anity Frauwallner je poskytn\u00fa\u0165 \u00fa\u010dastn\u00edkom odbornej akad\u00e9mie <strong>najnov\u0161ie poznatky z v\u00fdskumu<\/strong> a integrat\u00edvnej medic\u00edny. Prostredn\u00edctvom zmyslupln\u00fdch, holistick\u00fdch pr\u00edstupov by sa \u013eudia mali vr\u00e1ti\u0165 k akt\u00edvnemu a <strong>plnohodnotn\u00e9mu \u017eivotu<\/strong>.<\/p>\t\t\t\t\t\t\t\t<\/div>\n\t\t\t\t<\/div>\n\t\t\t\t\t<\/div>\n\t\t\t\t<\/div>\n\t\t<div class=\"elementor-element elementor-element-5158fde obcs none e-flex e-con-boxed e-con e-parent\" data-id=\"5158fde\" data-element_type=\"container\">\n\t\t\t\t\t<div class=\"e-con-inner\">\n\t\t\t\t<div class=\"elementor-element elementor-element-6dd9fac elementor-widget elementor-widget-text-editor\" data-id=\"6dd9fac\" data-element_type=\"widget\" data-widget_type=\"text-editor.default\">\n\t\t\t\t<div class=\"elementor-widget-container\">\n\t\t\t\t\t\t\t\t\t<p>**ZDROJ: IQVIA PharmaTrend\u00ae, Sell-Out Umsatz 03F1-Markt, MAT 03\/2023<\/p>\t\t\t\t\t\t\t\t<\/div>\n\t\t\t\t<\/div>\n\t\t\t\t\t<\/div>\n\t\t\t\t<\/div>\n\t\t<div class=\"elementor-element elementor-element-5173113 obcs none e-flex e-con-boxed e-con e-parent\" data-id=\"5173113\" data-element_type=\"container\">\n\t\t\t\t\t<div class=\"e-con-inner\">\n\t\t\t\t\t<\/div>\n\t\t\t\t<\/div>\n\t\t\t\t<\/div>\n\t\t","protected":false},"excerpt":{"rendered":"<p>Prospe\u0161n\u00e9 \u010drevn\u00e9 bakt\u00e9rie maj\u00fa mnoho d\u00f4le\u017eit\u00fdch funkci\u00ed. Vo v\u0161eobecnosti podporuj\u00fa nielen tr\u00e1venie a imunitn\u00fd syst\u00e9m, ale maj\u00fa vplyv aj na cel\u00fd n\u00e1\u0161 organizmus. Ako dobre, \u017ee je teraz mo\u017en\u00e9 prij\u00edma\u0165 ich vo forme bakteri\u00e1lnych kult\u00far. Vedeck\u00e9 poznatky v\u0161ak ukazuj\u00fa, \u017ee cielen\u00e1 kombin\u00e1cia viacer\u00fdch bakteri\u00e1lnych kme\u0148ov &#8211; takzvan\u00fd viaczlo\u017ekov\u00fd pr\u00edpravok &#8211; je \u010dasto lep\u0161ia ako u\u017e\u00edvanie jedn\u00e9ho bakteri\u00e1lneho kme\u0148a. Pred takmer 30 rokmi vyvinula pani Prof. Anita Frauwallner OMNi-BiOTiC\u00ae 6, prv\u00fd viacdruhov\u00fd produkt, \u010d\u00edm nastavila la\u0165ku vysoko. Tu zist\u00edte, pre\u010do je OMNi-BiOTiC\u00ae 6 dodnes jedn\u00fdm z najpred\u00e1vanej\u0161\u00edch produktov spolo\u010dnosti Institut AllergoSan!<\/p>\n","protected":false},"author":2,"featured_media":22607,"comment_status":"closed","ping_status":"closed","sticky":false,"template":"","format":"standard","meta":{"_acf_changed":false,"inline_featured_image":false,"footnotes":""},"categories":[47],"tags":[],"class_list":["post-16453","post","type-post","status-publish","format-standard","has-post-thumbnail","hentry","category-institut-allergosan"],"acf":[],"rank_math":{"og:title":"OMNi-BiOTiC\u00ae 6 | Prv\u00e9 a najob\u013e\u00fabenej\u0161ie probiotikum na trhu","og:desc":"Pred viac ako 25 rokmi za\u010dala Mag. Anita Frauwallner vyv\u00edja\u0165 OMNi-BiOTiC\u00ae6, ktor\u00fd dodnes ohromuje mili\u00f3ny spokojn\u00fdch z\u00e1kazn\u00edkov. Ako vznikol?","og:url":"https:\/\/www.omni-biotic.com\/sk-sk\/blog\/6-faktov-o-omni-biotic-6-probiotika\/","og:locale":"sk_SK","og:image":"https:\/\/www.omni-biotic.com\/sk-sk\/wp-content\/uploads\/sites\/9\/2024\/02\/omni-biotic-6.jpg","og:image:width":"700","og:image:height":"497"},"additional_data":{"thumbnail":"https:\/\/www.omni-biotic.com\/sk-sk\/wp-content\/uploads\/sites\/9\/2024\/02\/omni-biotic-6.jpg"},"blog_info":{"country":"sk-sk"},"_links":{"self":[{"href":"https:\/\/www.omni-biotic.com\/sk-sk\/wp-json\/wp\/v2\/posts\/16453","targetHints":{"allow":["GET"]}}],"collection":[{"href":"https:\/\/www.omni-biotic.com\/sk-sk\/wp-json\/wp\/v2\/posts"}],"about":[{"href":"https:\/\/www.omni-biotic.com\/sk-sk\/wp-json\/wp\/v2\/types\/post"}],"author":[{"embeddable":true,"href":"https:\/\/www.omni-biotic.com\/sk-sk\/wp-json\/wp\/v2\/users\/2"}],"replies":[{"embeddable":true,"href":"https:\/\/www.omni-biotic.com\/sk-sk\/wp-json\/wp\/v2\/comments?post=16453"}],"version-history":[{"count":7,"href":"https:\/\/www.omni-biotic.com\/sk-sk\/wp-json\/wp\/v2\/posts\/16453\/revisions"}],"predecessor-version":[{"id":28607,"href":"https:\/\/www.omni-biotic.com\/sk-sk\/wp-json\/wp\/v2\/posts\/16453\/revisions\/28607"}],"wp:featuredmedia":[{"embeddable":true,"href":"https:\/\/www.omni-biotic.com\/sk-sk\/wp-json\/wp\/v2\/media\/22607"}],"wp:attachment":[{"href":"https:\/\/www.omni-biotic.com\/sk-sk\/wp-json\/wp\/v2\/media?parent=16453"}],"wp:term":[{"taxonomy":"category","embeddable":true,"href":"https:\/\/www.omni-biotic.com\/sk-sk\/wp-json\/wp\/v2\/categories?post=16453"},{"taxonomy":"post_tag","embeddable":true,"href":"https:\/\/www.omni-biotic.com\/sk-sk\/wp-json\/wp\/v2\/tags?post=16453"}],"curies":[{"name":"wp","href":"https:\/\/api.w.org\/{rel}","templated":true}]}}