{"id":21363,"date":"2025-11-11T09:30:51Z","date_gmt":"2025-11-11T08:30:51Z","guid":{"rendered":"https:\/\/www.omni-biotic.com\/sk-sk\/?p=21363"},"modified":"2025-12-30T16:26:17Z","modified_gmt":"2025-12-30T15:26:17Z","slug":"vedlajsie-ucinky-antibiotik","status":"publish","type":"post","link":"https:\/\/www.omni-biotic.com\/sk-sk\/blog\/vedlajsie-ucinky-antibiotik\/","title":{"rendered":"Ved\u013eaj\u0161ie \u00fa\u010dinky antibiot\u00edk"},"content":{"rendered":"\t\t<div data-elementor-type=\"wp-post\" data-elementor-id=\"21363\" class=\"elementor elementor-21363\" data-elementor-post-type=\"post\">\n\t\t\t\t<div class=\"elementor-element elementor-element-b009d33 obcs none e-flex e-con-boxed e-con e-parent\" data-id=\"b009d33\" data-element_type=\"container\">\n\t\t\t\t\t<div class=\"e-con-inner\">\n\t\t\t\t<div class=\"elementor-element elementor-element-bddf6b9 elementor-widget elementor-widget-image\" data-id=\"bddf6b9\" data-element_type=\"widget\" data-widget_type=\"image.default\">\n\t\t\t\t<div class=\"elementor-widget-container\">\n\t\t\t\t\t\t\t\t\t\t\t\t\t\t\t<img fetchpriority=\"high\" decoding=\"async\" width=\"700\" height=\"500\" src=\"https:\/\/www.omni-biotic.com\/sk-sk\/wp-content\/uploads\/sites\/9\/2023\/10\/jednodnove-antibiotika-na-mocove-cesty.png\" class=\"attachment-large size-large wp-image-21394\" alt=\"\" srcset=\"https:\/\/www.omni-biotic.com\/sk-sk\/wp-content\/uploads\/sites\/9\/2023\/10\/jednodnove-antibiotika-na-mocove-cesty.png 700w, https:\/\/www.omni-biotic.com\/sk-sk\/wp-content\/uploads\/sites\/9\/2023\/10\/jednodnove-antibiotika-na-mocove-cesty-300x214.png 300w\" sizes=\"(max-width: 700px) 100vw, 700px\" title=\"\">\t\t\t\t\t\t\t\t\t\t\t\t\t\t\t<\/div>\n\t\t\t\t<\/div>\n\t\t\t\t<div class=\"elementor-element elementor-element-c373499 elementor-widget elementor-widget-heading\" data-id=\"c373499\" data-element_type=\"widget\" data-widget_type=\"heading.default\">\n\t\t\t\t<div class=\"elementor-widget-container\">\n\t\t\t\t\t<h2 class=\"elementor-heading-title elementor-size-default\">\u010co s\u00fa antibiotik\u00e1?<\/h2>\t\t\t\t<\/div>\n\t\t\t\t<\/div>\n\t\t\t\t<div class=\"elementor-element elementor-element-3082fe9 elementor-widget elementor-widget-text-editor\" data-id=\"3082fe9\" data-element_type=\"widget\" data-widget_type=\"text-editor.default\">\n\t\t\t\t<div class=\"elementor-widget-container\">\n\t\t\t\t\t\t\t\t\t<p><strong>Antibiotik\u00e1<\/strong>\u00a0s\u00fa\u00a0<strong>lieky<\/strong>, ktor\u00e9\u00a0<strong>p\u00f4sobia<\/strong>\u00a0predov\u0161etk\u00fdm\u00a0<strong>proti bakt\u00e9ri\u00e1m<\/strong>. V z\u00e1vislosti od typu bakt\u00e9ri\u00ed m\u00f4\u017eu by\u0165 tieto mikroorganizmy \u201cne\u0161kodn\u00e9\u201d alebo \u201d \u0161kodliv\u00e9\u201d a v najhor\u0161om pr\u00edpade m\u00f4\u017eu <strong>sp\u00f4sobi\u0165 ochorenia<\/strong>. Vtedy m\u00f4\u017eu antibiotik\u00e1 pom\u00f4c\u0165 \u013eudsk\u00e9mu telu bojova\u0165 proti t\u00fdmto choroboplodn\u00fdm z\u00e1rodkom. Mnoh\u00e9 <strong>\u0161t\u00fadie<\/strong> v\u0161ak ukazuj\u00fa, \u017ee antibiotik\u00e1 m\u00f4\u017eu sp\u00f4sobova\u0165 aj <strong>ne\u017eiaduce ved\u013eaj\u0161ie \u00fa\u010dinky<\/strong>, <strong><a href=\"https:\/\/www.omni-biotic.com\/sk-sk\/submenus\/crevne-problemy\/\">od hna\u010dky spojenej s antibiotikami<\/a><\/strong>, cez opakovan\u00e9 infekcie a\u017e po <strong>alergie<\/strong>.<\/p>\t\t\t\t\t\t\t\t<\/div>\n\t\t\t\t<\/div>\n\t\t\t\t<div class=\"elementor-element elementor-element-deb2785 elementor-widget elementor-widget-heading\" data-id=\"deb2785\" data-element_type=\"widget\" data-widget_type=\"heading.default\">\n\t\t\t\t<div class=\"elementor-widget-container\">\n\t\t\t\t\t<h2 class=\"elementor-heading-title elementor-size-default\">Ak\u00e9 s\u00fa ved\u013eaj\u0161ie \u00fa\u010dinky antibiot\u00edk?<\/h2>\t\t\t\t<\/div>\n\t\t\t\t<\/div>\n\t\t\t\t<div class=\"elementor-element elementor-element-11d091f elementor-widget elementor-widget-text-editor\" data-id=\"11d091f\" data-element_type=\"widget\" data-widget_type=\"text-editor.default\">\n\t\t\t\t<div class=\"elementor-widget-container\">\n\t\t\t\t\t\t\t\t\t<p><strong>Ved\u013eaj\u0161\u00edm \u00fa\u010dinkom antibiot\u00edk<\/strong> je okrem in\u00e9ho to, \u017ee naru\u0161uj\u00fa \u010drevn\u00fa mikrobiotu, ktor\u00e1 je domovom mnoh\u00fdch <a href=\"https:\/\/www.omni-biotic.com\/sk-sk\/crevne-zdravie\/centrum-zdravia-crevo\/crevne-bakterie\/\"><span style=\"color: #b5085a\"><b>\u201cprospe\u0161n\u00fdch\u201d bakt\u00e9ri\u00ed<\/b><\/span><\/a>. V ned\u00e1vnej \u0161t\u00fadii sa uk\u00e1zalo, \u017ee po <strong>\u0161tvord\u0148ovej lie\u010dbe antibiotikami<\/strong> sa v \u010drev\u00e1ch zdrav\u00fdch \u013eud\u00ed <strong>zv\u00fd\u0161il po\u010det\u00a0patog\u00e9nnych z\u00e1rodkov<\/strong>. Pod\u013ea autorov je to vysvetlenie, pre\u010do m\u00f4\u017eu antibiotik\u00e1 sp\u00f4sobi\u0165 aj infekciu bakt\u00e9riou\u00a0<a href=\"https:\/\/www.omni-biotic.com\/sk-sk\/blog\/clostridium-difficile-klostridie\/\"><strong><em>Clostridium difficile<\/em>\u00a0<\/strong><\/a>(CDI), ktor\u00e1 nie je \u00faplne ne\u0161kodn\u00e1.<\/p><h3 data-start=\"134\" data-end=\"171\"><span style=\"color: #993300\">Hlavn\u00e9 ved\u013eaj\u0161ie \u00fa\u010dinky antibiot\u00edk<\/span><\/h3><h4 data-start=\"173\" data-end=\"224\">1. <strong data-start=\"180\" data-end=\"224\">Naru\u0161enie \u010drevn\u00e9ho mikrobi\u00f3mu (dysbi\u00f3za)<\/strong><\/h4><p data-start=\"225\" data-end=\"286\">Antibiotik\u00e1 nerozli\u0161uj\u00fa medzi \u201ezl\u00fdmi\u201c a \u201edobr\u00fdmi\u201c bakt\u00e9riami.<\/p><ul data-start=\"287\" data-end=\"472\"><li data-start=\"287\" data-end=\"327\"><p data-start=\"289\" data-end=\"327\">zn\u00ed\u017eenie diverzity \u010drevn\u00fdch bakt\u00e9ri\u00ed<\/p><\/li><li data-start=\"328\" data-end=\"400\"><p data-start=\"330\" data-end=\"400\">\u00fabytok prospe\u0161n\u00fdch druhov (napr. <em data-start=\"363\" data-end=\"378\">Lactobacillus<\/em>, <em data-start=\"380\" data-end=\"397\">Bifidobacterium<\/em>)<\/p><\/li><li data-start=\"401\" data-end=\"472\"><p data-start=\"403\" data-end=\"472\">obnova mikrobi\u00f3mu m\u00f4\u017ee trva\u0165 <strong data-start=\"432\" data-end=\"453\">t\u00fd\u017edne a\u017e mesiace<\/strong>, niekedy aj dlh\u0161ie<\/p><\/li><\/ul><h4 data-start=\"474\" data-end=\"502\">2. <strong data-start=\"481\" data-end=\"502\">Tr\u00e1viace \u0165a\u017ekosti<\/strong><\/h4><p data-start=\"503\" data-end=\"515\">Ve\u013emi \u010dast\u00e9:<\/p><ul data-start=\"516\" data-end=\"586\"><li data-start=\"516\" data-end=\"526\"><p data-start=\"518\" data-end=\"526\"><a href=\"https:\/\/www.omni-biotic.com\/sk-sk\/crevne-problemy\/hnacka\/\"><strong>hna\u010dka<\/strong><\/a><\/p><\/li><li data-start=\"527\" data-end=\"553\"><p data-start=\"529\" data-end=\"553\">nafukovanie, <a href=\"https:\/\/www.omni-biotic.com\/sk-sk\/crevne-problemy\/plynatost-a-nafuknute-brucho\/\"><strong>plynatos\u0165<\/strong><\/a><\/p><\/li><li data-start=\"554\" data-end=\"572\"><p data-start=\"556\" data-end=\"572\">bolesti brucha<\/p><\/li><li data-start=\"573\" data-end=\"586\"><p data-start=\"575\" data-end=\"586\">nevo\u013enos\u0165<\/p><\/li><\/ul><p data-start=\"588\" data-end=\"671\">Antibiotikami asociovan\u00e1 hna\u010dka vznik\u00e1 pr\u00e1ve kv\u00f4li naru\u0161eniu rovnov\u00e1hy bakt\u00e9ri\u00ed.<\/p><h4 data-start=\"673\" data-end=\"705\">3. <strong data-start=\"680\" data-end=\"705\">Premno\u017eenie patog\u00e9nov<\/strong><\/h4><p data-start=\"706\" data-end=\"784\">Ke\u010f \u201edobr\u00e9\u201c bakt\u00e9rie zmizn\u00fa, uvo\u013en\u00ed sa priestor pre probl\u00e9mov\u00e9 mikroorganizmy:<\/p><ul data-start=\"785\" data-end=\"914\"><li data-start=\"785\" data-end=\"850\"><p data-start=\"787\" data-end=\"850\"><a href=\"https:\/\/www.omni-biotic.com\/sk-sk\/blog\/clostridium-difficile-klostridie\/\"><strong><em data-start=\"787\" data-end=\"813\">Clostridioides difficile<\/em><\/strong><\/a> \u2013 m\u00f4\u017ee sp\u00f4sobi\u0165 \u0165a\u017ek\u00e9 z\u00e1paly \u010dreva<\/p><\/li><li data-start=\"851\" data-end=\"914\"><p data-start=\"853\" data-end=\"914\">kvasinky (<em data-start=\"863\" data-end=\"872\">Candida<\/em>) \u2013 vagin\u00e1lne myk\u00f3zy, afty, ko\u017en\u00e9 probl\u00e9my<\/p><\/li><\/ul><h4 data-start=\"916\" data-end=\"944\">4. <strong data-start=\"923\" data-end=\"944\">Oslabenie imunity<\/strong><\/h4><p data-start=\"945\" data-end=\"992\">A\u017e <strong data-start=\"948\" data-end=\"975\">70 % imunitn\u00e9ho syst\u00e9mu<\/strong> s\u00eddli v \u010dreve.<\/p><ul data-start=\"993\" data-end=\"1101\"><li data-start=\"993\" data-end=\"1032\"><p data-start=\"995\" data-end=\"1032\">\u010dastej\u0161ie infekcie po antibiotik\u00e1ch<\/p><\/li><li data-start=\"1033\" data-end=\"1063\"><p data-start=\"1035\" data-end=\"1063\">zn\u00ed\u017een\u00e1 imunita<\/p><\/li><li data-start=\"1064\" data-end=\"1101\"><p data-start=\"1066\" data-end=\"1101\">u det\u00ed mo\u017en\u00fd vplyv na v\u00fdvoj imunity<\/p><\/li><\/ul><h4 data-start=\"1103\" data-end=\"1138\">5. <strong data-start=\"1110\" data-end=\"1138\">Alergie a precitlivenos\u0165<\/strong><\/h4><ul data-start=\"1139\" data-end=\"1208\"><li data-start=\"1139\" data-end=\"1156\"><p data-start=\"1141\" data-end=\"1156\">ko\u017en\u00e9 vyr\u00e1\u017eky<\/p><\/li><li data-start=\"1157\" data-end=\"1169\"><p data-start=\"1159\" data-end=\"1169\">svrbenie<\/p><\/li><\/ul><p data-start=\"1210\" data-end=\"1292\">Skor\u00e9 a \u010dast\u00e9 u\u017e\u00edvanie antibiot\u00edk zvy\u0161uje riziko <a href=\"https:\/\/www.omni-biotic.com\/sk-sk\/crevne-problemy\/alergia\/\"><strong>alergi\u00ed<\/strong> <\/a>a astmy.<\/p><h4 data-start=\"1294\" data-end=\"1334\">6. <strong data-start=\"1301\" data-end=\"1334\">Metabolick\u00e9 a dlhodob\u00e9 efekty<\/strong><\/h4><p data-start=\"1335\" data-end=\"1362\">V\u00fdskum ukazuje s\u00favislos\u0165 s:<\/p><ul data-start=\"1363\" data-end=\"1475\"><li data-start=\"1363\" data-end=\"1385\"><p data-start=\"1365\" data-end=\"1385\"><a href=\"https:\/\/www.omni-biotic.com\/sk-sk\/blog\/priberanie-ako-dosledok-uzivania-antibiotik\/\"><strong>priberan\u00edm na v\u00e1he<\/strong><\/a><\/p><\/li><li data-start=\"1386\" data-end=\"1414\"><p data-start=\"1388\" data-end=\"1414\">inzul\u00ednovou rezistenciou<\/p><\/li><li data-start=\"1415\" data-end=\"1475\"><p data-start=\"1417\" data-end=\"1475\">zv\u00fd\u0161en\u00fdm rizikom obezity (najm\u00e4 pri \u010dast\u00fdch ATB v detstve)<\/p><\/li><\/ul><h4 data-start=\"1477\" data-end=\"1508\">7. <strong data-start=\"1484\" data-end=\"1508\">Rezistencia bakt\u00e9ri\u00ed<\/strong><\/h4><ul data-start=\"1509\" data-end=\"1609\"><li data-start=\"1509\" data-end=\"1538\"><p data-start=\"1511\" data-end=\"1538\">bakt\u00e9rie sa \u201eu\u010dia\u201c pre\u017ei\u0165 a st\u00e1vaj\u00fa sa <a href=\"https:\/\/www.omni-biotic.com\/sk-sk\/blog\/rezistencia-na-antibiotika-problem-ktory-ohrozuje-verejne-zdravie\/\"><strong>odoln\u00e9 vo\u010di antibiotik\u00e1m<\/strong><\/a><\/p><\/li><li data-start=\"1539\" data-end=\"1574\"><p data-start=\"1541\" data-end=\"1574\">antibiotik\u00e1 prest\u00e1vaj\u00fa fungova\u0165<\/p><\/li><li data-start=\"1575\" data-end=\"1609\"><p data-start=\"1577\" data-end=\"1609\">ve\u013ek\u00fd glob\u00e1lny zdravotn\u00fd probl\u00e9m<\/p><\/li><\/ul>\t\t\t\t\t\t\t\t<\/div>\n\t\t\t\t<\/div>\n\t\t\t\t<div class=\"elementor-element elementor-element-8af88e8 elementor-widget elementor-widget-heading\" data-id=\"8af88e8\" data-element_type=\"widget\" data-widget_type=\"heading.default\">\n\t\t\t\t<div class=\"elementor-widget-container\">\n\t\t\t\t\t<h3 class=\"elementor-heading-title elementor-size-default\"><h2 style=\"margin-bottom: 0.5em\">Ako dlho m\u00f4\u017eu ma\u0165 antibiotik\u00e1 ved\u013eaj\u0161ie \u00fa\u010dinky?<\/h2><\/h3>\t\t\t\t<\/div>\n\t\t\t\t<\/div>\n\t\t\t\t<div class=\"elementor-element elementor-element-181dd30 elementor-widget elementor-widget-text-editor\" data-id=\"181dd30\" data-element_type=\"widget\" data-widget_type=\"text-editor.default\">\n\t\t\t\t<div class=\"elementor-widget-container\">\n\t\t\t\t\t\t\t\t\t<p>Hoci sa<strong>\u00a0<a href=\"https:\/\/www.omni-biotic.com\/sk\/crevna-flora\/\">\u010drevn\u00e1 <\/a>mikrobiota <\/strong>sk\u00faman\u00fdch os\u00f4b v uvedenej \u0161t\u00fadii pribli\u017ene\u00a0<strong>mesiac a pol po lie\u010dbe antibiotikami<\/strong>\u00a0u\u017e z ve\u013ekej \u010dasti obnovila,\u00a0<strong>dev\u00e4\u0165 be\u017en\u00fdch bakteri\u00e1lnych kme\u0148ov<\/strong>, ktor\u00e9 s\u00fa d\u00f4le\u017eit\u00e9 pre norm\u00e1lnu funkciu \u010drevnej mikrobioty, <strong>po \u0161iestich mesiacoch st\u00e1le ch\u00fdbalo<\/strong>. Okrem toho vedci zistili u pr\u00edtomn\u00fdch bakt\u00e9ri\u00ed zv\u00fd\u0161en\u00fd v\u00fdskyt g\u00e9nov rezistencie, ktor\u00e9 dok\u00e1\u017eu oslabi\u0165 alebo dokonca zru\u0161i\u0165 \u00fa\u010dinok antibiot\u00edk.<\/p>\t\t\t\t\t\t\t\t<\/div>\n\t\t\t\t<\/div>\n\t\t\t\t<div class=\"elementor-element elementor-element-ac39e55 elementor-widget elementor-widget-heading\" data-id=\"ac39e55\" data-element_type=\"widget\" data-widget_type=\"heading.default\">\n\t\t\t\t<div class=\"elementor-widget-container\">\n\t\t\t\t\t<h3 class=\"elementor-heading-title elementor-size-default\"><h2 style=\"margin-bottom: 0.5em\">Priberanie ako d\u00f4sledok u\u017e\u00edvania antibiot\u00edk<\/h2><\/h3>\t\t\t\t<\/div>\n\t\t\t\t<\/div>\n\t\t\t\t<div class=\"elementor-element elementor-element-559cc4b elementor-widget elementor-widget-text-editor\" data-id=\"559cc4b\" data-element_type=\"widget\" data-widget_type=\"text-editor.default\">\n\t\t\t\t<div class=\"elementor-widget-container\">\n\t\t\t\t\t\t\t\t\t<p>Zdrav\u00e1\u00a0<a href=\"https:\/\/www.omni-biotic.com\/sk\/crevna-flora\/\"><strong>\u010drevn\u00e1 mikrobiota <\/strong><\/a>je d\u00f4le\u017eit\u00e1 pre zdravie a ovplyv\u0148uje cel\u00e9 telo &#8211; m\u00e1 <strong>vplyv aj na telesn\u00fa hmotnos\u0165<\/strong>.\u00a0<strong>Rovnov\u00e1ha<\/strong>\u00a0\u010drevn\u00e9ho\u00a0<strong>mikrobi\u00f3mu<\/strong>\u00a0v\u0161ak m\u00f4\u017ee by\u0165 u\u017e\u00edvan\u00edm antibiot\u00edk v\u00e1\u017ene\u00a0<strong>naru\u0161en\u00e1<\/strong>. Skupina v\u00fdskumn\u00edkov zistila, \u017ee aj\u00a0<strong>\u0161es\u0165 mesiacov po podan\u00ed antibiot\u00edk<\/strong> ch\u00fdbalo v \u010drevnej mikrobiote dev\u00e4\u0165 be\u017en\u00fdch bakteri\u00e1lnych druhov. V d\u00f4sledku mikrobi\u00e1lnych zmien m\u00f4\u017ee d\u00f4js\u0165 aj<strong>\u00a0k n\u00e1rastu hmotnosti<\/strong>. \u0160t\u00fadie uk\u00e1zali, \u017ee osoby, ktor\u00e9 dost\u00e1vali antibiotik\u00e1,\u00a0<strong>priberali \u010dastej\u0161ie<\/strong>\u00a0ako osoby, ktor\u00e9 neboli lie\u010den\u00e9. Podobn\u00fd jav bol pozorovan\u00fd aj u det\u00ed. Deti, ktor\u00e9 dost\u00e1vali antibiotick\u00fa lie\u010dbu po\u010das prv\u00fdch 6 mesiacov \u017eivota,<strong>\u00a0pribrali viac<\/strong>\u00a0ako deti, ktor\u00e9 lie\u010dbu nedost\u00e1vali.<\/p>\t\t\t\t\t\t\t\t<\/div>\n\t\t\t\t<\/div>\n\t\t\t\t<div class=\"elementor-element elementor-element-7338219 elementor-invisible elementor-widget elementor-widget-button\" data-id=\"7338219\" data-element_type=\"widget\" data-settings=\"{&quot;_animation&quot;:&quot;fadeIn&quot;}\" data-widget_type=\"button.default\">\n\t\t\t\t<div class=\"elementor-widget-container\">\n\t\t\t\t\t\t\t\t\t<div class=\"elementor-button-wrapper\">\n\t\t\t\t\t<a class=\"elementor-button elementor-button-link elementor-size-md\" href=\"https:\/\/www.omni-biotic.com\/sk-sk\/blog\/priberanie-ako-dosledok-uzivania-antibiotik\/\">\n\t\t\t\t\t\t<span class=\"elementor-button-content-wrapper\">\n\t\t\t\t\t\t<span class=\"elementor-button-icon\">\n\t\t\t\t<i aria-hidden=\"true\" class=\"far fa-hand-pointer\"><\/i>\t\t\t<\/span>\n\t\t\t\t\t\t\t\t\t<span class=\"elementor-button-text\">Viac tu<\/span>\n\t\t\t\t\t<\/span>\n\t\t\t\t\t<\/a>\n\t\t\t\t<\/div>\n\t\t\t\t\t\t\t\t<\/div>\n\t\t\t\t<\/div>\n\t\t\t\t<div class=\"elementor-element elementor-element-4b8fd1b elementor-widget elementor-widget-heading\" data-id=\"4b8fd1b\" data-element_type=\"widget\" data-widget_type=\"heading.default\">\n\t\t\t\t<div class=\"elementor-widget-container\">\n\t\t\t\t\t<h3 class=\"elementor-heading-title elementor-size-default\">Alergie u det\u00ed<\/h3>\t\t\t\t<\/div>\n\t\t\t\t<\/div>\n\t\t\t\t<div class=\"elementor-element elementor-element-5185ce0 elementor-widget elementor-widget-text-editor\" data-id=\"5185ce0\" data-element_type=\"widget\" data-widget_type=\"text-editor.default\">\n\t\t\t\t<div class=\"elementor-widget-container\">\n\t\t\t\t\t\t\t\t\t<p><strong>Lie\u010dba antibiotikami<\/strong> by sa mala dobre zv\u00e1\u017ei\u0165 aj u <strong>det\u00ed<\/strong> a najm\u00e4 <strong>u novorodencov<\/strong>. Ned\u00e1vna <strong>\u0161t\u00fadia uk\u00e1zala<\/strong>, \u017ee u b\u00e1b\u00e4tiek, ktor\u00e9 v prv\u00fdch \u0161iestich mesiacoch \u017eivota <strong>dost\u00e1vali antibiotik\u00e1<\/strong> alebo blok\u00e1tory kysel\u00edn,<strong> sa <a href=\"https:\/\/www.omni-biotic.com\/sk-sk\/crevne-problemy\/alergia\/\"><span style=\"color: #b5085a\">alergie<\/span> <\/a>vyskytovali pribli\u017ene dvakr\u00e1t \u010dastej\u0161ie<\/strong> ako u det\u00ed, ktor\u00e9 nedost\u00e1vali \u017eiadny z t\u00fdchto liekov. V tejto rozsiahlej \u0161t\u00fadii bolo pozorovan\u00fdch pribli\u017ene <strong>800 000 det\u00ed od 35. d\u0148a po naroden\u00ed a\u017e do n\u00e1stupu do materskej \u0161koly<\/strong>. Vedcom sa podarilo preuk\u00e1za\u0165, \u017ee existuje jasn\u00e1 s\u00favislos\u0165 medzi u\u017e\u00edvan\u00edm antibiot\u00edk a blok\u00e1torov kysel\u00edn a alergiami. Ak die\u0165a trp\u00ed infekciou, malo by sa vopred skontrolova\u0165, \u010di m\u00e1 <strong>bakteri\u00e1lnu pr\u00ed\u010dinu<\/strong>. Ak je to tak, malo by sa tie\u017e objasni\u0165, \u010di je <strong>u\u017e\u00edvanie antibiot\u00edk naozaj nevyhnutn\u00e9<\/strong>.<\/p>\t\t\t\t\t\t\t\t<\/div>\n\t\t\t\t<\/div>\n\t\t\t\t<div class=\"elementor-element elementor-element-4bfda2a elementor-widget elementor-widget-heading\" data-id=\"4bfda2a\" data-element_type=\"widget\" data-widget_type=\"heading.default\">\n\t\t\t\t<div class=\"elementor-widget-container\">\n\t\t\t\t\t<h2 class=\"elementor-heading-title elementor-size-default\">Rezistencia\/odolnos\u0165 vo\u010di antibiotik\u00e1m<\/h2>\t\t\t\t<\/div>\n\t\t\t\t<\/div>\n\t\t\t\t<div class=\"elementor-element elementor-element-62ace2f elementor-widget elementor-widget-image\" data-id=\"62ace2f\" data-element_type=\"widget\" data-widget_type=\"image.default\">\n\t\t\t\t<div class=\"elementor-widget-container\">\n\t\t\t\t\t\t\t\t\t\t\t\t\t\t\t<img decoding=\"async\" width=\"700\" height=\"500\" src=\"https:\/\/www.omni-biotic.com\/sk-sk\/wp-content\/uploads\/sites\/9\/2023\/10\/antibiotiaresistente-bakterien.png\" class=\"attachment-large size-large wp-image-21365\" alt=\"\" srcset=\"https:\/\/www.omni-biotic.com\/sk-sk\/wp-content\/uploads\/sites\/9\/2023\/10\/antibiotiaresistente-bakterien.png 700w, https:\/\/www.omni-biotic.com\/sk-sk\/wp-content\/uploads\/sites\/9\/2023\/10\/antibiotiaresistente-bakterien-300x214.png 300w\" sizes=\"(max-width: 700px) 100vw, 700px\" title=\"\">\t\t\t\t\t\t\t\t\t\t\t\t\t\t\t<\/div>\n\t\t\t\t<\/div>\n\t\t\t\t<div class=\"elementor-element elementor-element-81e0035 elementor-widget elementor-widget-text-editor\" data-id=\"81e0035\" data-element_type=\"widget\" data-widget_type=\"text-editor.default\">\n\t\t\t\t<div class=\"elementor-widget-container\">\n\t\t\t\t\t\t\t\t\t<p>Najm\u00e4\u00a0<strong>rozsiahle u\u017e\u00edvanie antibiot\u00edk<\/strong>\u00a0viedlo k tomu, \u017ee\u00a0<strong>bakt\u00e9rie sa stali necitliv\u00fdmi<\/strong>\u00a0<strong>na r\u00f4zne \u00fa\u010dinn\u00e9 l\u00e1tky<\/strong>. To n\u00e1sledne s\u0165a\u017euje \u00faspe\u0161n\u00fa lie\u010dbu infek\u010dn\u00fdch ochoren\u00ed. \u010c\u00edm v\u00e4\u010d\u0161ia je odolnos\u0165 bakt\u00e9ri\u00ed, t\u00fdm je to \u0165a\u017e\u0161ie. Najm\u00e4 v nemocniciach predstavuj\u00fa tieto tzv.\u00a0<strong>multirezistentn\u00e9 bakt\u00e9rie<\/strong>\u00a0osobitn\u00fa v\u00fdzvu.\u00a0<\/p><p>Austr\u00e1lski vedci varuj\u00fa napr\u00edklad pred stafylokokom<em>\u00a0Staphylococcus epidermidis<\/em>, ktor\u00fd je u\u017e odoln\u00fd vo\u010di dvom naj\u010dastej\u0161ie pou\u017e\u00edvan\u00fdm antibiotik\u00e1m, zvy\u010dajne v kombin\u00e1cii. M\u00f4\u017ee sp\u00f4sobi\u0165<strong>\u00a0z\u00e1va\u017en\u00e9 infekcie<\/strong>, ktor\u00e9 m\u00f4\u017eu by\u0165 dokonca <strong>smrte\u013en\u00e9<\/strong>. T\u00e1to bakt\u00e9ria, ktor\u00e1 je pr\u00edbuzn\u00e1 bakt\u00e9rii MRSA, sa vyskytuje na \u013eudskej ko\u017ei. M\u00f4\u017ee v\u0161ak vies\u0165 k infekci\u00e1m, najm\u00e4 u<strong>\u00a0star\u0161\u00edch \u013eud\u00ed<\/strong>\u00a0alebo pacientov, ktor\u00ed maj\u00fa implantovan\u00e9 prot\u00e9zy. Vedci sa domnievaj\u00fa, \u017ee bakt\u00e9rie sa \u0161\u00edria v d\u00f4sledku mimoriadne \u010dast\u00e9ho pou\u017e\u00edvania antibiot\u00edk na jednotk\u00e1ch intenz\u00edvnej starostlivosti. Preto sa zd\u00e1, \u017ee postup, ke\u010f sa pou\u017e\u00edva nieko\u013eko liekov naraz, aby sa zabr\u00e1nilo <a href=\"https:\/\/www.omni-biotic.com\/sk-sk\/blog\/rezistencia-na-antibiotika-problem-ktory-ohrozuje-verejne-zdravie\/\"><strong>rezistencii<\/strong><\/a>, nefunguje. Okrem toho\u00a0<strong>Svetov\u00e1 zdravotn\u00edcka organiz\u00e1cia<\/strong>\u00a0(WHO) u\u017e dlho\u00a0<strong>varuje<\/strong>\u00a0<strong>pred nadmern\u00fdm pou\u017e\u00edvan\u00edm antibiot\u00edk<\/strong>.<\/p>\t\t\t\t\t\t\t\t<\/div>\n\t\t\t\t<\/div>\n\t\t\t\t<div class=\"elementor-element elementor-element-7f91cd3 elementor-widget elementor-widget-heading\" data-id=\"7f91cd3\" data-element_type=\"widget\" data-widget_type=\"heading.default\">\n\t\t\t\t<div class=\"elementor-widget-container\">\n\t\t\t\t\t<h2 class=\"elementor-heading-title elementor-size-default\">Z\u00e1paly mo\u010dov\u00fdch ciest. Je u\u017e\u00edvanie antibiot\u00edk nevyhnutn\u00e9?<\/h2>\t\t\t\t<\/div>\n\t\t\t\t<\/div>\n\t\t\t\t<div class=\"elementor-element elementor-element-20b211b elementor-widget elementor-widget-image\" data-id=\"20b211b\" data-element_type=\"widget\" data-widget_type=\"image.default\">\n\t\t\t\t<div class=\"elementor-widget-container\">\n\t\t\t\t\t\t\t\t\t\t\t\t\t\t\t<img decoding=\"async\" width=\"700\" height=\"500\" src=\"https:\/\/www.omni-biotic.com\/sk-sk\/wp-content\/uploads\/sites\/9\/2023\/10\/lieky-na-mocove-cesty.png\" class=\"attachment-large size-large wp-image-21392\" alt=\"\" srcset=\"https:\/\/www.omni-biotic.com\/sk-sk\/wp-content\/uploads\/sites\/9\/2023\/10\/lieky-na-mocove-cesty.png 700w, https:\/\/www.omni-biotic.com\/sk-sk\/wp-content\/uploads\/sites\/9\/2023\/10\/lieky-na-mocove-cesty-300x214.png 300w\" sizes=\"(max-width: 700px) 100vw, 700px\" title=\"\">\t\t\t\t\t\t\t\t\t\t\t\t\t\t\t<\/div>\n\t\t\t\t<\/div>\n\t\t\t\t<div class=\"elementor-element elementor-element-81808bb elementor-widget elementor-widget-text-editor\" data-id=\"81808bb\" data-element_type=\"widget\" data-widget_type=\"text-editor.default\">\n\t\t\t\t<div class=\"elementor-widget-container\">\n\t\t\t\t\t\t\t\t\t<p>Pri zisten\u00ed\u00a0<strong>bakt\u00e9ri\u00ed v mo\u010di<\/strong> lek\u00e1ri \u010dasto predpisuj\u00fa antibiotik\u00e1. Pod\u013ea Normy Jungovej, \u010dlenky poradn\u00e9ho v\u00fdboru DGI (Nemeckej spolo\u010dnosti pre infektol\u00f3giu), v\u0161ak m\u00f4\u017eu ma\u0165 bakt\u00e9rie v mo\u010di r\u00f4zne pr\u00ed\u010diny a s\u00fa \u010dastej\u0161ie u \u017eien ako u mu\u017eov. <strong>Lie\u010dba antibiotikami<\/strong> by sa mala za\u010da\u0165 <strong>len vtedy<\/strong>, ke\u010f sa vyskytn\u00fa <strong>typick\u00e9 pr\u00edznaky<a href=\"https:\/\/www.omni-biotic.com\/sk-sk\/blog\/dysbioticka-crevna-flora-podporuje-opakovane-infekcie-mocoveho-mechura\/\">\u00a0infekcie mo\u010dov\u00fdch ciest<\/a><\/strong>. Aj v pr\u00edpade existuj\u00facej<strong> infekcie mo\u010dov\u00e9ho mech\u00fara<\/strong> je potrebn\u00e9 zv\u00e1\u017ei\u0165 z\u00e1va\u017enos\u0165 ochorenia. \u0160t\u00fadia uk\u00e1zala, \u017ee<strong>\u00a0pribli\u017ene dve tretiny \u017eien<\/strong>\u00a0s nekomplikovan\u00fdmi infekciami mo\u010dov\u00fdch ciest\u00a0<strong>sa uzdravia bez u\u017e\u00edvania antibiot\u00edk<\/strong>. Neuv\u00e1\u017een\u00e9 u\u017e\u00edvanie antibiot\u00edk m\u00f4\u017ee sp\u00f4sobi\u0165 opakovan\u00e9 z\u00e1paly a infekcie, preto\u017ee <strong>antibiotk\u00e1 ni\u010dia aj tie prospe\u0161n\u00e9 bakt\u00e9rie<\/strong> v tele. Tak sa za\u010d\u00edna za\u010darovan\u00fd kruh.<\/p>\t\t\t\t\t\t\t\t<\/div>\n\t\t\t\t<\/div>\n\t\t\t\t<div class=\"elementor-element elementor-element-57fbede elementor-widget elementor-widget-heading\" data-id=\"57fbede\" data-element_type=\"widget\" data-widget_type=\"heading.default\">\n\t\t\t\t<div class=\"elementor-widget-container\">\n\t\t\t\t\t<h2 class=\"elementor-heading-title elementor-size-default\"><h3 style=\"margin-bottom: 0.5em\">\u010co robi\u0165, ak je antibiotick\u00e1 lie\u010dba nevyhnutn\u00e1?<\/h3><\/h2>\t\t\t\t<\/div>\n\t\t\t\t<\/div>\n\t\t\t\t<div class=\"elementor-element elementor-element-5b17311 elementor-widget elementor-widget-text-editor\" data-id=\"5b17311\" data-element_type=\"widget\" data-widget_type=\"text-editor.default\">\n\t\t\t\t<div class=\"elementor-widget-container\">\n\t\t\t\t\t\t\t\t\t<div class=\"omni-legacy-post--content block-0 layout-4\"><p>Samozrejme, existuj\u00fa ochorenia, pri ktor\u00fdch je antibiotick\u00e1 lie\u010dba nevyhnutn\u00e1. V tomto pr\u00edpade m\u00e1 zmysel\u00a0<strong>doda\u0165 \u010drevu dostatok u\u017eito\u010dn\u00fdch bakt\u00e9ri\u00ed<\/strong>, napr. vo\u00a0<strong>forme synbiot\u00edk<\/strong>. <strong>Hlavn\u00fdm ved\u013eaj\u0161\u00edm a ne\u017eiad\u00facim \u00fa\u010dinkom antibiot\u00edk<\/strong> toti\u017e je, \u017ee antibiotik\u00e1 ni\u010dia nielen patog\u00e9ny, ale aj <strong>cel\u00e9 kmene<\/strong> \u017eivotne d\u00f4le\u017eit\u00fdch \u010drevn\u00fdch bakt\u00e9ri\u00ed. U\u017e\u00edvan\u00edm <a href=\"https:\/\/www.omni-biotic.com\/sk-sk\/produkty\/omni-biotic\/omni-biotic-10-aad\/\"><strong>probiot\u00edk\u00a0<\/strong><\/a>telo dost\u00e1va <strong>\u201cz\u00e1soby\u201d vo forme<\/strong>\u00a0<strong>bakt\u00e9ri\u00ed prirodzene sa vyskytuj\u00facich v \u013eudskom tele<\/strong>, ktor\u00e9 sa m\u00f4\u017eu v \u010dreve usadi\u0165, mno\u017ei\u0165 a plni\u0165 svoje d\u00f4le\u017eit\u00e9 \u00falohy ako je vstreb\u00e1vanie \u017eiv\u00edn, imunitn\u00e1 obrana a pod.<\/p><\/div>\t\t\t\t\t\t\t\t<\/div>\n\t\t\t\t<\/div>\n\t\t\t\t<div class=\"elementor-element elementor-element-31f7027 elementor-widget elementor-widget-heading\" data-id=\"31f7027\" data-element_type=\"widget\" data-widget_type=\"heading.default\">\n\t\t\t\t<div class=\"elementor-widget-container\">\n\t\t\t\t\t<p class=\"elementor-heading-title elementor-size-default\">Zdroje: <\/p>\t\t\t\t<\/div>\n\t\t\t\t<\/div>\n\t\t\t\t<div class=\"elementor-element elementor-element-96fbc5f elementor-widget elementor-widget-text-editor\" data-id=\"96fbc5f\" data-element_type=\"widget\" data-widget_type=\"text-editor.default\">\n\t\t\t\t<div class=\"elementor-widget-container\">\n\t\t\t\t\t\t\t\t\t<ul><li><a href=\"http:\/\/www.univadis.de\/medical-news\/173\/Infektiologen-Vorsicht-beim-Umgang-mit-Antibiotika?utm_source=newsletter+email&amp;amp;utm_medium=email&amp;amp;utm_campaign=medical+updates+-+daily&amp;amp;utm_content=745397&amp;amp;utm_term=automated_daily\" data-kmt=\"1\" rel=\"noopener\">www.univadis.de\/medical-news\/173\/Infektiologen-Vorsicht-beim-Umgang-mit-Antibiotika<\/a><\/li><li><a href=\"https:\/\/pubmed.ncbi.nlm.nih.gov\/30349083\/\" rel=\"noopener\">Palleja A et al. Nat Microbiol 2018; 3: 1255-1265<\/a><\/li><li><a href=\"http:\/\/www.univadis.de\/medical-news\/173\/Antibiotika-bei-vielen-Blasenentzuendungen-nicht-notwendig?utm_source=newsletter+email&amp;amp;utm_medium=email&amp;amp;utm_campaign=cme_uni_education_160118&amp;amp;utm_content=576541&amp;amp;utm_term=manual_160118\" data-kmt=\"1\" rel=\"noopener\">www.univadis.de\/medical-news\/173\/Antibiotika-bei-vielen-Blasenentzuendungen-nicht-notwendig<\/a><\/li><li><a href=\"https:\/\/kurier.at\/wissen\/kein-gegenmittel-gefaehrlicher-superkeim-breitet-sich-aus\/400108334\" rel=\"noopener\">https:\/\/kurier.at\/wissen\/kein-gegenmittel-gefaehrlicher-superkeim-breitet-sich-aus\/400108334<\/a><\/li><li><a href=\"https:\/\/www.univadis.de\/viewarticle\/allergien-bei-saeuglingen-durch-antibiotika-und-saeureblocker-getriggert-594056\" rel=\"noopener\">https:\/\/www.univadis.de\/viewarticle\/allergien-bei-saeuglingen-durch-antibiotika-und-saeureblocker-getriggert-594056<\/a><\/li><\/ul>\t\t\t\t\t\t\t\t<\/div>\n\t\t\t\t<\/div>\n\t\t\t\t<div class=\"elementor-element elementor-element-3a05105 elementor-widget-divider--view-line elementor-widget elementor-widget-divider\" data-id=\"3a05105\" data-element_type=\"widget\" data-widget_type=\"divider.default\">\n\t\t\t\t<div class=\"elementor-widget-container\">\n\t\t\t\t\t\t\t<div class=\"elementor-divider\">\n\t\t\t<span class=\"elementor-divider-separator\">\n\t\t\t\t\t\t<\/span>\n\t\t<\/div>\n\t\t\t\t\t\t<\/div>\n\t\t\t\t<\/div>\n\t\t\t\t<div class=\"elementor-element elementor-element-2e2d70a elementor-widget elementor-widget-heading\" data-id=\"2e2d70a\" data-element_type=\"widget\" data-widget_type=\"heading.default\">\n\t\t\t\t<div class=\"elementor-widget-container\">\n\t\t\t\t\t<h2 class=\"elementor-heading-title elementor-size-default\">Probiotik\u00e1 k antibiotik\u00e1m<\/h2>\t\t\t\t<\/div>\n\t\t\t\t<\/div>\n\t\t\t\t\t<\/div>\n\t\t\t\t<\/div>\n\t\t<div class=\"elementor-element elementor-element-c4984ee obcs none e-flex e-con-boxed e-con e-parent\" data-id=\"c4984ee\" data-element_type=\"container\">\n\t\t\t\t\t<div class=\"e-con-inner\">\n\t\t\t\t<div class=\"elementor-element elementor-element-24890f5 elementor-widget elementor-widget-text-editor\" data-id=\"24890f5\" data-element_type=\"widget\" data-widget_type=\"text-editor.default\">\n\t\t\t\t<div class=\"elementor-widget-container\">\n\t\t\t\t\t\t\t\t\t<p>Rozsiahle \u0161t\u00fadie ukazuj\u00fa, \u017ee <strong>OMNI-BiOTiC\u00ae 10 AAD<\/strong> dok\u00e1\u017ee regulova\u0165 <strong>ved\u013eaj\u0161ie \u00fa\u010dinky antibiotickej lie\u010dby<\/strong> &#8211; konkr\u00e9tne bakteri\u00e1lnu dysbalanciu v \u010drev\u00e1ch.<\/p>\t\t\t\t\t\t\t\t<\/div>\n\t\t\t\t<\/div>\n\t\t\t\t<div class=\"elementor-element elementor-element-2e6f07f elementor-widget elementor-widget-image\" data-id=\"2e6f07f\" data-element_type=\"widget\" data-widget_type=\"image.default\">\n\t\t\t\t<div class=\"elementor-widget-container\">\n\t\t\t\t\t\t\t\t\t\t\t\t\t\t\t<img loading=\"lazy\" decoding=\"async\" width=\"387\" height=\"420\" src=\"https:\/\/www.omni-biotic.com\/sk-sk\/wp-content\/uploads\/sites\/9\/2023\/10\/probiotika-na-mocove-cesty.png\" class=\"attachment-large size-large wp-image-21395\" alt=\"\" srcset=\"https:\/\/www.omni-biotic.com\/sk-sk\/wp-content\/uploads\/sites\/9\/2023\/10\/probiotika-na-mocove-cesty.png 387w, https:\/\/www.omni-biotic.com\/sk-sk\/wp-content\/uploads\/sites\/9\/2023\/10\/probiotika-na-mocove-cesty-276x300.png 276w\" sizes=\"(max-width: 387px) 100vw, 387px\" title=\"\">\t\t\t\t\t\t\t\t\t\t\t\t\t\t\t<\/div>\n\t\t\t\t<\/div>\n\t\t\t\t\t<\/div>\n\t\t\t\t<\/div>\n\t\t<div class=\"elementor-element elementor-element-c391f12 obcs none e-flex e-con-boxed e-con e-parent\" data-id=\"c391f12\" data-element_type=\"container\">\n\t\t\t\t\t<div class=\"e-con-inner\">\n\t\t\t\t<div class=\"elementor-element elementor-element-2893937 elementor-widget elementor-widget-text-editor\" data-id=\"2893937\" data-element_type=\"widget\" data-widget_type=\"text-editor.default\">\n\t\t\t\t<div class=\"elementor-widget-container\">\n\t\t\t\t\t\t\t\t\t<p>Hlavnou <strong>funkciou antibiot\u00edk<\/strong> je<strong> ni\u010di\u0165 mikroorganizmy<\/strong> sp\u00f4sobuj\u00face choroby. Antibiotik\u00e1 v\u0161ak bohu\u017eia\u013e z\u00e1rove\u0148 <strong>ni\u010dia \u010dasti ochrannej \u010drevnej sliznice<\/strong> a po\u0161kodzuj\u00fa prirodzen\u00e9, zdrav\u00e9 \u010drevn\u00e9 bakt\u00e9rie. T\u00fdm sa nebezpe\u010dn\u00e9 mikroorganizmy a ich tox\u00edny m\u00f4\u017eu r\u00fdchlo mno\u017ei\u0165. Toto<strong> naru\u0161enie rovnov\u00e1hy<\/strong> v \u010drev\u00e1ch m\u00f4\u017ee n\u00e1sledne vies\u0165 <strong>k r\u00f4znym ved\u013eaj\u0161\u00edm \u00fa\u010dinkom<\/strong> a sp\u00f4sobi\u0165 tak \u010fal\u0161ie alebo <strong>opakovan\u00e9<\/strong> <strong>ochorenia<\/strong>. Tieto \u0165a\u017ekosti sa m\u00f4\u017eu objavi\u0165 <strong>okam\u017eite<\/strong>, alebo a\u017e <strong>nieko\u013eko t\u00fd\u017ed\u0148ov po prvom u\u017eit\u00ed antibiot\u00edk<\/strong>. Okrem toho sa pri ka\u017edom u\u017e\u00edvan\u00ed antibiot\u00edk zni\u017euje rozmanitos\u0165 bakteri\u00e1lnych kme\u0148ov v na\u0161om \u010dreve. Vysok\u00e1 <strong>rozmanitos\u0165 \u010drevn\u00fdch bakt\u00e9ri\u00ed<\/strong> je v\u0161ak absol\u00fatne <strong>nevyhnutn\u00e1<\/strong> na to, aby \u010drevo mohlo bez obmedzenia vykon\u00e1va\u0165 svoje r\u00f4znorod\u00e9 \u00falohy (napr. rozklada\u0165, vstreb\u00e1va\u0165 a tvori\u0165 \u017eiviny, produkova\u0165 imunitn\u00e9 bunky, dod\u00e1va\u0165 energiu). Preto pri <strong>ka\u017edej antibiotickej lie\u010dbe<\/strong> podporte \u010drevo \u0161peci\u00e1lne vybran\u00fdmi \u010drevn\u00fdmi bakt\u00e9riami, aby ste zn\u00ed\u017eili <strong>ved\u013eaj\u0161ie \u00fa\u010dinky antibiot\u00edk<\/strong>!<\/p><p><span style=\"color: #b5085a\"><strong>OMNI-BiOTiC\u00ae 10 AAD:<\/strong><\/span><\/p>\t\t\t\t\t\t\t\t<\/div>\n\t\t\t\t<\/div>\n\t\t\t\t<div class=\"elementor-element elementor-element-c27b795 elementor-widget elementor-widget-text-editor\" data-id=\"c27b795\" data-element_type=\"widget\" data-widget_type=\"text-editor.default\">\n\t\t\t\t<div class=\"elementor-widget-container\">\n\t\t\t\t\t\t\t\t\t<ul><li>U\u017e\u00edvajte po\u010das akejko\u013evek lie\u010dby antibiotikami<\/li><li>Os\u00edd\u013euje \u010drev\u00e1 10 vedecky vybran\u00fdmi bakteri\u00e1lnymi kme\u0148mi<\/li><li>Obsiahnut\u00e9 bakteri\u00e1lne kmene sa trvalo usadia v \u010dreve<\/li><li>Zabra\u0148uje rozmno\u017eovaniu bakt\u00e9ri\u00ed, ako je Clostridium difficile<\/li><li>Zni\u017euje uvo\u013e\u0148ovanie tox\u00ednov bakt\u00e9ri\u00ed Clostridium difficil<\/li><li>Neobsahuje \u017eivo\u010d\u00ed\u0161ne bielkoviny, glut\u00e9n, kvasnice a lakt\u00f3zu<div class=\"product-page mt-30 pb-30 mmt-15\"><div class=\"container\"><div class=\"product-page__container\"><div id=\"tabs-anchor\" class=\"product-page__tabs mt-30\"><div class=\"tabs__body\"><div class=\"active\" data-js-tabs-tab=\"\"><div class=\"tabs__content rte overflow-hidden\" data-js-tabs-content=\"\">\u00a0<\/div><\/div><\/div><\/div><\/div><\/div><\/div><\/li><\/ul>\t\t\t\t\t\t\t\t<\/div>\n\t\t\t\t<\/div>\n\t\t\t\t\t<\/div>\n\t\t\t\t<\/div>\n\t\t<div class=\"elementor-element elementor-element-69aef5a obcs none e-flex e-con-boxed e-con e-parent\" data-id=\"69aef5a\" data-element_type=\"container\">\n\t\t\t\t\t<div class=\"e-con-inner\">\n\t\t\t\t<div class=\"elementor-element elementor-element-b351e49 elementor-widget elementor-widget-button\" data-id=\"b351e49\" data-element_type=\"widget\" data-widget_type=\"button.default\">\n\t\t\t\t<div class=\"elementor-widget-container\">\n\t\t\t\t\t\t\t\t\t<div class=\"elementor-button-wrapper\">\n\t\t\t\t\t<a class=\"elementor-button elementor-button-link elementor-size-md\" href=\"https:\/\/shop.omni-biotic.com\/sk-sk\/products\/omni-biotic-10-aad-int-99103\">\n\t\t\t\t\t\t<span class=\"elementor-button-content-wrapper\">\n\t\t\t\t\t\t<span class=\"elementor-button-icon\">\n\t\t\t\t<i aria-hidden=\"true\" class=\"far fa-hand-pointer\"><\/i>\t\t\t<\/span>\n\t\t\t\t\t\t\t\t\t<span class=\"elementor-button-text\">Viac o OMNI-BiOTiC\u00ae 10 AAD<\/span>\n\t\t\t\t\t<\/span>\n\t\t\t\t\t<\/a>\n\t\t\t\t<\/div>\n\t\t\t\t\t\t\t\t<\/div>\n\t\t\t\t<\/div>\n\t\t\t\t\t<\/div>\n\t\t\t\t<\/div>\n\t\t\t\t<\/div>\n\t\t","protected":false},"excerpt":{"rendered":"<p>Hlavn\u00fdm ved\u013eaj\u0161\u00edm \u00fa\u010dinkom antibiot\u00edk je, \u017ee antibiotik\u00e1 ni\u010dia nielen patog\u00e9ny, ale aj\u00a0cel\u00e9 kmene\u00a0\u017eivotne d\u00f4le\u017eit\u00fdch \u010drevn\u00fdch bakt\u00e9ri\u00ed.<\/p>\n","protected":false},"author":17,"featured_media":21394,"comment_status":"closed","ping_status":"closed","sticky":false,"template":"","format":"standard","meta":{"_acf_changed":false,"inline_featured_image":false,"footnotes":""},"categories":[80,85],"tags":[],"class_list":["post-21363","post","type-post","status-publish","format-standard","has-post-thumbnail","hentry","category-staznosti-a-poradenstvo","category-novinky-vo-vyskume"],"acf":[],"rank_math":{"og:title":"Ved\u013eaj\u0161ie \u00fa\u010dinky antibiot\u00edk | Ako pred\u00eds\u0165 ved\u013eaj\u0161\u00edm \u00fa\u010dinkom?","og:desc":"U\u017e\u00edvanie antibiot\u00edk m\u00f4\u017ee sp\u00f4sobi\u0165 napr. kvasinkov\u00e9 infekcie, opakovan\u00e9 z\u00e1paly mo\u010dov\u00fdch ciest, alergie a pod. Pom\u00e1haj\u00fa inovat\u00edvne probiotik\u00e1!","og:url":"https:\/\/www.omni-biotic.com\/sk-sk\/blog\/vedlajsie-ucinky-antibiotik\/","og:locale":"sk_SK","og:image":"https:\/\/www.omni-biotic.com\/sk-sk\/wp-content\/uploads\/sites\/9\/2023\/10\/jednodnove-antibiotika-na-mocove-cesty.png","og:image:width":"700","og:image:height":"500"},"additional_data":{"thumbnail":"https:\/\/www.omni-biotic.com\/sk-sk\/wp-content\/uploads\/sites\/9\/2023\/10\/jednodnove-antibiotika-na-mocove-cesty.png"},"blog_info":{"country":"sk-sk"},"_links":{"self":[{"href":"https:\/\/www.omni-biotic.com\/sk-sk\/wp-json\/wp\/v2\/posts\/21363","targetHints":{"allow":["GET"]}}],"collection":[{"href":"https:\/\/www.omni-biotic.com\/sk-sk\/wp-json\/wp\/v2\/posts"}],"about":[{"href":"https:\/\/www.omni-biotic.com\/sk-sk\/wp-json\/wp\/v2\/types\/post"}],"author":[{"embeddable":true,"href":"https:\/\/www.omni-biotic.com\/sk-sk\/wp-json\/wp\/v2\/users\/17"}],"replies":[{"embeddable":true,"href":"https:\/\/www.omni-biotic.com\/sk-sk\/wp-json\/wp\/v2\/comments?post=21363"}],"version-history":[{"count":7,"href":"https:\/\/www.omni-biotic.com\/sk-sk\/wp-json\/wp\/v2\/posts\/21363\/revisions"}],"predecessor-version":[{"id":28268,"href":"https:\/\/www.omni-biotic.com\/sk-sk\/wp-json\/wp\/v2\/posts\/21363\/revisions\/28268"}],"wp:featuredmedia":[{"embeddable":true,"href":"https:\/\/www.omni-biotic.com\/sk-sk\/wp-json\/wp\/v2\/media\/21394"}],"wp:attachment":[{"href":"https:\/\/www.omni-biotic.com\/sk-sk\/wp-json\/wp\/v2\/media?parent=21363"}],"wp:term":[{"taxonomy":"category","embeddable":true,"href":"https:\/\/www.omni-biotic.com\/sk-sk\/wp-json\/wp\/v2\/categories?post=21363"},{"taxonomy":"post_tag","embeddable":true,"href":"https:\/\/www.omni-biotic.com\/sk-sk\/wp-json\/wp\/v2\/tags?post=21363"}],"curies":[{"name":"wp","href":"https:\/\/api.w.org\/{rel}","templated":true}]}}