{"id":21480,"date":"2026-04-21T11:11:07Z","date_gmt":"2026-04-21T09:11:07Z","guid":{"rendered":"https:\/\/www.omni-biotic.com\/sk-sk\/?p=21480"},"modified":"2026-04-21T15:48:15Z","modified_gmt":"2026-04-21T13:48:15Z","slug":"crohnova-choroba","status":"publish","type":"post","link":"https:\/\/www.omni-biotic.com\/sk-sk\/blog\/crohnova-choroba\/","title":{"rendered":"Crohnova choroba"},"content":{"rendered":"\t\t<div data-elementor-type=\"wp-post\" data-elementor-id=\"21480\" class=\"elementor elementor-21480\" data-elementor-post-type=\"post\">\n\t\t\t\t<div class=\"elementor-element elementor-element-76d3074 obcs none e-flex e-con-boxed e-con e-parent\" data-id=\"76d3074\" data-element_type=\"container\">\n\t\t\t\t\t<div class=\"e-con-inner\">\n\t\t\t\t<div class=\"elementor-element elementor-element-2ff625a elementor-widget elementor-widget-image\" data-id=\"2ff625a\" data-element_type=\"widget\" data-widget_type=\"image.default\">\n\t\t\t\t<div class=\"elementor-widget-container\">\n\t\t\t\t\t\t\t\t\t\t\t\t\t\t\t<img fetchpriority=\"high\" decoding=\"async\" width=\"500\" height=\"500\" src=\"https:\/\/www.omni-biotic.com\/sk-sk\/wp-content\/uploads\/sites\/9\/2023\/03\/morbus-crohn-darmentzuendung.png\" class=\"attachment-large size-large wp-image-13086\" alt=\"Crohnova choroba\" srcset=\"https:\/\/www.omni-biotic.com\/sk-sk\/wp-content\/uploads\/sites\/9\/2023\/03\/morbus-crohn-darmentzuendung.png 500w, https:\/\/www.omni-biotic.com\/sk-sk\/wp-content\/uploads\/sites\/9\/2023\/03\/morbus-crohn-darmentzuendung-300x300.png 300w, https:\/\/www.omni-biotic.com\/sk-sk\/wp-content\/uploads\/sites\/9\/2023\/03\/morbus-crohn-darmentzuendung-150x150.png 150w\" sizes=\"(max-width: 500px) 100vw, 500px\" title=\"\">\t\t\t\t\t\t\t\t\t\t\t\t\t\t\t<\/div>\n\t\t\t\t<\/div>\n\t\t\t\t<div class=\"elementor-element elementor-element-4a09911 elementor-widget elementor-widget-heading\" data-id=\"4a09911\" data-element_type=\"widget\" data-widget_type=\"heading.default\">\n\t\t\t\t<div class=\"elementor-widget-container\">\n\t\t\t\t\t<h2 class=\"elementor-heading-title elementor-size-default\">\u010co je Crohnova choroba a ak\u00e9 s\u00fa pr\u00edznaky tohto chronick\u00e9ho z\u00e1palov\u00e9ho ochorenia \u010driev?\n<\/h2>\t\t\t\t<\/div>\n\t\t\t\t<\/div>\n\t\t\t\t<div class=\"elementor-element elementor-element-b81a06b elementor-widget elementor-widget-text-editor\" data-id=\"b81a06b\" data-element_type=\"widget\" data-widget_type=\"text-editor.default\">\n\t\t\t\t<div class=\"elementor-widget-container\">\n\t\t\t\t\t\t\t\t\t<p><strong>Crohnova choroba<\/strong>\u00a0je opakuj\u00face sa\u00a0<a href=\"https:\/\/www.omni-biotic.com\/sk-sk\/crevne-problemy\/chronicke-zapalove-ochorenia-criev\/\"><strong>chronick\u00e9 z\u00e1palov\u00e9 ochorenie \u010driev<\/strong><\/a>\u00a0<strong>(IBD)<\/strong>, ktor\u00e9 m\u00f4\u017ee postihova\u0165 cel\u00fd gastrointestin\u00e1lny trakt. Bola pomenovan\u00e1 pod\u013ea prv\u00e9ho \u010dloveka, ktor\u00fd ju dok\u00e1zal charakterizova\u0165, americk\u00e9ho\u00a0<strong>lek\u00e1ra Burrilla Bernarda Crohna<\/strong>.<br \/><strong>N\u00e1stup ochorenia<\/strong>\u00a0je zvy\u010dajne<strong>\u00a0vo veku medzi 15. a 35. rokom<\/strong>\u00a0\u017eivota.\u00a0<strong>Pr\u00ed\u010diny vzniku<\/strong>\u00a0Crohnovej choroby nie s\u00fa st\u00e1le \u00faplne objasnen\u00e9. Predpoklad\u00e1 sa, \u017ee k jej\u00a0<strong>prepuknutiu<\/strong>\u00a0vedie nieko\u013eko faktorov.\u00a0<strong>Genetick\u00e1 predispoz\u00edcia<\/strong>, zmenen\u00fd\u00a0<a href=\"https:\/\/www.omni-biotic.com\/sk-sk\/crevne-zdravie\/centrum-zdravia-crevo\/crevny-mikrobiom\/\"><strong>\u010drevn\u00fd mikrobi\u00f3m<\/strong><\/a>\u00a0(\u010drevn\u00e1 fl\u00f3ra) a vonkaj\u0161ie faktory (<strong>infekcie<\/strong>,\u00a0<a href=\"https:\/\/www.omni-biotic.com\/sk-sk\/blog\/stes-a-jeho-neziaduce-ucinky-na-nas-organizmus\/\"><strong>stres<\/strong><\/a>,\u00a0<strong>strava<\/strong>\u00a0at\u010f.) podporuj\u00fa vznik typick\u00fdch<strong>\u00a0pr\u00edznakov Crohnovej choroby<\/strong>.\u00a0<strong><a href=\"https:\/\/www.omni-biotic.com\/sk-sk\/blog\/psychobiotika-dusevne-zdravie\/\">Psychika\u00a0<\/a><\/strong>tie\u017e zohr\u00e1va v\u00fdznamn\u00fa \u00falohu v tom, do akej miery Crohnova choroba\u00a0<strong>prepukne<\/strong>\u00a0alebo bude\u00a0<strong>postupova\u0165<\/strong>. Niet divu, ve\u010f n\u00e1\u0161\u00a0<strong>du\u0161evn\u00fd stav je \u00fazko prepojen\u00fd<\/strong>\u00a0s na\u0161\u00edm \u010drevom! Prostredn\u00edctvom\u00a0<a href=\"https:\/\/www.omni-biotic.com\/sk-sk\/crevne-zdravie\/centrum-zdravia-crevo\/os-crevo-mozog\/\"><strong>osi \u010drevo \u2013 mozog\u00a0<\/strong><\/a>doch\u00e1dza k neust\u00e1lej v\u00fdmene! Kedysi sa <strong>Crohnova choroba<\/strong> pova\u017eovala za autoimunitn\u00e9 ochorenie. Dnes sa presnej\u0161ie ozna\u010duje ako <strong>ochorenie s\u00favisiace s imunitou<\/strong>. <a href=\"https:\/\/www.omni-biotic.com\/sk-sk\/crevne-zdravie\/oblasti-vplyvu-criev\/imunitny-system\/\"><strong>Imunitn\u00fd syst\u00e9m<\/strong><\/a> toti\u017e nereaguje proti vlastn\u00e9mu telu, ale <strong>prehnane reaguje<\/strong> na <strong>l\u00e1tky<\/strong>, ktor\u00e9 <strong>prenikn\u00fa<\/strong> cez oslaben\u00fa \u010drevn\u00fa bari\u00e9ru. To sp\u00fa\u0161\u0165a <strong>dlhodob\u00fd z\u00e1pal<\/strong>.<\/p>\t\t\t\t\t\t\t\t<\/div>\n\t\t\t\t<\/div>\n\t\t\t\t\t<\/div>\n\t\t\t\t<\/div>\n\t\t<div class=\"elementor-element elementor-element-fd27960 obcs none e-flex e-con-boxed e-con e-parent\" data-id=\"fd27960\" data-element_type=\"container\">\n\t\t\t\t\t<div class=\"e-con-inner\">\n\t\t\t\t<div class=\"elementor-element elementor-element-653d7fb elementor-widget elementor-widget-heading\" data-id=\"653d7fb\" data-element_type=\"widget\" data-widget_type=\"heading.default\">\n\t\t\t\t<div class=\"elementor-widget-container\">\n\t\t\t\t\t<h2 class=\"elementor-heading-title elementor-size-default\">Pr\u00edznaky a sprievodn\u00e9 ochorenia Crohnovej choroby\n<\/h2>\t\t\t\t<\/div>\n\t\t\t\t<\/div>\n\t\t\t\t<div class=\"elementor-element elementor-element-d6e1ed5 elementor-widget elementor-widget-text-editor\" data-id=\"d6e1ed5\" data-element_type=\"widget\" data-widget_type=\"text-editor.default\">\n\t\t\t\t<div class=\"elementor-widget-container\">\n\t\t\t\t\t\t\t\t\t<p>V\u0161etky c<strong>hronick\u00e9 z\u00e1palov\u00e9 ochorenia \u010driev<\/strong>\u00a0maj\u00fa\u00a0<strong>podobn\u00e9<\/strong>\u00a0<strong>pr\u00edznaky<\/strong>, ako je\u00a0<a href=\"https:\/\/www.omni-biotic.com\/sk-sk\/crevne-problemy\/hnacka\/\"><strong>hna\u010dka<\/strong><\/a>, siln\u00e9\u00a0<strong>bolesti<\/strong>\u00a0brucha a preru\u0161ovan\u00fd priebeh.\u00a0<strong>Pr\u00edznaky Crohnovej choroby<\/strong>\u00a0sa zvy\u010dajne za\u010d\u00ednaj\u00fa\u00a0<strong>postupne<\/strong>. U jednotliv\u00fdch os\u00f4b sa v\u00fdrazne l\u00ed\u0161ia, okrem in\u00e9ho v z\u00e1vislosti od\u00a0<strong>\u00faseku tr\u00e1viaceho traktu<\/strong>, v ktorom\u00a0<strong>z\u00e1pal prevl\u00e1da<\/strong>. Na rozdiel od\u00a0<a href=\"https:\/\/www.omni-biotic.com\/sk-sk\/blog\/ulcerozna-kolitida-priznaky-liecba-a-strava\/\"><strong>ulcer\u00f3znej kolit\u00eddy<\/strong><\/a>, pri ktorej sa zap\u00e1lia \u201elen\u201c\u00a0<strong>povrchov\u00e9 vrstvy sliznice<\/strong>, sa z\u00e1palov\u00fd proces\u00a0<strong>pri Crohnovej chorobe<\/strong>\u00a0\u0161\u00edri aj do\u00a0<strong>hlb\u0161\u00edch vrstiev<\/strong>\u00a0<strong>\u010drevnej steny<\/strong>. Z\u00e1palom m\u00f4\u017eu by\u0165 postihnut\u00e9 aj okolit\u00e9 \u0161trukt\u00fary. Ak sa<strong>\u00a0ak\u00fatny z\u00e1pal<\/strong>\u00a0adekv\u00e1tne\u00a0<strong>nelie\u010di (cielenou lie\u010dbou)<\/strong>, za ur\u010dit\u00fdch okolnost\u00ed m\u00f4\u017ee d\u00f4js\u0165\u00a0<strong>k \u017eivot ohrozuj\u00facim komplik\u00e1ci\u00e1m<\/strong>. \u010crevn\u00e9 vredy,\u00a0<strong>nedostatok \u017eiv\u00edn<\/strong>\u00a0(najm\u00e4 \u017eeleza a vitam\u00ednu B12), z\u00fa\u017eenie \u010dreva a\u017e po\u00a0<strong>\u010drevn\u00fa nepriechodnos\u0165<\/strong>, sten\u00f3za, perfor\u00e1cia \u010dreva, bakteri\u00e1lne infekcie,\u00a0<a href=\"https:\/\/www.omni-biotic.com\/sk-sk\/blog\/rakovina-hrubeho-creva-sa-casto-odhali-prilis-neskoro\/\"><strong>rakovina \u010dreva<\/strong><\/a>\u00a0at\u010f.<\/p><p>S postupuj\u00facim ochoren\u00edm je\u00a0<strong>\u010drevo<\/strong>\u00a0pri ka\u017edej novej epiz\u00f3de\u00a0<strong>\u010doraz viac postihnut\u00e9<\/strong>, tak\u017ee a\u017e\u00a0<strong>70 % pacientov<\/strong>\u00a0mus\u00ed podst\u00fapi\u0165\u00a0<strong>oper\u00e1ciu<\/strong>! Crohnovu chorobu m\u00f4\u017eu sprev\u00e1dza\u0165 aj ochorenia mimo tr\u00e1viaceho traktu.\u00a0<strong>Z\u00e1pal o\u010d\u00ed<\/strong>, bolesti a\u00a0<strong>z\u00e1paly k\u013abov<\/strong>,\u00a0<strong>\u00fanava<\/strong>,\u00a0<strong>ko\u017en\u00e9 ochorenia<\/strong>\u00a0at\u010f.<\/p>\t\t\t\t\t\t\t\t<\/div>\n\t\t\t\t<\/div>\n\t\t\t\t<div class=\"elementor-element elementor-element-f1e1bb5 elementor-widget elementor-widget-heading\" data-id=\"f1e1bb5\" data-element_type=\"widget\" data-widget_type=\"heading.default\">\n\t\t\t\t<div class=\"elementor-widget-container\">\n\t\t\t\t\t<h2 class=\"elementor-heading-title elementor-size-default\">Diagnostika a lie\u010dba Crohnovej choroby<\/h2>\t\t\t\t<\/div>\n\t\t\t\t<\/div>\n\t\t\t\t<div class=\"elementor-element elementor-element-248fc5d elementor-widget elementor-widget-text-editor\" data-id=\"248fc5d\" data-element_type=\"widget\" data-widget_type=\"text-editor.default\">\n\t\t\t\t<div class=\"elementor-widget-container\">\n\t\t\t\t\t\t\t\t\t<p data-start=\"1437\" data-end=\"1614\">Okrem\u00a0<strong>cielenej lie\u010dby<\/strong>\u00a0\u00fa\u010dinn\u00fdmi l\u00e1tkami zo skupiny steroidov a kortikosteroidov, aminosalicyl\u00e1tov, imunosupres\u00edv a blok\u00e1torov TNF-alfa zohr\u00e1vaj\u00fa v\u00fdznamn\u00fa \u00falohu pri\u00a0<strong>tlmen\u00ed z\u00e1palov\u00e9ho procesu<\/strong>\u00a0aj \u010fal\u0161ie podporn\u00e9 opatrenia. Podstatnou<strong>\u00a0s\u00fa\u010das\u0165ou lie\u010dby<\/strong>\u00a0je spr\u00e1vna v\u00fd\u017eiva. T\u00e1\u00a0<strong>z\u00e1vis\u00ed od f\u00e1zy ochorenia<\/strong>\u00a0a mala by by\u0165 individu\u00e1lne\u00a0<strong>prisp\u00f4soben\u00e1<\/strong>\u00a0ka\u017ed\u00e9mu pacientovi. V obdob\u00ed bez pr\u00edznakov (f\u00e1za remisie) m\u00e1\u00a0<strong>protiz\u00e1palov\u00e1 strava<\/strong>\u00a0\u2013 \u013eahk\u00e9 celozrnn\u00e9 potraviny,\u00a0<a href=\"https:\/\/www.omni-biotic.com\/sk-sk\/blog\/vlaknina\/\"><strong>vl\u00e1knina<\/strong>\u00a0<\/a>(ovocie a zelenina) \u2013 a cielen\u00fd\u00a0<a href=\"https:\/\/www.omni-biotic.com\/sk-sk\/crevne-zdravie\/centrum-zdravia-crevo\/probiotika\/\"><strong>pr\u00edjem probiotick\u00fdch \u010drevn\u00fdch bakt\u00e9ri\u00ed<\/strong>\u00a0<\/a>pozit\u00edvny vplyv na\u00a0<strong>citliv\u00e9 \u010drev\u00e1<\/strong>\u00a0a m\u00f4\u017ee\u00a0<strong>oddiali\u0165 \u010fal\u0161ie vzplanutie ochorenia<\/strong>! V ak\u00fatnej f\u00e1ze je potrebn\u00e9\u00a0<strong>vyh\u00fdba\u0165 sa potravin\u00e1m<\/strong>, ktor\u00e9 sp\u00f4sobuj\u00fa\u00a0<strong>plynatos\u0165<\/strong>\u00a0a maj\u00fa vysok\u00fd obsah vl\u00e1kniny! U mnoh\u00fdch chor\u00fdch sa vyskytuje (zvy\u010dajne do\u010dasn\u00e1)\u00a0<strong>potravinov\u00e1 intolerancia<\/strong>\u00a0a nedostatok \u017eiv\u00edn! Mas\u00edvne\u00a0<strong>hna\u010dky<\/strong>\u00a0a\u00a0<strong>zap\u00e1len\u00e1 \u010drevn\u00e1 stena<\/strong>\u00a0znamenaj\u00fa, \u017ee organizmus nem\u00f4\u017ee\u00a0<strong>vstreba\u0165 dostatok d\u00f4le\u017eit\u00fdch vitam\u00ednov<\/strong>, miner\u00e1lov a stopov\u00fdch prvkov a uprednost\u0148uje \u201evstup\u201c cudzorod\u00fdch l\u00e1tok. Preto je d\u00f4le\u017eit\u00e9<strong>\u00a0od\u013eah\u010di\u0165 \u010drev\u00e1<\/strong>\u00a0a zabezpe\u010di\u0165\u00a0<strong>dostato\u010dn\u00fd pr\u00edsun elektrolytov<\/strong>\u00a0a \u017eivotne d\u00f4le\u017eit\u00fdch l\u00e1tok! Pri\u00a0<strong>Crohnovej chorobe pom\u00e1ha<\/strong>\u00a0aj relax\u00e1cia a cvi\u010denie. Najnov\u0161ie v\u00fdskumy uk\u00e1zali, ako \u00fazko s\u00fa na\u0161e<strong>\u00a0\u010drev\u00e1 prepojen\u00e9 s mozgom<\/strong>\u00a0a s\u00fa v \u017eivej v\u00fdmene prostredn\u00edctvom<a href=\"https:\/\/www.omni-biotic.com\/sk-sk\/crevne-zdravie\/centrum-zdravia-crevo\/os-crevo-mozog\/\"><strong>\u00a0osi \u010drevo \u2013 mozog<\/strong><\/a>. Inform\u00e1cie z \u010driev sa prostredn\u00edctvom nervov\u00fdch dr\u00e1h<strong>\u00a0pren\u00e1\u0161aj\u00fa do mozgu<\/strong>. Na samotn\u00fa komunik\u00e1ciu nem\u00e1me vedom\u00fd vplyv, ale m\u00f4\u017eeme ju\u00a0<strong>podpori\u0165<\/strong>\u00a0\u2013 preto\u017ee to, \u010di je komunik\u00e1cia \u201epozit\u00edvna\u201c alebo \u201enegat\u00edvna\u201c, z\u00e1vis\u00ed od povahy a\u00a0<strong>zlo\u017eenia n\u00e1\u0161ho \u010drevn\u00e9ho mikrobi\u00f3mu<\/strong>. \u010crev\u00e1 doslova podr\u00e1\u017edene<strong>\u00a0reaguj\u00fa na stres<\/strong>\u00a0a negat\u00edvne em\u00f3cie (hnev, zlos\u0165 at\u010f.). To n\u00e1sledne preuk\u00e1zate\u013ene\u00a0<strong>oslabuje n\u00e1\u0161\u00a0<a href=\"https:\/\/www.omni-biotic.com\/sk-sk\/crevne-zdravie\/oblasti-vplyvu-criev\/imunitny-system\/\">imunitn\u00fd syst\u00e9m<\/a><\/strong>, podporuje z\u00e1paly a m\u00e1 z\u00e1sadn\u00fd vplyv na\u00a0<strong>vznik a priebeh chor\u00f4b<\/strong>! Pre pacientov s Crohnovou chorobou je vhodn\u00e9 zaradi\u0165 relaxa\u010dn\u00e9 cvi\u010denia a miernu fyzick\u00fa aktivitu do ka\u017edodenn\u00e9ho \u017eivota. Tie<strong>\u00a0zni\u017euj\u00fa stres<\/strong>\u00a0a nap\u00e4tie a m\u00f4\u017eu ma\u0165\u00a0<strong>pozit\u00edvny vplyv<\/strong>\u00a0na priebeh ochorenia.<\/p>\t\t\t\t\t\t\t\t<\/div>\n\t\t\t\t<\/div>\n\t\t\t\t\t<\/div>\n\t\t\t\t<\/div>\n\t\t<div class=\"elementor-element elementor-element-40ec78c obcs none e-flex e-con-boxed e-con e-parent\" data-id=\"40ec78c\" data-element_type=\"container\">\n\t\t\t\t\t<div class=\"e-con-inner\">\n\t\t\t\t<div class=\"elementor-element elementor-element-3d1ad9e elementor-widget elementor-widget-image\" data-id=\"3d1ad9e\" data-element_type=\"widget\" data-widget_type=\"image.default\">\n\t\t\t\t<div class=\"elementor-widget-container\">\n\t\t\t\t\t\t\t\t\t\t\t\t\t\t\t<img decoding=\"async\" width=\"800\" height=\"600\" src=\"https:\/\/www.omni-biotic.com\/sk-sk\/wp-content\/uploads\/sites\/9\/2022\/08\/shutterstock-602686010.jpg\" class=\"attachment-large size-large wp-image-9872\" alt=\"Chronova choroba\" srcset=\"https:\/\/www.omni-biotic.com\/sk-sk\/wp-content\/uploads\/sites\/9\/2022\/08\/shutterstock-602686010.jpg 1000w, https:\/\/www.omni-biotic.com\/sk-sk\/wp-content\/uploads\/sites\/9\/2022\/08\/shutterstock-602686010-300x225.jpg 300w, https:\/\/www.omni-biotic.com\/sk-sk\/wp-content\/uploads\/sites\/9\/2022\/08\/shutterstock-602686010-768x576.jpg 768w\" sizes=\"(max-width: 800px) 100vw, 800px\" title=\"\">\t\t\t\t\t\t\t\t\t\t\t\t\t\t\t<\/div>\n\t\t\t\t<\/div>\n\t\t\t\t<div class=\"elementor-element elementor-element-5c02e04 elementor-widget elementor-widget-heading\" data-id=\"5c02e04\" data-element_type=\"widget\" data-widget_type=\"heading.default\">\n\t\t\t\t<div class=\"elementor-widget-container\">\n\t\t\t\t\t<h2 class=\"elementor-heading-title elementor-size-default\">Crohnova choroba a \u010drevn\u00e1 mikrobiota: k\u013e\u00fa\u010dov\u00fd faktor<\/h2>\t\t\t\t<\/div>\n\t\t\t\t<\/div>\n\t\t\t\t<div class=\"elementor-element elementor-element-2f03ebd elementor-widget elementor-widget-text-editor\" data-id=\"2f03ebd\" data-element_type=\"widget\" data-widget_type=\"text-editor.default\">\n\t\t\t\t<div class=\"elementor-widget-container\">\n\t\t\t\t\t\t\t\t\t<p data-start=\"3636\" data-end=\"3762\"><strong>V\u00fdskumy<\/strong> ukazuj\u00fa, \u017ee u\u017e na za\u010diatku ochorenia maj\u00fa <strong>pacienti s Crohnovou chorobou<\/strong> v\u00fdrazne <strong>naru\u0161en\u00fa <a href=\"https:\/\/www.omni-biotic.com\/sk-sk\/crevne-zdravie\/centrum-zdravia-crevo\/crevna-flora\/\">\u010drevn\u00fa mikrobiotu<\/a><\/strong> (dysbi\u00f3zu).<\/p><p data-start=\"3764\" data-end=\"3775\">To znamen\u00e1:<\/p><ul data-start=\"3777\" data-end=\"3868\"><li data-start=\"3777\" data-end=\"3804\"><p data-start=\"3779\" data-end=\"3804\">menej \u201edobr\u00fdch\u201c bakt\u00e9ri\u00ed,<\/p><\/li><li data-start=\"3805\" data-end=\"3841\"><p data-start=\"3807\" data-end=\"3841\">viac z\u00e1pal podporuj\u00facich bakt\u00e9ri\u00ed,<\/p><\/li><li data-start=\"3842\" data-end=\"3868\"><p data-start=\"3844\" data-end=\"3868\">oslaben\u00fa \u010drevn\u00fa bari\u00e9ru.<\/p><\/li><\/ul><p data-start=\"3870\" data-end=\"3988\"><strong>Zdrav\u00e1 \u010drevn\u00e1 mikrobiota<\/strong> vytv\u00e1ra mastn\u00e9 kyseliny s kr\u00e1tkym re\u0165azcom (octov\u00e1, propi\u00f3nov\u00e1 a najm\u00e4 maslov\u00e1). Tieto l\u00e1tky:<\/p><ul data-start=\"3990\" data-end=\"4167\"><li data-start=\"3990\" data-end=\"4024\"><p data-start=\"3992\" data-end=\"4024\">vy\u017eivuj\u00fa bunky \u010drevnej sliznice,<\/p><\/li><li data-start=\"4025\" data-end=\"4052\"><p data-start=\"4027\" data-end=\"4052\">posil\u0148uj\u00fa \u010drevn\u00fa bari\u00e9ru,<\/p><\/li><li data-start=\"4053\" data-end=\"4087\"><p data-start=\"4055\" data-end=\"4087\">maj\u00fa <b>siln\u00fd protiz\u00e1palov\u00fd \u00fa\u010dinok<\/b>,<\/p><\/li><li data-start=\"4088\" data-end=\"4120\"><p data-start=\"4090\" data-end=\"4120\">zni\u017euj\u00fa riziko rakoviny \u010dreva,<\/p><\/li><li data-start=\"4121\" data-end=\"4167\"><p data-start=\"4123\" data-end=\"4167\">ovplyv\u0148uj\u00fa komunik\u00e1ciu na <a href=\"https:\/\/www.omni-biotic.com\/sk-sk\/blog\/co-je-to-os-crevo-mozog\/\"><strong>osi \u010drevo \u2013 mozog<\/strong><\/a>.<\/p><\/li><\/ul><p data-start=\"4169\" data-end=\"4345\">Pacienti s Crohnovou chorobou maj\u00fa <strong>v\u00fdrazne zn\u00ed\u017een\u00e9 mno\u017estvo bakt\u00e9ri\u00ed<\/strong>, ktor\u00e9 produkuj\u00fa kyselinu maslov\u00fa. To je jeden z d\u00f4vodov, pre\u010do je <strong>obnova \u010drevnej mikrobioty<\/strong> tak\u00e1 d\u00f4le\u017eit\u00e1.<\/p><p data-start=\"4347\" data-end=\"4409\"><strong>Lieky<\/strong>, <a href=\"https:\/\/www.omni-biotic.com\/sk-sk\/blog\/zaludocne-problemy-zo-stresu\/\"><strong>stres<\/strong><\/a> a nevhodn\u00e1 strava t\u00fato nerovnov\u00e1hu e\u0161te <strong>zhor\u0161uj\u00fa<\/strong>.<\/p>\t\t\t\t\t\t\t\t<\/div>\n\t\t\t\t<\/div>\n\t\t\t\t\t<\/div>\n\t\t\t\t<\/div>\n\t\t<div class=\"elementor-element elementor-element-3e83d15 obcs none e-flex e-con-boxed e-con e-parent\" data-id=\"3e83d15\" data-element_type=\"container\">\n\t\t\t\t\t<div class=\"e-con-inner\">\n\t\t\t\t<div class=\"elementor-element elementor-element-e5a3596 elementor-widget elementor-widget-heading\" data-id=\"e5a3596\" data-element_type=\"widget\" data-widget_type=\"heading.default\">\n\t\t\t\t<div class=\"elementor-widget-container\">\n\t\t\t\t\t<h2 class=\"elementor-heading-title elementor-size-default\">Pre\u010do s\u00fa probiotik\u00e1 pri Crohnovej chorobe tak\u00e9 d\u00f4le\u017eit\u00e9?<\/h2>\t\t\t\t<\/div>\n\t\t\t\t<\/div>\n\t\t\t\t<div class=\"elementor-element elementor-element-d8e1a3a elementor-widget elementor-widget-image\" data-id=\"d8e1a3a\" data-element_type=\"widget\" data-widget_type=\"image.default\">\n\t\t\t\t<div class=\"elementor-widget-container\">\n\t\t\t\t\t\t\t\t\t\t\t\t\t\t\t<img decoding=\"async\" width=\"700\" height=\"200\" src=\"https:\/\/www.omni-biotic.com\/sk-sk\/wp-content\/uploads\/sites\/9\/2025\/07\/bakterie-metabolizmus.gif\" class=\"attachment-large size-large wp-image-27087\" alt=\"\" title=\"\">\t\t\t\t\t\t\t\t\t\t\t\t\t\t\t<\/div>\n\t\t\t\t<\/div>\n\t\t\t\t<div class=\"elementor-element elementor-element-5e25d6e elementor-widget elementor-widget-text-editor\" data-id=\"5e25d6e\" data-element_type=\"widget\" data-widget_type=\"text-editor.default\">\n\t\t\t\t<div class=\"elementor-widget-container\">\n\t\t\t\t\t\t\t\t\t<p data-start=\"4477\" data-end=\"4595\">Kvalitn\u00e9, viaczlo\u017ekov\u00e9 <a href=\"https:\/\/www.omni-biotic.com\/sk-sk\/crevne-zdravie\/centrum-zdravia-crevo\/probiotika\/\"><strong>probiotik\u00e1<\/strong> <\/a>dok\u00e1\u017eu cielene <strong>podpori\u0165 \u010drevn\u00fa mikrobiotu<\/strong> a t\u00fdm <strong>pozit\u00edvne<\/strong> <strong>ovplyvni\u0165<\/strong> samotn\u00fd <strong>priebeh ochorenia<\/strong>.<\/p><p data-start=\"4597\" data-end=\"4631\">Niektor\u00e9 probiotick\u00e9 kmene dok\u00e1\u017eu:<\/p><ul data-start=\"4633\" data-end=\"4788\"><li data-start=\"4633\" data-end=\"4657\"><p data-start=\"4635\" data-end=\"4657\">p\u00f4sobi\u0165 protiz\u00e1palovo,<\/p><\/li><li data-start=\"4658\" data-end=\"4687\"><p data-start=\"4660\" data-end=\"4687\">potl\u00e1\u010da\u0165 \u0161kodliv\u00e9 bakt\u00e9rie,<\/p><\/li><li data-start=\"4688\" data-end=\"4716\"><p data-start=\"4690\" data-end=\"4716\">posil\u0148ova\u0165 \u010drevn\u00fa bari\u00e9ru,<\/p><\/li><li data-start=\"4717\" data-end=\"4746\"><p data-start=\"4719\" data-end=\"4746\">podporova\u0165 imunitn\u00fd syst\u00e9m,<\/p><\/li><li data-start=\"4747\" data-end=\"4788\"><p data-start=\"4749\" data-end=\"4788\">zlep\u0161ova\u0165 tr\u00e1venie a zmier\u0148ova\u0165 boles\u0165.<\/p><\/li><\/ul><p data-start=\"4790\" data-end=\"4946\">Obnova a <strong>udr\u017eiavanie zdravej \u010drevnej mikrobioty<\/strong> je preto jedn\u00fdm z najd\u00f4le\u017eitej\u0161\u00edch krokov, ktor\u00e9 m\u00f4\u017ee pacient s Crohnovou chorobou urobi\u0165 <strong>pre svoje zdravie<\/strong>.<\/p>\t\t\t\t\t\t\t\t<\/div>\n\t\t\t\t<\/div>\n\t\t\t\t\t<\/div>\n\t\t\t\t<\/div>\n\t\t<div class=\"elementor-element elementor-element-b082e5b obcs none e-flex e-con-boxed e-con e-parent\" data-id=\"b082e5b\" data-element_type=\"container\">\n\t\t\t\t\t<div class=\"e-con-inner\">\n\t\t<div class=\"elementor-element elementor-element-9713ae5 e-con-full obcs none e-flex e-con e-child\" data-id=\"9713ae5\" data-element_type=\"container\">\n\t\t\t\t<div class=\"elementor-element elementor-element-ef2ade7 elementor-widget elementor-widget-heading\" data-id=\"ef2ade7\" data-element_type=\"widget\" data-widget_type=\"heading.default\">\n\t\t\t\t<div class=\"elementor-widget-container\">\n\t\t\t\t\t<h2 class=\"elementor-heading-title elementor-size-default\">Zhrnutie<\/h2>\t\t\t\t<\/div>\n\t\t\t\t<\/div>\n\t\t\t\t<div class=\"elementor-element elementor-element-8005601 elementor-icon-list--layout-traditional elementor-list-item-link-full_width elementor-widget elementor-widget-icon-list\" data-id=\"8005601\" data-element_type=\"widget\" data-widget_type=\"icon-list.default\">\n\t\t\t\t<div class=\"elementor-widget-container\">\n\t\t\t\t\t\t\t<ul class=\"elementor-icon-list-items\">\n\t\t\t\t\t\t\t<li class=\"elementor-icon-list-item\">\n\t\t\t\t\t\t\t\t\t\t\t<span class=\"elementor-icon-list-icon\">\n\t\t\t\t\t\t\t<i aria-hidden=\"true\" class=\"fas fa-check\"><\/i>\t\t\t\t\t\t<\/span>\n\t\t\t\t\t\t\t\t\t\t<span class=\"elementor-icon-list-text\">\u010co je Crohnova choroba?<\/span>\n\t\t\t\t\t\t\t\t\t<\/li>\n\t\t\t\t\t\t<\/ul>\n\t\t\t\t\t\t<\/div>\n\t\t\t\t<\/div>\n\t\t\t\t<div class=\"elementor-element elementor-element-68b9f69 elementor-widget elementor-widget-text-editor\" data-id=\"68b9f69\" data-element_type=\"widget\" data-widget_type=\"text-editor.default\">\n\t\t\t\t<div class=\"elementor-widget-container\">\n\t\t\t\t\t\t\t\t\t<p data-start=\"194\" data-end=\"478\">Crohnova choroba (morbus Crohn) je chronick\u00e9 z\u00e1palov\u00e9 ochorenie tr\u00e1viaceho traktu patriace medzi IBD ochorenia. Z\u00e1pal m\u00f4\u017ee postihn\u00fa\u0165 ktor\u00fako\u013evek \u010das\u0165 \u010dreva \u2013 naj\u010dastej\u0161ie koniec tenk\u00e9ho a za\u010diatok hrub\u00e9ho \u010dreva. Ochorenie prebieha vo vln\u00e1ch \u2013 striedaj\u00fa sa obdobia pokoja a vzplanutia.<\/p>\t\t\t\t\t\t\t\t<\/div>\n\t\t\t\t<\/div>\n\t\t\t\t<div class=\"elementor-element elementor-element-cb43d0c elementor-icon-list--layout-traditional elementor-list-item-link-full_width elementor-widget elementor-widget-icon-list\" data-id=\"cb43d0c\" data-element_type=\"widget\" data-widget_type=\"icon-list.default\">\n\t\t\t\t<div class=\"elementor-widget-container\">\n\t\t\t\t\t\t\t<ul class=\"elementor-icon-list-items\">\n\t\t\t\t\t\t\t<li class=\"elementor-icon-list-item\">\n\t\t\t\t\t\t\t\t\t\t\t<span class=\"elementor-icon-list-icon\">\n\t\t\t\t\t\t\t<i aria-hidden=\"true\" class=\"fas fa-check\"><\/i>\t\t\t\t\t\t<\/span>\n\t\t\t\t\t\t\t\t\t\t<span class=\"elementor-icon-list-text\">Ako sa prejavuje Crohnova choroba?<\/span>\n\t\t\t\t\t\t\t\t\t<\/li>\n\t\t\t\t\t\t<\/ul>\n\t\t\t\t\t\t<\/div>\n\t\t\t\t<\/div>\n\t\t\t\t<div class=\"elementor-element elementor-element-7dce6ab elementor-widget elementor-widget-text-editor\" data-id=\"7dce6ab\" data-element_type=\"widget\" data-widget_type=\"text-editor.default\">\n\t\t\t\t<div class=\"elementor-widget-container\">\n\t\t\t\t\t\t\t\t\t<p data-start=\"524\" data-end=\"724\">Ochorenie sa prejavuje najm\u00e4 tr\u00e1viacimi \u0165a\u017ekos\u0165ami, ktor\u00e9 sa postupne zhor\u0161uj\u00fa. Typick\u00e9 s\u00fa bolesti brucha, hna\u010dky, \u00fanava a chudnutie. Pr\u00edznaky sa m\u00f4\u017eu l\u00ed\u0161i\u0165 pod\u013ea toho, ktor\u00e1 \u010das\u0165 \u010dreva je postihnut\u00e1.<\/p>\t\t\t\t\t\t\t\t<\/div>\n\t\t\t\t<\/div>\n\t\t\t\t<div class=\"elementor-element elementor-element-4755d4a elementor-icon-list--layout-traditional elementor-list-item-link-full_width elementor-widget elementor-widget-icon-list\" data-id=\"4755d4a\" data-element_type=\"widget\" data-widget_type=\"icon-list.default\">\n\t\t\t\t<div class=\"elementor-widget-container\">\n\t\t\t\t\t\t\t<ul class=\"elementor-icon-list-items\">\n\t\t\t\t\t\t\t<li class=\"elementor-icon-list-item\">\n\t\t\t\t\t\t\t\t\t\t\t<span class=\"elementor-icon-list-icon\">\n\t\t\t\t\t\t\t<i aria-hidden=\"true\" class=\"fas fa-check\"><\/i>\t\t\t\t\t\t<\/span>\n\t\t\t\t\t\t\t\t\t\t<span class=\"elementor-icon-list-text\">Crohnova choroba \u2013 pr\u00edznaky<\/span>\n\t\t\t\t\t\t\t\t\t<\/li>\n\t\t\t\t\t\t<\/ul>\n\t\t\t\t\t\t<\/div>\n\t\t\t\t<\/div>\n\t\t\t\t<div class=\"elementor-element elementor-element-d6a5960 elementor-widget elementor-widget-text-editor\" data-id=\"d6a5960\" data-element_type=\"widget\" data-widget_type=\"text-editor.default\">\n\t\t\t\t<div class=\"elementor-widget-container\">\n\t\t\t\t\t\t\t\t\t<p data-start=\"763\" data-end=\"1066\">Medzi naj\u010dastej\u0161ie pr\u00edznaky patr\u00ed chronick\u00e1 hna\u010dka, k\u0155\u010de v bruchu, nechutenstvo, \u00fabytok hmotnosti a nedostatok \u017eiv\u00edn (hlavne \u017eeleza a vitam\u00ednu B12). Objavi\u0165 sa m\u00f4\u017eu aj hor\u00fa\u010dky, \u00fanava, bolesti k\u013abov, ko\u017en\u00e9 probl\u00e9my \u010di z\u00e1paly o\u010d\u00ed. Z\u00e1pal zasahuje hlb\u0161ie vrstvy \u010drevnej steny, \u010do m\u00f4\u017ee vies\u0165 ku komplik\u00e1ci\u00e1m.<\/p>\t\t\t\t\t\t\t\t<\/div>\n\t\t\t\t<\/div>\n\t\t\t\t<div class=\"elementor-element elementor-element-8261181 elementor-icon-list--layout-traditional elementor-list-item-link-full_width elementor-widget elementor-widget-icon-list\" data-id=\"8261181\" data-element_type=\"widget\" data-widget_type=\"icon-list.default\">\n\t\t\t\t<div class=\"elementor-widget-container\">\n\t\t\t\t\t\t\t<ul class=\"elementor-icon-list-items\">\n\t\t\t\t\t\t\t<li class=\"elementor-icon-list-item\">\n\t\t\t\t\t\t\t\t\t\t\t<span class=\"elementor-icon-list-icon\">\n\t\t\t\t\t\t\t<i aria-hidden=\"true\" class=\"fas fa-check\"><\/i>\t\t\t\t\t\t<\/span>\n\t\t\t\t\t\t\t\t\t\t<span class=\"elementor-icon-list-text\">Crohnova choroba \u2013 test<\/span>\n\t\t\t\t\t\t\t\t\t<\/li>\n\t\t\t\t\t\t<\/ul>\n\t\t\t\t\t\t<\/div>\n\t\t\t\t<\/div>\n\t\t\t\t<div class=\"elementor-element elementor-element-2e0048e elementor-widget elementor-widget-text-editor\" data-id=\"2e0048e\" data-element_type=\"widget\" data-widget_type=\"text-editor.default\">\n\t\t\t\t<div class=\"elementor-widget-container\">\n\t\t\t\t\t\t\t\t\t<p data-start=\"1101\" data-end=\"1316\">Na Crohnovu chorobu neexistuje jeden jedin\u00fd test. Lek\u00e1ri vyu\u017e\u00edvaj\u00fa kombin\u00e1ciu krvn\u00fdch testov, vy\u0161etrenia stolice, kolonoskopie a zobrazovac\u00edch vy\u0161etren\u00ed (CT, MR). D\u00f4le\u017eit\u00e9 je aj histologick\u00e9 vy\u0161etrenie vzorky \u010dreva.<\/p>\t\t\t\t\t\t\t\t<\/div>\n\t\t\t\t<\/div>\n\t\t\t\t<div class=\"elementor-element elementor-element-014c7a9 elementor-icon-list--layout-traditional elementor-list-item-link-full_width elementor-widget elementor-widget-icon-list\" data-id=\"014c7a9\" data-element_type=\"widget\" data-widget_type=\"icon-list.default\">\n\t\t\t\t<div class=\"elementor-widget-container\">\n\t\t\t\t\t\t\t<ul class=\"elementor-icon-list-items\">\n\t\t\t\t\t\t\t<li class=\"elementor-icon-list-item\">\n\t\t\t\t\t\t\t\t\t\t\t<span class=\"elementor-icon-list-icon\">\n\t\t\t\t\t\t\t<i aria-hidden=\"true\" class=\"fas fa-check\"><\/i>\t\t\t\t\t\t<\/span>\n\t\t\t\t\t\t\t\t\t\t<span class=\"elementor-icon-list-text\">Crohnova choroba \u2013 diagnostika<\/span>\n\t\t\t\t\t\t\t\t\t<\/li>\n\t\t\t\t\t\t<\/ul>\n\t\t\t\t\t\t<\/div>\n\t\t\t\t<\/div>\n\t\t\t\t<div class=\"elementor-element elementor-element-da3a55e elementor-widget elementor-widget-text-editor\" data-id=\"da3a55e\" data-element_type=\"widget\" data-widget_type=\"text-editor.default\">\n\t\t\t\t<div class=\"elementor-widget-container\">\n\t\t\t\t\t\t\t\t\t<p data-start=\"1358\" data-end=\"1567\">Diagnostika je komplexn\u00e1 a vy\u017eaduje odborn\u00e9 gastroenterologick\u00e9 vy\u0161etrenie. K\u013e\u00fa\u010dov\u00e1 je kolonoskopia s odberom vzoriek, ktor\u00e1 odhal\u00ed rozsah a h\u013abku z\u00e1palu. V\u010dasn\u00e1 diagnostika v\u00fdrazne zni\u017euje riziko komplik\u00e1ci\u00ed.<\/p>\t\t\t\t\t\t\t\t<\/div>\n\t\t\t\t<\/div>\n\t\t\t\t<div class=\"elementor-element elementor-element-3a1fe29 elementor-icon-list--layout-traditional elementor-list-item-link-full_width elementor-widget elementor-widget-icon-list\" data-id=\"3a1fe29\" data-element_type=\"widget\" data-widget_type=\"icon-list.default\">\n\t\t\t\t<div class=\"elementor-widget-container\">\n\t\t\t\t\t\t\t<ul class=\"elementor-icon-list-items\">\n\t\t\t\t\t\t\t<li class=\"elementor-icon-list-item\">\n\t\t\t\t\t\t\t\t\t\t\t<span class=\"elementor-icon-list-icon\">\n\t\t\t\t\t\t\t<i aria-hidden=\"true\" class=\"fas fa-check\"><\/i>\t\t\t\t\t\t<\/span>\n\t\t\t\t\t\t\t\t\t\t<span class=\"elementor-icon-list-text\">Je Crohnova choroba smrte\u013en\u00e1?<\/span>\n\t\t\t\t\t\t\t\t\t<\/li>\n\t\t\t\t\t\t<\/ul>\n\t\t\t\t\t\t<\/div>\n\t\t\t\t<\/div>\n\t\t\t\t<div class=\"elementor-element elementor-element-1363b91 elementor-widget elementor-widget-text-editor\" data-id=\"1363b91\" data-element_type=\"widget\" data-widget_type=\"text-editor.default\">\n\t\t\t\t<div class=\"elementor-widget-container\">\n\t\t\t\t\t\t\t\t\t<p data-start=\"1608\" data-end=\"1846\">Crohnova choroba sama o sebe nie je priamo smrte\u013en\u00e1. Nelie\u010den\u00e1 alebo zanedban\u00e1 v\u0161ak m\u00f4\u017ee vies\u0165 k v\u00e1\u017enym komplik\u00e1ci\u00e1m, ktor\u00e9 m\u00f4\u017eu ohrozi\u0165 \u017eivot. Pri spr\u00e1vnej lie\u010dbe a starostlivosti o \u010drevn\u00fa mikrobiotu m\u00f4\u017eu pacienti \u017ei\u0165 plnohodnotn\u00fd \u017eivot.<\/p>\t\t\t\t\t\t\t\t<\/div>\n\t\t\t\t<\/div>\n\t\t\t\t<div class=\"elementor-element elementor-element-6eb93f0 elementor-icon-list--layout-traditional elementor-list-item-link-full_width elementor-widget elementor-widget-icon-list\" data-id=\"6eb93f0\" data-element_type=\"widget\" data-widget_type=\"icon-list.default\">\n\t\t\t\t<div class=\"elementor-widget-container\">\n\t\t\t\t\t\t\t<ul class=\"elementor-icon-list-items\">\n\t\t\t\t\t\t\t<li class=\"elementor-icon-list-item\">\n\t\t\t\t\t\t\t\t\t\t\t<span class=\"elementor-icon-list-icon\">\n\t\t\t\t\t\t\t<i aria-hidden=\"true\" class=\"fas fa-check\"><\/i>\t\t\t\t\t\t<\/span>\n\t\t\t\t\t\t\t\t\t\t<span class=\"elementor-icon-list-text\">Crohnova choroba \u2013 strava<\/span>\n\t\t\t\t\t\t\t\t\t<\/li>\n\t\t\t\t\t\t<\/ul>\n\t\t\t\t\t\t<\/div>\n\t\t\t\t<\/div>\n\t\t\t\t<div class=\"elementor-element elementor-element-78eefce elementor-widget elementor-widget-text-editor\" data-id=\"78eefce\" data-element_type=\"widget\" data-widget_type=\"text-editor.default\">\n\t\t\t\t<div class=\"elementor-widget-container\">\n\t\t\t\t\t\t\t\t\t<p data-start=\"1883\" data-end=\"2152\">Strava zohr\u00e1va ve\u013emi d\u00f4le\u017eit\u00fa \u00falohu pri zvl\u00e1dan\u00ed ochorenia. V obdob\u00ed pokoja je vhodn\u00e1 protiz\u00e1palov\u00e1 strava bohat\u00e1 na vl\u00e1kninu, zeleninu a podporu \u010drevnej mikrobioty probiotikami. Po\u010das vzplanutia je potrebn\u00e9 \u010drevo \u0161etri\u0165 a vyh\u00fdba\u0165 sa dr\u00e1\u017ediv\u00fdm a nad\u00favaj\u00facim potravin\u00e1m.<\/p>\t\t\t\t\t\t\t\t<\/div>\n\t\t\t\t<\/div>\n\t\t\t\t<div class=\"elementor-element elementor-element-2d9686d elementor-icon-list--layout-traditional elementor-list-item-link-full_width elementor-widget elementor-widget-icon-list\" data-id=\"2d9686d\" data-element_type=\"widget\" data-widget_type=\"icon-list.default\">\n\t\t\t\t<div class=\"elementor-widget-container\">\n\t\t\t\t\t\t\t<ul class=\"elementor-icon-list-items\">\n\t\t\t\t\t\t\t<li class=\"elementor-icon-list-item\">\n\t\t\t\t\t\t\t\t\t\t\t<span class=\"elementor-icon-list-icon\">\n\t\t\t\t\t\t\t<i aria-hidden=\"true\" class=\"fas fa-check\"><\/i>\t\t\t\t\t\t<\/span>\n\t\t\t\t\t\t\t\t\t\t<span class=\"elementor-icon-list-text\">Crohnova choroba \u2013 jed\u00e1lni\u010dek<\/span>\n\t\t\t\t\t\t\t\t\t<\/li>\n\t\t\t\t\t\t<\/ul>\n\t\t\t\t\t\t<\/div>\n\t\t\t\t<\/div>\n\t\t\t\t<div class=\"elementor-element elementor-element-3ae6853 elementor-widget elementor-widget-text-editor\" data-id=\"3ae6853\" data-element_type=\"widget\" data-widget_type=\"text-editor.default\">\n\t\t\t\t<div class=\"elementor-widget-container\">\n\t\t\t\t\t\t\t\t\t<div class=\"flex flex-col text-sm\"><article class=\"text-token-text-primary w-full focus:outline-none [--shadow-height:45px] has-data-writing-block:pointer-events-none has-data-writing-block:-mt-(--shadow-height) has-data-writing-block:pt-(--shadow-height) [&amp;:has([data-writing-block])&gt;*]:pointer-events-auto scroll-mt-[calc(var(--header-height)+min(200px,max(70px,20svh)))]\" dir=\"auto\" data-turn-id=\"f2e0d3e3-d470-4234-80f2-8160ef93232d\" data-testid=\"conversation-turn-4\" data-scroll-anchor=\"true\" data-turn=\"assistant\"><div class=\"text-base my-auto mx-auto pb-10 [--thread-content-margin:--spacing(4)] @w-sm\/main:[--thread-content-margin:--spacing(6)] @w-lg\/main:[--thread-content-margin:--spacing(16)] px-(--thread-content-margin)\"><div class=\"[--thread-content-max-width:40rem] @w-lg\/main:[--thread-content-max-width:48rem] mx-auto max-w-(--thread-content-max-width) flex-1 group\/turn-messages focus-visible:outline-hidden relative flex w-full min-w-0 flex-col agent-turn\"><div class=\"flex max-w-full flex-col grow\"><div class=\"min-h-8 text-message relative flex w-full flex-col items-end gap-2 text-start break-words whitespace-normal [.text-message+&amp;]:mt-1\" dir=\"auto\" data-message-author-role=\"assistant\" data-message-id=\"0d42a884-af31-4e76-8770-b2e8bdbce9d8\" data-message-model-slug=\"gpt-5-2\"><div class=\"flex w-full flex-col gap-1 empty:hidden first:pt-[1px]\"><div class=\"markdown prose dark:prose-invert w-full wrap-break-word light markdown-new-styling\"><p data-start=\"2193\" data-end=\"2478\" data-is-last-node=\"\" data-is-only-node=\"\">Jed\u00e1lni\u010dek by mal by\u0165 individu\u00e1lne prisp\u00f4soben\u00fd pod\u013ea f\u00e1zy ochorenia. V remisii je vhodn\u00e9 zaradi\u0165 \u013eahko str\u00e1vite\u013en\u00fa vl\u00e1kninu, fermentovan\u00e9 potraviny a kvalitn\u00e9 probiotik\u00e1 na podporu \u010drevnej mikrobioty. V ak\u00fatnej f\u00e1ze sa odpor\u00fa\u010da jednoduch\u00e1, \u0161etriaca strava s dostatkom tekut\u00edn a \u017eiv\u00edn.<\/p><\/div><\/div><\/div><\/div><\/div><\/div><\/article><\/div>\t\t\t\t\t\t\t\t<\/div>\n\t\t\t\t<\/div>\n\t\t\t\t<\/div>\n\t\t\t\t\t<\/div>\n\t\t\t\t<\/div>\n\t\t\t\t<\/div>\n\t\t","protected":false},"excerpt":{"rendered":"<p>Dlhodob\u00e1 hna\u010dka, k\u0155\u010de v bruchu, nevo\u013enos\u0165, nechutenstvo, chudnutie a nedostatok \u017eiv\u00edn. Ak s\u00fa v\u00e1m tieto \u0165a\u017ekosti povedom\u00e9, mo\u017eno ste sa u\u017e stretli s diagn\u00f3zou Crohnova choroba.<\/p>\n<p>Crohnova choroba patr\u00ed medzi chronick\u00e9 z\u00e1palov\u00e9 ochorenia \u010driev (IBD). Z\u00e1pal m\u00f4\u017ee zasiahnu\u0165 ktor\u00fako\u013evek \u010das\u0165 tr\u00e1viaceho traktu \u2013 od \u00fast a\u017e po kone\u010dn\u00edk. Naj\u010dastej\u0161ie v\u0161ak postihuje koniec tenk\u00e9ho \u010dreva (ileum) a za\u010diatok hrub\u00e9ho \u010dreva (colon). Ochorenie prebieha vo vln\u00e1ch \u2013 striedaj\u00fa sa obdobia pokoja (remisie) a vzplanutia (relapsy).<\/p>\n<p>Dobrou spr\u00e1vou je, \u017ee hoci Crohnovu chorobu dnes nevieme \u00faplne vylie\u010di\u0165, vieme ju ve\u013emi \u00fa\u010dinne lie\u010di\u0165 a zmierni\u0165 jej priebeh tak, aby \u010dlovek mohol \u017ei\u0165 plnohodnotn\u00fd \u017eivot.<\/p>\n","protected":false},"author":17,"featured_media":8134,"comment_status":"closed","ping_status":"closed","sticky":false,"template":"","format":"standard","meta":{"_acf_changed":false,"inline_featured_image":false,"footnotes":""},"categories":[85],"tags":[],"class_list":["post-21480","post","type-post","status-publish","format-standard","has-post-thumbnail","hentry","category-novinky-vo-vyskume"],"acf":[],"rank_math":{"og:title":"Crohnova choroba - pr\u00edznaky, diagnostika a lie\u010dba","og:desc":"Crohnova choroba (kronova choroba) sa ned\u00e1 vylie\u010di\u0165, ale d\u00e1 sa \u00faspe\u0161ne lie\u010di\u0165. Ak\u00e9 s\u00fa pr\u00edznaky chronovej choroby, diagnostika a ak\u00e1 je lie\u010dba?","og:url":"https:\/\/www.omni-biotic.com\/sk-sk\/blog\/crohnova-choroba\/","og:locale":"sk_SK","og:image":"https:\/\/www.omni-biotic.com\/sk-sk\/wp-content\/uploads\/sites\/9\/2022\/08\/morbuscrohn.jpg","og:image:width":"1000","og:image:height":"1000"},"additional_data":{"thumbnail":"https:\/\/www.omni-biotic.com\/sk-sk\/wp-content\/uploads\/sites\/9\/2022\/08\/morbuscrohn.jpg"},"blog_info":{"country":"sk-sk"},"_links":{"self":[{"href":"https:\/\/www.omni-biotic.com\/sk-sk\/wp-json\/wp\/v2\/posts\/21480","targetHints":{"allow":["GET"]}}],"collection":[{"href":"https:\/\/www.omni-biotic.com\/sk-sk\/wp-json\/wp\/v2\/posts"}],"about":[{"href":"https:\/\/www.omni-biotic.com\/sk-sk\/wp-json\/wp\/v2\/types\/post"}],"author":[{"embeddable":true,"href":"https:\/\/www.omni-biotic.com\/sk-sk\/wp-json\/wp\/v2\/users\/17"}],"replies":[{"embeddable":true,"href":"https:\/\/www.omni-biotic.com\/sk-sk\/wp-json\/wp\/v2\/comments?post=21480"}],"version-history":[{"count":7,"href":"https:\/\/www.omni-biotic.com\/sk-sk\/wp-json\/wp\/v2\/posts\/21480\/revisions"}],"predecessor-version":[{"id":28762,"href":"https:\/\/www.omni-biotic.com\/sk-sk\/wp-json\/wp\/v2\/posts\/21480\/revisions\/28762"}],"wp:featuredmedia":[{"embeddable":true,"href":"https:\/\/www.omni-biotic.com\/sk-sk\/wp-json\/wp\/v2\/media\/8134"}],"wp:attachment":[{"href":"https:\/\/www.omni-biotic.com\/sk-sk\/wp-json\/wp\/v2\/media?parent=21480"}],"wp:term":[{"taxonomy":"category","embeddable":true,"href":"https:\/\/www.omni-biotic.com\/sk-sk\/wp-json\/wp\/v2\/categories?post=21480"},{"taxonomy":"post_tag","embeddable":true,"href":"https:\/\/www.omni-biotic.com\/sk-sk\/wp-json\/wp\/v2\/tags?post=21480"}],"curies":[{"name":"wp","href":"https:\/\/api.w.org\/{rel}","templated":true}]}}