{"id":22215,"date":"2024-02-06T11:22:43Z","date_gmt":"2024-02-06T10:22:43Z","guid":{"rendered":"https:\/\/www.omni-biotic.com\/sk-sk\/?p=22215"},"modified":"2024-02-06T11:22:54Z","modified_gmt":"2024-02-06T10:22:54Z","slug":"papaja-prirodna-podpora-pre-zaludok-a-creva","status":"publish","type":"post","link":"https:\/\/www.omni-biotic.com\/sk-sk\/blog\/papaja-prirodna-podpora-pre-zaludok-a-creva\/","title":{"rendered":"Pap\u00e1ja: Pr\u00edrodn\u00e1 podpora pre \u017eal\u00fadok a \u010drev\u00e1"},"content":{"rendered":"\t\t<div data-elementor-type=\"wp-post\" data-elementor-id=\"22215\" class=\"elementor elementor-22215\" data-elementor-post-type=\"post\">\n\t\t\t\t<div class=\"elementor-element elementor-element-f7c25ae obcs none e-flex e-con-boxed e-con e-parent\" data-id=\"f7c25ae\" data-element_type=\"container\">\n\t\t\t\t\t<div class=\"e-con-inner\">\n\t\t\t\t<div class=\"elementor-element elementor-element-14c2d07 elementor-widget elementor-widget-image\" data-id=\"14c2d07\" data-element_type=\"widget\" data-widget_type=\"image.default\">\n\t\t\t\t<div class=\"elementor-widget-container\">\n\t\t\t\t\t\t\t\t\t\t\t\t\t\t\t<img fetchpriority=\"high\" decoding=\"async\" width=\"700\" height=\"500\" src=\"https:\/\/www.omni-biotic.com\/sk-sk\/wp-content\/uploads\/sites\/9\/2024\/02\/papaja-pestovanie.jpg\" class=\"attachment-large size-large wp-image-22224\" alt=\"\" srcset=\"https:\/\/www.omni-biotic.com\/sk-sk\/wp-content\/uploads\/sites\/9\/2024\/02\/papaja-pestovanie.jpg 700w, https:\/\/www.omni-biotic.com\/sk-sk\/wp-content\/uploads\/sites\/9\/2024\/02\/papaja-pestovanie-300x214.jpg 300w\" sizes=\"(max-width: 700px) 100vw, 700px\" title=\"\">\t\t\t\t\t\t\t\t\t\t\t\t\t\t\t<\/div>\n\t\t\t\t<\/div>\n\t\t\t\t<div class=\"elementor-element elementor-element-9d6a90f elementor-widget elementor-widget-text-editor\" data-id=\"9d6a90f\" data-element_type=\"widget\" data-widget_type=\"text-editor.default\">\n\t\t\t\t<div class=\"elementor-widget-container\">\n\t\t\t\t\t\t\t\t\t<p><strong>Tr\u00e1viace probl\u00e9my<\/strong> sa pova\u017euj\u00fa za tabu, a preto o nich nehovor\u00ed ka\u017ed\u00fd &#8211; ale pod\u013ea reprezentat\u00edvneho prieskumu in\u0161tit\u00fatu IMAS viac ako <strong>50 %<\/strong> rak\u00faskej <strong>popul\u00e1cie<\/strong> <strong>ob\u010das<\/strong> alebo dokonca <strong>pravidelne<\/strong> tr\u00e1pi <a href=\"https:\/\/www.omni-biotic.com\/sk-sk\/crevne-problemy\/zapcha\/\"><strong><span style=\"color: #b5085a\">z\u00e1pcha<\/span><\/strong><\/a>, <strong>p\u00e1lenie z\u00e1hy<\/strong> a <a href=\"https:\/\/www.omni-biotic.com\/sk-sk\/submenus\/crevne-problemy\/\"><strong><span style=\"color: #b5085a\">\u010drevn\u00e9 probl\u00e9my<\/span><\/strong><\/a>. Hoci <strong>lieky<\/strong> m\u00f4\u017eu prinies\u0165 r\u00fdchlu \u00fa\u013eavu,<strong> ved\u013eaj\u0161ie \u00fa\u010dinky<\/strong> \u00fa\u010dinn\u00fdch l\u00e1tok \u010dasto op\u00e4\u0165 <strong>ovplyv\u0148uj\u00fa tr\u00e1viaci trakt<\/strong> a probl\u00e9m sa <strong>neodstr\u00e1ni<\/strong>, ale len <strong>oddiali<\/strong>. Jeden zo sp\u00f4sobov, ako \u0161etrne a trvalo dosta\u0165 tr\u00e1venie op\u00e4\u0165 pod kontrolu bez <strong>ne\u017eiaducich \u00fa\u010dinkov<\/strong>, pon\u00faka pr\u00edroda s <strong>pap\u00e1jou<\/strong>, &#8222;ovoc\u00edm stromu zdravia&#8220;.<\/p>\t\t\t\t\t\t\t\t<\/div>\n\t\t\t\t<\/div>\n\t\t\t\t<div class=\"elementor-element elementor-element-be03aa6 elementor-widget elementor-widget-heading\" data-id=\"be03aa6\" data-element_type=\"widget\" data-widget_type=\"heading.default\">\n\t\t\t\t<div class=\"elementor-widget-container\">\n\t\t\t\t\t<h2 class=\"elementor-heading-title elementor-size-default\">Sila ovocia pap\u00e1ja proti tr\u00e1viacim probl\u00e9mom<\/h2>\t\t\t\t<\/div>\n\t\t\t\t<\/div>\n\t\t\t\t<div class=\"elementor-element elementor-element-ec5a599 elementor-widget elementor-widget-text-editor\" data-id=\"ec5a599\" data-element_type=\"widget\" data-widget_type=\"text-editor.default\">\n\t\t\t\t<div class=\"elementor-widget-container\">\n\t\t\t\t\t\t\t\t\t<p>&#8222;Znie to zvl\u00e1\u0161tne, ale n\u00e1\u0161 organizmus je <strong>lep\u0161ie prisp\u00f4soben\u00fd tropick\u00e9mu ovociu<\/strong> ako miestnemu,&#8220; vysvet\u013euje Franz Brenner, zakladate\u013e a konate\u013e spolo\u010dnosti <a href=\"https:\/\/shop.omni-biotic.com\/collections\/caricol\"><span style=\"color: #b5085a\"><strong>Caricol<\/strong> <strong>&#8211; Digestive &amp; Immune Health GmbH<\/strong><\/span><\/a>. &#8222;Prv\u00ed \u013eudia \u017eili vo v\u00fdchodnej a ju\u017enej Afrike a konzumovali toto <strong>&#8222;exotick\u00e9&#8220; ovocie<\/strong>. A\u017e pribli\u017ene pred 30 000 a\u017e 60 000 rokmi sa za\u010dali s\u0165ahova\u0165 do in\u00fdch \u010dast\u00ed sveta. Prirodzene rast\u00face<strong> exotick\u00e9 ovocie<\/strong> <strong>pap\u00e1ja<\/strong> m\u00e1 tie\u017e zv\u00fd\u0161en\u00fd podiel cenn\u00fdch zlo\u017eiek, ktor\u00e9 sa v \u0148om m\u00f4\u017eu vyvin\u00fa\u0165 v\u010faka mnoh\u00fdm hodin\u00e1m<strong> slne\u010dn\u00e9ho svitu<\/strong>.<\/p>\t\t\t\t\t\t\t\t<\/div>\n\t\t\t\t<\/div>\n\t\t\t\t<div class=\"elementor-element elementor-element-25fb34e elementor-widget elementor-widget-infobox\" data-id=\"25fb34e\" data-element_type=\"widget\" data-widget_type=\"infobox.default\">\n\t\t\t\t<div class=\"elementor-widget-container\">\n\t\t\t\t\t\n<div class=\"li-widgets--infobox yellow highlights-always-magenta\">\n\n    <div class=\"li-widgets--infobox__icon\">\n        <i aria-hidden=\"true\" class=\"fas fa-quote-right\"><\/i>    <\/div>\n    <div class=\"li-widgets--infobox__text\">\n        N\u00e1\u0161 organizmus je lep\u0161ie prisp\u00f4soben\u00fd tropick\u00e9mu ovociu ako miestnemu ovociu    <\/div>\n    <div class=\"li-widgets--infobox__text-body\">\n            <\/div>\n\n    \n<\/div>\n\t\t\t\t<\/div>\n\t\t\t\t<\/div>\n\t\t\t\t<div class=\"elementor-element elementor-element-07a2199 elementor-widget elementor-widget-text-editor\" data-id=\"07a2199\" data-element_type=\"widget\" data-widget_type=\"text-editor.default\">\n\t\t\t\t<div class=\"elementor-widget-container\">\n\t\t\t\t\t\t\t\t\t<p>&#8222;Braz\u00edlski Indi\u00e1ni <strong>pap\u00e1ju<\/strong> pr\u00e1vom naz\u00fdvali <strong>&#8222;Fruta de Bomba&#8220;<\/strong>, preto\u017ee je ve\u013emi <strong>bohat\u00e1 na vitam\u00edny<\/strong>, <strong>miner\u00e1ly<\/strong> a<strong> stopov\u00e9 prvky<\/strong>,&#8220; vysvet\u013euje Brenner. Pre z\u00e1padn\u00fa civiliz\u00e1ciu, ktor\u00fa tr\u00e1pia <strong>tr\u00e1viace probl\u00e9my<\/strong>, maj\u00fa ve\u013ek\u00fd v\u00fdznam aj cenn\u00e9 enz\u00fdmy v <strong>pap\u00e1ji<\/strong>: <strong>papa\u00edn<\/strong>, \u0161peci\u00e1lny <strong>enz\u00fdm<\/strong> <strong>\u0161tiepiaci<\/strong> <strong>bielkoviny<\/strong>, sa v plode pap\u00e1je nach\u00e1dza vo <strong>vysokej koncentr\u00e1cii<\/strong>. <strong>Pap\u00e1ja<\/strong> sa bez neho nezaob\u00edde pri svojej prirodzenej obrane proti \u0161kodcom a \u013eudsk\u00fd <strong>organizmus vyu\u017e\u00edva vlastnosti papa\u00ednu<\/strong> aj pri tr\u00e1ven\u00ed: \u00da\u010dinok <strong>papa\u00ednu<\/strong> toti\u017e zodpoved\u00e1 \u00fa\u010dinku peps\u00ednu, d\u00f4le\u017eit\u00e9ho<strong> tr\u00e1viaceho enz\u00fdmu v \u017eal\u00fadku<\/strong>. Pou\u017eitie pr\u00edrodn\u00e9ho enz\u00fdmu papa\u00ednu sa osved\u010dilo najm\u00e4 pri \u0165a\u017ekostiach sp\u00f4soben\u00fdch zn\u00ed\u017een\u00fdm tr\u00e1ven\u00edm bielkov\u00edn, preto\u017ee <strong>rozp\u00fa\u0161\u0165a zvy\u0161ky bielkov\u00edn z \u010dreva<\/strong>, ktor\u00e9 s\u00fa sp\u00f4soben\u00e9 nadbytkom \u017eivo\u010d\u00ed\u0161nych bielkov\u00edn a <strong>upch\u00e1vaj\u00fa \u010drevn\u00e9 klky<\/strong>. <strong>Pap\u00e1ja<\/strong> m\u00e1 tie\u017e <strong>alkalizuj\u00faci \u00fa\u010dinok na \u017eal\u00fadok<\/strong> &#8211; o tom nesk\u00f4r.<\/p>\t\t\t\t\t\t\t\t<\/div>\n\t\t\t\t<\/div>\n\t\t\t\t<div class=\"elementor-element elementor-element-4c8116d elementor-widget elementor-widget-heading\" data-id=\"4c8116d\" data-element_type=\"widget\" data-widget_type=\"heading.default\">\n\t\t\t\t<div class=\"elementor-widget-container\">\n\t\t\t\t\t<h2 class=\"elementor-heading-title elementor-size-default\">Pestovanie pap\u00e1je: Dobr\u00fd pocit pri pestovan\u00ed<\/h2>\t\t\t\t<\/div>\n\t\t\t\t<\/div>\n\t\t\t\t<div class=\"elementor-element elementor-element-7cbe826 elementor-widget elementor-widget-image\" data-id=\"7cbe826\" data-element_type=\"widget\" data-widget_type=\"image.default\">\n\t\t\t\t<div class=\"elementor-widget-container\">\n\t\t\t\t\t\t\t\t\t\t\t\t\t\t\t<img decoding=\"async\" width=\"700\" height=\"500\" src=\"https:\/\/www.omni-biotic.com\/sk-sk\/wp-content\/uploads\/sites\/9\/2024\/02\/papaja-pestovanie-strom.jpg\" class=\"attachment-large size-large wp-image-22235\" alt=\"\" srcset=\"https:\/\/www.omni-biotic.com\/sk-sk\/wp-content\/uploads\/sites\/9\/2024\/02\/papaja-pestovanie-strom.jpg 700w, https:\/\/www.omni-biotic.com\/sk-sk\/wp-content\/uploads\/sites\/9\/2024\/02\/papaja-pestovanie-strom-300x214.jpg 300w\" sizes=\"(max-width: 700px) 100vw, 700px\" title=\"\">\t\t\t\t\t\t\t\t\t\t\t\t\t\t\t<\/div>\n\t\t\t\t<\/div>\n\t\t\t\t<div class=\"elementor-element elementor-element-147c724 elementor-widget elementor-widget-text-editor\" data-id=\"147c724\" data-element_type=\"widget\" data-widget_type=\"text-editor.default\">\n\t\t\t\t<div class=\"elementor-widget-container\">\n\t\t\t\t\t\t\t\t\t<p>Aby boli <strong>plody pap\u00e1je<\/strong> obzvl\u00e1\u0161\u0165 <strong>kvalitn\u00e9<\/strong> a obsahovali spr\u00e1vne mno\u017estvo d\u00f4le\u017eit\u00fdch zlo\u017eiek, mus\u00ed sa <strong>pap\u00e1ja vhodne pestova\u0165<\/strong>. Z klimatick\u00e9ho h\u013eadiska je t\u00e1to rastlina doma v tr\u00f3poch a subtr\u00f3poch, ale pre jeho <strong>\u0161peci\u00e1lnu recept\u00faru pap\u00e1je<\/strong> je pre Franza Brennera mimoriadne <strong>d\u00f4le\u017eit\u00e9 ekologick\u00e9 a udr\u017eate\u013en\u00e9 pestovanie<\/strong> rastliny: &#8222;Pre <strong>pap\u00e1ju<\/strong> som h\u013eadal <strong>pestovate\u013esk\u00fa oblas\u0165<\/strong> s vlastnou ekologickou certifik\u00e1ciou, ktor\u00e1 sp\u013a\u0148a <strong>normy ekologick\u00e9ho pestovania v Eur\u00f3pe<\/strong>, USA a Japonsku,&#8220; hovor\u00ed a opisuje svoje vysok\u00e9 n\u00e1roky na plody, ktor\u00e9 tvoria z\u00e1klad jeho <a href=\"https:\/\/shop.omni-biotic.com\/collections\/caricol\"><span style=\"color: #b5085a\"><strong>pap\u00e1jov\u00e9ho koncentr\u00e1tu Caricol\u00ae<\/strong><\/span><\/a>.<\/p><p><span style=\"text-align: var(--text-align);background-color: inherit\">Rozhodnutie padlo v prospech ostrova Sr\u00ed Lanka na ju\u017enom c\u00edpe Indie &#8211; nielen kv\u00f4li <strong>klimatick\u00fdm podmienkam<\/strong>, ale aj z humanit\u00e1rnych d\u00f4vodov: Po skon\u010den\u00ed tamoj\u0161ej ob\u010dianskej vojny sa mnoh\u00e9 \u017eeny museli samy postara\u0165 o \u017eivobytie svojich rod\u00edn a dostali <strong>po\u013enohospod\u00e1rsku p\u00f4du<\/strong> ako \u0161t\u00e1tnu podporu. Franz Brenner im spolu s n\u00f3rskou rozvojovou pomocou pon\u00fakol \u0161kolenia <strong>v oblasti ekologick\u00e9ho po\u013enohospod\u00e1rstva<\/strong> a podporu pri budovan\u00ed zavla\u017eovac\u00edch syst\u00e9mov &#8211; \u010do umo\u017enilo <strong>ekologick\u00e9 pestovanie pap\u00e1je<\/strong> bohatej na \u017eiviny, ktor\u00e1 z\u00e1rove\u0148 zabezpe\u010duje pr\u00edjem pre mnoh\u00e9 rodiny.<\/span><\/p><p>V prv\u00fdch f\u00e1zach v\u00fdrobn\u00e9ho procesu sa ka\u017ed\u00e9<strong> jednotliv\u00e9 ovocie dozret\u00e9 na strome<\/strong> ru\u010dne rozkroj\u00ed, ol\u00fape a zbav\u00ed jadierok. &#8222;<strong>Ru\u010dne<\/strong>, preto\u017ee mechanick\u00e9 met\u00f3dy by z ovocia odstr\u00e1nili pr\u00edli\u0161<strong> ve\u013ea cenn\u00fdch vl\u00e1kien<\/strong>,&#8220; vysvet\u013euje Franz Brenner.<\/p>\t\t\t\t\t\t\t\t<\/div>\n\t\t\t\t<\/div>\n\t\t\t\t<div class=\"elementor-element elementor-element-3ef6cca elementor-widget elementor-widget-heading\" data-id=\"3ef6cca\" data-element_type=\"widget\" data-widget_type=\"heading.default\">\n\t\t\t\t<div class=\"elementor-widget-container\">\n\t\t\t\t\t<h2 class=\"elementor-heading-title elementor-size-default\">\u0160t\u00fadia ukazuje: Patentovan\u00fd koncentr\u00e1t z pap\u00e1je proti z\u00e1pche<\/h2>\t\t\t\t<\/div>\n\t\t\t\t<\/div>\n\t\t\t\t<div class=\"elementor-element elementor-element-fd18afa elementor-widget elementor-widget-text-editor\" data-id=\"fd18afa\" data-element_type=\"widget\" data-widget_type=\"text-editor.default\">\n\t\t\t\t<div class=\"elementor-widget-container\">\n\t\t\t\t\t\t\t\t\t<p>Mnoh\u00ed <strong>lek\u00e1ri<\/strong>, <strong>lek\u00e1rnici<\/strong> a u\u017e\u00edvatelia si klad\u00fa ot\u00e1zku, \u010di by <strong>konzum\u00e1cia be\u017en\u00fdch plodov<\/strong> <strong>pap\u00e1je<\/strong> zo supermarketu mohla ma\u0165 podobn\u00e9 <strong>pozit\u00edvne \u00fa\u010dinky<\/strong> na tr\u00e1venie. Preto boli geriatrick\u00ed pacienti s <strong>chronickou z\u00e1pchou<\/strong> rozdelen\u00ed do dvoch skup\u00edn: \u00da\u010dastn\u00edci v prvej skupine dost\u00e1vali <strong>koncentr\u00e1t z pap\u00e1je<\/strong> pripraven\u00fd patentovanou met\u00f3dou, zatia\u013e \u010do \u00fa\u010dastn\u00edci v druhej skupine dost\u00e1vali <strong>pyr\u00e9 z pap\u00e1je<\/strong>. V\u00fdsledky jasne dokazuj\u00fa <strong>prevahu pap\u00e1jov\u00e9ho koncentr\u00e1tu<\/strong> nad be\u017en\u00fdm ovoc\u00edm, ke\u010f\u017ee sa zistilo, \u017ee <strong>pap\u00e1jov\u00fd koncentr\u00e1t je o 55 % \u00fa\u010dinnej\u0161\u00ed<\/strong>.<\/p>\t\t\t\t\t\t\t\t<\/div>\n\t\t\t\t<\/div>\n\t\t\t\t<div class=\"elementor-element elementor-element-4ab6291 elementor-widget elementor-widget-heading\" data-id=\"4ab6291\" data-element_type=\"widget\" data-widget_type=\"heading.default\">\n\t\t\t\t<div class=\"elementor-widget-container\">\n\t\t\t\t\t<h2 class=\"elementor-heading-title elementor-size-default\">Tradi\u010dn\u00fd \"mn\u00ed\u0161sky\" recept na \u010drev\u00e1<\/h2>\t\t\t\t<\/div>\n\t\t\t\t<\/div>\n\t\t\t\t<div class=\"elementor-element elementor-element-7c0f299 elementor-widget elementor-widget-image\" data-id=\"7c0f299\" data-element_type=\"widget\" data-widget_type=\"image.default\">\n\t\t\t\t<div class=\"elementor-widget-container\">\n\t\t\t\t\t\t\t\t\t\t\t\t\t\t\t<img decoding=\"async\" width=\"700\" height=\"500\" src=\"https:\/\/www.omni-biotic.com\/sk-sk\/wp-content\/uploads\/sites\/9\/2024\/02\/klastorny-recept-papaja.jpg\" class=\"attachment-large size-large wp-image-22236\" alt=\"\" srcset=\"https:\/\/www.omni-biotic.com\/sk-sk\/wp-content\/uploads\/sites\/9\/2024\/02\/klastorny-recept-papaja.jpg 700w, https:\/\/www.omni-biotic.com\/sk-sk\/wp-content\/uploads\/sites\/9\/2024\/02\/klastorny-recept-papaja-300x214.jpg 300w\" sizes=\"(max-width: 700px) 100vw, 700px\" title=\"\">\t\t\t\t\t\t\t\t\t\t\t\t\t\t\t<\/div>\n\t\t\t\t<\/div>\n\t\t\t\t<div class=\"elementor-element elementor-element-1816d05 elementor-widget elementor-widget-text-editor\" data-id=\"1816d05\" data-element_type=\"widget\" data-widget_type=\"text-editor.default\">\n\t\t\t\t<div class=\"elementor-widget-container\">\n\t\t\t\t\t\t\t\t\t<p>Na maximaliz\u00e1ciu <strong>sily pap\u00e1je<\/strong> je potrebn\u00fd \u0161peci\u00e1lny <strong>recept<\/strong>, o ktorom sa Franz Brenner dozvedel pribli\u017ene pred 20 rokmi <strong>v budhistickom kl\u00e1\u0161tore<\/strong> Lotus na Havaji. Vyhorenie ho prin\u00fatilo vzia\u0165 si ro\u010dn\u00e9 vo\u013eno &#8211; po\u010das pobytu v kl\u00e1\u0161tore sa dozvedel o <strong>blahodarn\u00fdch \u00fa\u010dinkoch \u0161peci\u00e1lneho pr\u00edpravku z pap\u00e1je<\/strong> a potom sa rozhodol spr\u00edstupni\u0165 \u013eudom mimo kl\u00e1\u0161tora tento <strong>dom\u00e1ci pr\u00edrodn\u00fd liek<\/strong>, ktor\u00fd mu pomohol <strong>zregenerova\u0165 sa<\/strong>. V priebehu zlo\u017eit\u00e9ho, patentovan\u00e9ho nieko\u013ekohodinov\u00e9ho procesu varenia, podobn\u00e9ho t\u00fdm, ktor\u00e9 sa pou\u017e\u00edvaj\u00fa v tradi\u010dnej \u010d\u00ednskej medic\u00edne (TCM), sa <strong>o\u010disten\u00e1 pap\u00e1ja<\/strong> podrob\u00ed tepelnej pr\u00edprave<strong> obohatenej o kysl\u00edk<\/strong>, \u010d\u00edm sa zn\u00e1sob\u00ed koncentr\u00e1cia vysokokvalitn\u00fdch zlo\u017eiek. <strong>\u00da\u010dinnos\u0165<\/strong> tohto patentovan\u00e9ho v\u00fdrobn\u00e9ho procesu bola<strong> vedecky dok\u00e1zan\u00e1<\/strong>: Laborat\u00f3rne anal\u00fdzy uk\u00e1zali, \u017ee spracovan\u00fd <strong>extrakt z pap\u00e1je<\/strong> m\u00e1 \u0161tyrikr\u00e1t <strong>vy\u0161\u0161iu enz\u00fdmov\u00fa aktivitu<\/strong> ako plody <strong>pap\u00e1je<\/strong> pred pr\u00edpravou.<\/p><p>\u0160peci\u00e1lny <strong>v\u00fd\u0165a\u017eok z pap\u00e1je<\/strong> bol preto pou\u017eit\u00fd v nieko\u013ek\u00fdch <strong>vedeck\u00fdch \u0161t\u00fadi\u00e1ch<\/strong>: Osobitn\u00e1 pozornos\u0165 bola venovan\u00e1 tomu, aby tradi\u010dne zn\u00e1me <strong>pozit\u00edvne \u00fa\u010dinky pap\u00e1je<\/strong> na tr\u00e1venie obst\u00e1li aj v pr\u00edsnych klinick\u00fdch testoch. Na tento \u00fa\u010del sa 139 \u013eu\u010fom s <strong>tr\u00e1viacimi probl\u00e9mami<\/strong> (napr. <a href=\"https:\/\/www.omni-biotic.com\/sk-sk\/crevne-problemy\/plynatost-a-nafuknute-brucho\/\"><span style=\"color: #b5085a\"><strong>plynatos\u0165<\/strong><\/span><\/a>, <strong>tvrd\u00e1 stolica<\/strong> alebo <strong>boles\u0165<\/strong> v hornej \u010dasti <strong>brucha<\/strong>), ktor\u00e9 trvali najmenej \u0161es\u0165 mesiacov, pod\u00e1vala porcia <strong>koncentr\u00e1tu z pap\u00e1je<\/strong> raz denne po\u010das 40 dn\u00ed. U t\u00fdch, ktor\u00ed dost\u00e1vali koncentr\u00e1t z pap\u00e1je, sa na konci \u0161t\u00fadie <strong>v\u00fdrazne zn\u00ed\u017eila z\u00e1pcha<\/strong> a plynatos\u0165 a v porovnan\u00ed so skupinou, ktor\u00e1 dost\u00e1vala placebo, sa zrete\u013ene <strong>zn\u00ed\u017eila boles\u0165<\/strong> a <strong>nap\u00e4tie po\u010das vypr\u00e1zd\u0148ovania<\/strong>. Koncentr\u00e1t z pap\u00e1je teda nepochybne <strong>sp\u013a\u0148a vysok\u00e9 vedeck\u00e9 po\u017eiadavky<\/strong> a \u00fa\u010dinne a predov\u0161etk\u00fdm bez ne\u017eiaducich \u00fa\u010dinkov <strong>reguluje poruchy tr\u00e1venia<\/strong>. \u0160t\u00fadie tie\u017e dokumentovali v\u00fdrazn\u00e9 <strong>zn\u00ed\u017eenie z\u00e1pchy<\/strong> u geriatrick\u00fdch pacientov, u ktor\u00fdch je z\u00e1pcha \u010dasto trval\u00fdm stavom v d\u00f4sledku n\u00edzkeho pr\u00edjmu tekut\u00edn, prip\u00fatanosti na l\u00f4\u017eko a <a href=\"https:\/\/www.omni-biotic.com\/sk-sk\/blog\/uzivanie-liekov-a-ich-vplyv-na-zdravie-criev\/\"><span style=\"color: #b5085a\"><strong>u\u017e\u00edvania liekov<\/strong><\/span><\/a>. U pacientov so <a href=\"https:\/\/www.omni-biotic.com\/sk-sk\/crevne-problemy\/syndrom-drazdiveho-creva\/\"><span style=\"color: #b5085a\"><strong>syndr\u00f3mom dr\u00e1\u017ediv\u00e9ho \u010dreva<\/strong><\/span><\/a> sa tie\u017e preuk\u00e1zalo jednozna\u010dn\u00e9 <strong>zlep\u0161enie po\u010detn\u00fdch \u0165a\u017ekost\u00ed<\/strong> tr\u00e1viaceho traktu v\u010faka u\u017e\u00edvaniu <strong>pap\u00e1jov\u00e9ho koncentr\u00e1tu<\/strong>, \u010do m\u00e1 n\u00e1sledne ve\u013emi <strong>pozit\u00edvny vplyv<\/strong> aj na ich pracovn\u00fa schopnos\u0165 a najm\u00e4<strong> kvalitu \u017eivota<\/strong>.<\/p>\t\t\t\t\t\t\t\t<\/div>\n\t\t\t\t<\/div>\n\t\t\t\t<div class=\"elementor-element elementor-element-242c1e8 elementor-widget elementor-widget-heading\" data-id=\"242c1e8\" data-element_type=\"widget\" data-widget_type=\"heading.default\">\n\t\t\t\t<div class=\"elementor-widget-container\">\n\t\t\t\t\t<h2 class=\"elementor-heading-title elementor-size-default\">Ovos: upokojuj\u00faci doplnok pre \u017eal\u00fadok a \u010drev\u00e1<\/h2>\t\t\t\t<\/div>\n\t\t\t\t<\/div>\n\t\t\t\t<div class=\"elementor-element elementor-element-f7a6ff9 elementor-widget elementor-widget-image\" data-id=\"f7a6ff9\" data-element_type=\"widget\" data-widget_type=\"image.default\">\n\t\t\t\t<div class=\"elementor-widget-container\">\n\t\t\t\t\t\t\t\t\t\t\t\t\t\t\t<img loading=\"lazy\" decoding=\"async\" width=\"700\" height=\"500\" src=\"https:\/\/www.omni-biotic.com\/sk-sk\/wp-content\/uploads\/sites\/9\/2024\/02\/ovos-papaja-recepty.jpg\" class=\"attachment-large size-large wp-image-22237\" alt=\"\" srcset=\"https:\/\/www.omni-biotic.com\/sk-sk\/wp-content\/uploads\/sites\/9\/2024\/02\/ovos-papaja-recepty.jpg 700w, https:\/\/www.omni-biotic.com\/sk-sk\/wp-content\/uploads\/sites\/9\/2024\/02\/ovos-papaja-recepty-300x214.jpg 300w\" sizes=\"(max-width: 700px) 100vw, 700px\" title=\"\">\t\t\t\t\t\t\t\t\t\t\t\t\t\t\t<\/div>\n\t\t\t\t<\/div>\n\t\t\t\t<div class=\"elementor-element elementor-element-adbdd6f elementor-widget elementor-widget-text-editor\" data-id=\"adbdd6f\" data-element_type=\"widget\" data-widget_type=\"text-editor.default\">\n\t\t\t\t<div class=\"elementor-widget-container\">\n\t\t\t\t\t\t\t\t\t<p><strong>Ovos<\/strong> sa tradi\u010dne osved\u010dil pri <strong>\u017eal\u00fado\u010dn\u00fdch \u0165a\u017ekostiach<\/strong> a podr\u00e1\u017eden\u00ed, ako je <strong>gastrit\u00edda<\/strong> alebo <a href=\"https:\/\/www.omni-biotic.com\/sk-sk\/blog\/palenie-zahy-v-tehotenstve\/\"><span style=\"color: #b5085a\"><strong>p\u00e1lenie z\u00e1hy<\/strong><\/span><\/a>, ktor\u00e9 s\u00fa \u010dasto sp\u00f4soben\u00e9 aj na\u0161\u00edm &#8222;modern\u00fdm&#8220; \u017eivotn\u00fdm \u0161t\u00fdlom: Upokojuj\u00face vlastnosti ovsa s\u00fa sp\u00f4soben\u00e9 tzv. <strong>avenantramidmi<\/strong> &#8211; zvl\u00e1\u0161\u0165 <strong>\u00fa\u010dinn\u00fdmi polyfenolmi<\/strong>. \u0160t\u00fadie ukazuj\u00fa, \u017ee avenantramidy maj\u00fa r\u00fdchly a <strong>trval\u00fd upokojuj\u00faci \u00fa\u010dinok<\/strong> <strong>na sliznicu \u017eal\u00fadka<\/strong>. To v\u0161ak nie je v\u0161etko &#8211; pre Franza Brennera bolo d\u00f4le\u017eit\u00e9 aj optimalizova\u0165 prirodzen\u00e9 vlastnosti ovsa pre podr\u00e1\u017eden\u00fd \u017eal\u00fadok: &#8222;Podarilo sa n\u00e1m vyvin\u00fa\u0165 v\u00fdrobn\u00fd proces, pri ktorom sa <strong>mno\u017estvo avenantramidu-B<\/strong> obsiahnut\u00e9ho v ovse viac ako <strong>zdvojn\u00e1sob\u00ed<\/strong>. A tento \u0161peci\u00e1lny<strong> pr\u00edpravok z ovsa sme skombinovali<\/strong> s na\u0161\u00edm osved\u010den\u00fdm <strong>koncentr\u00e1tom z pap\u00e1je<\/strong>. Pr\u00edpravok p\u00f4sob\u00ed na podr\u00e1\u017eden\u00fa sliznicu \u017eal\u00fadka <strong>ako mas\u0165<\/strong>.&#8220;<\/p><p><strong>Pap\u00e1ja<\/strong> m\u00e1 toti\u017e aj mnoh\u00e9 vlastnosti, ktor\u00e9 v\u00fdznamne prispievaj\u00fa k <strong>upokojeniu podr\u00e1\u017eden\u00e9ho \u017eal\u00fadka<\/strong>: v\u010faka n\u00edzkemu obsahu kysel\u00edn sa toto z\u00e1sadit\u00e9 ovocie nielen v\u00fdborne zn\u00e1\u0161a, ale \u0161t\u00fadie tie\u017e dokazuj\u00fa, \u017ee<strong> koncentr\u00e1t z pap\u00e1je m\u00e1 protiz\u00e1palov\u00e9<\/strong>, ochrann\u00e9 a obnovuj\u00face \u00fa\u010dinky <strong>na bunky<\/strong>. \u00da\u010dinok kombin\u00e1cie patentovan\u00e9ho pr\u00edpravku z ovsa a pap\u00e1je na gastritick\u00e9 \u0165a\u017ekosti &#8211; najm\u00e4 na boles\u0165 spojen\u00fa so z\u00e1palom \u017eal\u00fado\u010dnej sliznice, ktor\u00e1 v\u00fdrazne obmedzuje kvalitu \u017eivota postihnut\u00fdch &#8211; bol <strong>vedecky dok\u00e1zan\u00fd<\/strong>: Placebom kontrolovan\u00e1 \u0161t\u00fadia, ktorej sa z\u00fa\u010dastnilo 60 os\u00f4b s <strong>chronickou gastrit\u00eddou<\/strong>, uk\u00e1zala v\u00fdrazn\u00e9 zlep\u0161enie u\u017e po 30 d\u0148och: pacienti, ktor\u00ed dost\u00e1vali <a href=\"https:\/\/shop.omni-biotic.com\/collections\/caricol\"><span style=\"color: #b5085a\"><strong>vysokokvalitn\u00fa kombin\u00e1ciu ovsa a pap\u00e1je<\/strong><\/span><\/a>, mali v\u00fdrazne men\u0161iu z\u00e1\u0165a\u017e boles\u0165ou a ich ka\u017edodenn\u00fd \u017eivot bol jednozna\u010dne menej obmedzen\u00fd ako u os\u00f4b v skupine s placebom. To jasne <strong>dok\u00e1zalo<\/strong>, \u017ee okrem <a href=\"https:\/\/www.omni-biotic.com\/sk-sk\/crevne-zdravie\/centrum-zdravia-crevo\/probiotika\/\"><span style=\"color: #b5085a\"><strong>probiot\u00edk<\/strong> <\/span><\/a>m\u00f4\u017ee sila tradi\u010dne overen\u00fdch rastl\u00edn v\u00fdrazne <strong>zlep\u0161i\u0165 zdravie<\/strong> a <strong>celkov\u00fa pohodu<\/strong> aj v pr\u00edpade \u0165a\u017ekost\u00ed tr\u00e1viaceho traktu. Franz Brenner je presved\u010den\u00fd: &#8222;Rovnako ako v pr\u00edpade <strong>probiot\u00edk<\/strong>, aj v pr\u00edpade rastlinn\u00fdch produktov plat\u00ed, \u017ee \u0161t\u00fadiou overen\u00e9 pr\u00edpravky s\u00fa <strong>z\u00e1rukou vysokej kvality<\/strong> a dobr\u00e9ho pocitu z tr\u00e1venia.&#8220;<\/p>\t\t\t\t\t\t\t\t<\/div>\n\t\t\t\t<\/div>\n\t\t\t\t\t<\/div>\n\t\t\t\t<\/div>\n\t\t\t\t<\/div>\n\t\t","protected":false},"excerpt":{"rendered":"<p>Pap\u00e1ja pon\u00faka cenn\u00e9 zlo\u017eky a \u00faplne prirodzen\u00fd sp\u00f4sob podpory \u017eal\u00fadka a \u010driev.<\/p>\n","protected":false},"author":17,"featured_media":22224,"comment_status":"closed","ping_status":"closed","sticky":false,"template":"","format":"standard","meta":{"_acf_changed":false,"inline_featured_image":false,"footnotes":""},"categories":[47,80,98],"tags":[],"class_list":["post-22215","post","type-post","status-publish","format-standard","has-post-thumbnail","hentry","category-institut-allergosan","category-staznosti-a-poradenstvo","category-stravovanie-a-recepty"],"acf":[],"rank_math":{"og:title":"Pap\u00e1ja: Pr\u00edrodn\u00e1 podpora pre \u017eal\u00fadok a \u010drev\u00e1 - OMNi-BiOTiC\u00ae","og:desc":"Pap\u00e1ja pon\u00faka vedecky presk\u00faman\u00fd a \u00faplne prirodzen\u00fd sp\u00f4sob podpory \u017eal\u00fadka a \u010driev. Je mo\u017en\u00e9 pestovanie v na\u0161ich podmienkach?","og:url":"https:\/\/www.omni-biotic.com\/sk-sk\/blog\/papaja-prirodna-podpora-pre-zaludok-a-creva\/","og:locale":"sk_SK","og:image":"https:\/\/www.omni-biotic.com\/sk-sk\/wp-content\/uploads\/sites\/9\/2024\/02\/papaja-pestovanie.jpg","og:image:width":"700","og:image:height":"500"},"additional_data":{"thumbnail":"https:\/\/www.omni-biotic.com\/sk-sk\/wp-content\/uploads\/sites\/9\/2024\/02\/papaja-pestovanie.jpg"},"blog_info":{"country":"sk-sk"},"_links":{"self":[{"href":"https:\/\/www.omni-biotic.com\/sk-sk\/wp-json\/wp\/v2\/posts\/22215","targetHints":{"allow":["GET"]}}],"collection":[{"href":"https:\/\/www.omni-biotic.com\/sk-sk\/wp-json\/wp\/v2\/posts"}],"about":[{"href":"https:\/\/www.omni-biotic.com\/sk-sk\/wp-json\/wp\/v2\/types\/post"}],"author":[{"embeddable":true,"href":"https:\/\/www.omni-biotic.com\/sk-sk\/wp-json\/wp\/v2\/users\/17"}],"replies":[{"embeddable":true,"href":"https:\/\/www.omni-biotic.com\/sk-sk\/wp-json\/wp\/v2\/comments?post=22215"}],"version-history":[{"count":7,"href":"https:\/\/www.omni-biotic.com\/sk-sk\/wp-json\/wp\/v2\/posts\/22215\/revisions"}],"predecessor-version":[{"id":22255,"href":"https:\/\/www.omni-biotic.com\/sk-sk\/wp-json\/wp\/v2\/posts\/22215\/revisions\/22255"}],"wp:featuredmedia":[{"embeddable":true,"href":"https:\/\/www.omni-biotic.com\/sk-sk\/wp-json\/wp\/v2\/media\/22224"}],"wp:attachment":[{"href":"https:\/\/www.omni-biotic.com\/sk-sk\/wp-json\/wp\/v2\/media?parent=22215"}],"wp:term":[{"taxonomy":"category","embeddable":true,"href":"https:\/\/www.omni-biotic.com\/sk-sk\/wp-json\/wp\/v2\/categories?post=22215"},{"taxonomy":"post_tag","embeddable":true,"href":"https:\/\/www.omni-biotic.com\/sk-sk\/wp-json\/wp\/v2\/tags?post=22215"}],"curies":[{"name":"wp","href":"https:\/\/api.w.org\/{rel}","templated":true}]}}