{"id":23781,"date":"2025-08-01T14:02:48Z","date_gmt":"2025-08-01T12:02:48Z","guid":{"rendered":"https:\/\/www.omni-biotic.com\/sk-sk\/?p=23781"},"modified":"2025-12-30T16:45:07Z","modified_gmt":"2025-12-30T15:45:07Z","slug":"parkinsonova-choroba","status":"publish","type":"post","link":"https:\/\/www.omni-biotic.com\/sk-sk\/blog\/parkinsonova-choroba\/","title":{"rendered":"Parkinsonova choroba"},"content":{"rendered":"\t\t<div data-elementor-type=\"wp-post\" data-elementor-id=\"23781\" class=\"elementor elementor-23781\" data-elementor-post-type=\"post\">\n\t\t\t\t<div class=\"elementor-element elementor-element-e8e7983 obcs none e-flex e-con-boxed e-con e-parent\" data-id=\"e8e7983\" data-element_type=\"container\">\n\t\t\t\t\t<div class=\"e-con-inner\">\n\t\t\t\t<div class=\"elementor-element elementor-element-51c1ad9 elementor-widget elementor-widget-heading\" data-id=\"51c1ad9\" data-element_type=\"widget\" data-widget_type=\"heading.default\">\n\t\t\t\t<div class=\"elementor-widget-container\">\n\t\t\t\t\t<h2 class=\"elementor-heading-title elementor-size-default\">\u010co je to Parkinsonova choroba?<\/h2>\t\t\t\t<\/div>\n\t\t\t\t<\/div>\n\t\t\t\t<div class=\"elementor-element elementor-element-ed506b9 elementor-widget elementor-widget-text-editor\" data-id=\"ed506b9\" data-element_type=\"widget\" data-widget_type=\"text-editor.default\">\n\t\t\t\t<div class=\"elementor-widget-container\">\n\t\t\t\t\t\t\t\t\t<p><strong>Parkinsonova choroba<\/strong> je <strong>degenerat\u00edvne neurologick\u00e9<\/strong> ochorenie, ktor\u00e9 postihuje hlavne <strong>motorick\u00fd syst\u00e9m<\/strong>. Je sp\u00f4soben\u00e1 postupn\u00fdm <strong>odumieran\u00edm neur\u00f3nov<\/strong> v \u010dasti <strong>mozgu<\/strong> naz\u00fdvanej substantia nigra, ktor\u00e1 je zodpovedn\u00e1 za <strong>produkciu dopam\u00ednu<\/strong> \u2013 chemickej l\u00e1tky d\u00f4le\u017eitej pre kontrolu pohybov.\u00a0<\/p><p><strong>Riziko vzniku<\/strong> Parkinsonovej choroby sa <strong>s vekom v\u00fdrazne zvy\u0161uje<\/strong>. Vzh\u013eadom na to, \u017ee \u013eudia s\u00fa \u010doraz star\u0161\u00ed, neust\u00e1le sa zvy\u0161uje aj po\u010det pacientov s Parkinsonovou chorobou. Typick\u00fd vek n\u00e1stupu ochorenia je <strong>od 50 do 70 rokov<\/strong>, hoci pribli\u017ene 5 % pacientov je mlad\u0161\u00edch ako<strong> 40 rokov<\/strong>. Pr\u00ed\u010diny sa st\u00e1le sk\u00famaj\u00fa; okrem in\u00e9ho sa s Parkinsonovou chorobou sp\u00e1jaj\u00fa<strong> genetick\u00e9 predispoz\u00edcie<\/strong> (napr. naru\u0161en\u00fd <strong>metabolizmus<\/strong>, naru\u0161en\u00e1 detoxik\u00e1cia) a <strong>vplyvy \u017eivotn\u00e9ho prostredia<\/strong> (napr. pestic\u00eddy) a<strong> 5 %<\/strong> ochoren\u00ed <strong>sa priamo ded\u00ed<\/strong>.<\/p>\t\t\t\t\t\t\t\t<\/div>\n\t\t\t\t<\/div>\n\t\t\t\t<div class=\"elementor-element elementor-element-552dfe0 elementor-widget elementor-widget-heading\" data-id=\"552dfe0\" data-element_type=\"widget\" data-widget_type=\"heading.default\">\n\t\t\t\t<div class=\"elementor-widget-container\">\n\t\t\t\t\t<h2 class=\"elementor-heading-title elementor-size-default\">Pr\u00edznaky a prejavy Parkinsonovej choroby<\/h2>\t\t\t\t<\/div>\n\t\t\t\t<\/div>\n\t\t\t\t<div class=\"elementor-element elementor-element-717f6f5 elementor-widget elementor-widget-image\" data-id=\"717f6f5\" data-element_type=\"widget\" data-widget_type=\"image.default\">\n\t\t\t\t<div class=\"elementor-widget-container\">\n\t\t\t\t\t\t\t\t\t\t\t\t\t\t\t<img fetchpriority=\"high\" decoding=\"async\" width=\"800\" height=\"800\" src=\"https:\/\/www.omni-biotic.com\/sk-sk\/wp-content\/uploads\/sites\/9\/2024\/06\/parkinson-1024x1024.png\" class=\"attachment-large size-large wp-image-23788\" alt=\"\" srcset=\"https:\/\/www.omni-biotic.com\/sk-sk\/wp-content\/uploads\/sites\/9\/2024\/06\/parkinson-1024x1024.png 1024w, https:\/\/www.omni-biotic.com\/sk-sk\/wp-content\/uploads\/sites\/9\/2024\/06\/parkinson-300x300.png 300w, https:\/\/www.omni-biotic.com\/sk-sk\/wp-content\/uploads\/sites\/9\/2024\/06\/parkinson-150x150.png 150w, https:\/\/www.omni-biotic.com\/sk-sk\/wp-content\/uploads\/sites\/9\/2024\/06\/parkinson-768x768.png 768w, https:\/\/www.omni-biotic.com\/sk-sk\/wp-content\/uploads\/sites\/9\/2024\/06\/parkinson.png 1080w\" sizes=\"(max-width: 800px) 100vw, 800px\" title=\"\">\t\t\t\t\t\t\t\t\t\t\t\t\t\t\t<\/div>\n\t\t\t\t<\/div>\n\t\t\t\t<div class=\"elementor-element elementor-element-be70e40 elementor-widget elementor-widget-heading\" data-id=\"be70e40\" data-element_type=\"widget\" data-widget_type=\"heading.default\">\n\t\t\t\t<div class=\"elementor-widget-container\">\n\t\t\t\t\t<h3 class=\"elementor-heading-title elementor-size-default\">Ak\u00e9 s\u00fa prv\u00e9 pr\u00edznaky parkinsona?<\/h3>\t\t\t\t<\/div>\n\t\t\t\t<\/div>\n\t\t\t\t<div class=\"elementor-element elementor-element-691936c elementor-widget elementor-widget-infobox\" data-id=\"691936c\" data-element_type=\"widget\" data-widget_type=\"infobox.default\">\n\t\t\t\t<div class=\"elementor-widget-container\">\n\t\t\t\t\t\n<div class=\"li-widgets--infobox blue highlights-always-magenta\">\n\n    <div class=\"li-widgets--infobox__icon\">\n        <i aria-hidden=\"true\" class=\"fas fa-info-circle\"><\/i>    <\/div>\n    <div class=\"li-widgets--infobox__text\">\n        Vedeli ste?!    <\/div>\n    <div class=\"li-widgets--infobox__text-body\">\n        <h5>Nedostatok dopam\u00ednu vedie k typick\u00fdm pr\u00edznakom Parkinsonovej choroby\u200b.<\/h5>    <\/div>\n\n    \n<\/div>\n\t\t\t\t<\/div>\n\t\t\t\t<\/div>\n\t\t\t\t<div class=\"elementor-element elementor-element-8bfdb7b elementor-widget elementor-widget-text-editor\" data-id=\"8bfdb7b\" data-element_type=\"widget\" data-widget_type=\"text-editor.default\">\n\t\t\t\t<div class=\"elementor-widget-container\">\n\t\t\t\t\t\t\t\t\t<p>Nedostatok dopam\u00ednu vedie k typick\u00fdm pr\u00edznakom Parkinsonovej choroby\u200b. <span style=\"font-weight: 400\">V\u00fdchodiskov\u00fdm bodom ochorenia je takzvan\u00e1<strong> \u201c\u010dierna substancia\u201d<\/strong> (substantia nigra) v strednom <strong>mozgu<\/strong>. V tejto oblasti sa nach\u00e1dzaj\u00fa \u0161peci\u00e1lne<strong> nervov\u00e9 bunky<\/strong>, ktor\u00e9 produkuj\u00fa posla <strong>dopam\u00ednu<\/strong> \u2013 a ten sa centr\u00e1lne podie\u013ea na kontrole pohybov. Ke\u010f tieto <strong>nervov\u00e9 bunky produkuj\u00face dopam\u00edn odumr\u00fa<\/strong>, vznikne nedostatok tejto posolovej l\u00e1tky, \u010do je <strong>hlavnou pr\u00ed\u010dinou Parkinsonovej choroby<\/strong>. Nedostatok tohto <strong>\u201cposla pohybu\u201d<\/strong> mo\u017eno jasne vidie\u0165 na hlavn\u00fdch <strong>pr\u00edznakoch ochorenia<\/strong>: spomalenie pohybu (bradykin\u00e9za), <strong>svalov\u00e1 stuhnutos\u0165<\/strong> (rigor), <strong>trasenie<\/strong> (tento pr\u00edznak sa vyskytuje najm\u00e4 vtedy, ke\u010f sa pacient neh\u00fdbe), <strong>poruchy rovnov\u00e1hy<\/strong>, ako aj obmedzenia <strong>mimiky<\/strong>. Tieto hlavn\u00e9 <strong>pr\u00edznaky<\/strong> sa v\u0161ak prejavia a\u017e vtedy, ke\u010f u\u017e <strong>odumrie<\/strong> pribli\u017ene<strong> 60-70 % buniek<\/strong> produkuj\u00facich dopam\u00edn.<\/span><\/p><p>Okrem <strong>motorick\u00fdch pr\u00edznakov<\/strong> sa m\u00f4\u017eu prejavova\u0165 aj <strong>nemotorick\u00e9 pr\u00edznaky<\/strong>, ako s\u00fa <strong>depresia<\/strong>, <strong>\u00fazkos\u0165<\/strong>, <a href=\"https:\/\/www.omni-biotic.com\/sk-sk\/blog\/nespavost\/\"><strong>poruchy sp\u00e1nku<\/strong><\/a>, strata <strong>\u010duchu<\/strong>, a probl\u00e9my s <strong>kognit\u00edvnymi funkciami<\/strong>.<\/p><p><span style=\"font-weight: 400\"><a href=\"https:\/\/www.omni-biotic.com\/sk-sk\/crevne-problemy\/\"><strong>Poruchy tr\u00e1venia<\/strong><\/a> patria popri obmedzenom pohybe k naj\u010dastej\u0161\u00edm <strong>pr\u00edznakom<\/strong> <strong>pacientov s Parkinsonovou chorobou<\/strong>, hoci mnoh\u00ed pacienti sa s\u0165a\u017euj\u00fa na <a href=\"https:\/\/www.omni-biotic.com\/sk-sk\/crevne-problemy\/zapcha\/\"><strong>z\u00e1pchu<\/strong> <\/a>alebo nad\u00favanie e\u0161te pred stanoven\u00edm <strong>diagn\u00f3zy<\/strong> (hoci samozrejme nie ka\u017ed\u00fd, kto trp\u00ed poruchami tr\u00e1venia, m\u00e1 automaticky Parkinsonovu chorobu). Tieto <strong>pr\u00edznaky<\/strong> s\u00fa <strong>sp\u00f4soben\u00e9 spomalen\u00edm pohybu svalov<\/strong>, ktor\u00e9 pren\u00e1\u0161aj\u00fa potravu cez \u017eal\u00fadok a <strong>\u010drev\u00e1<\/strong>, a stratou ur\u010dit\u00fdch nervov\u00fdch buniek, ktor\u00e9 <strong>riadia \u010dinnos\u0165 \u010driev<\/strong>, a to nielen<strong> v mozgu<\/strong>, ale aj <strong>v \u010drev\u00e1ch<\/strong>. Okrem toho ve\u013ek\u00e9 <a href=\"https:\/\/www.omni-biotic.com\/sk-sk\/blog\/uzivanie-liekov-a-ich-vplyv-na-zdravie-criev\/\"><strong>mno\u017estvo liekov<\/strong><\/a> na <strong>Parkinsonovu chorobu<\/strong> sp\u00f4sobuje <strong>z\u00e1pchu<\/strong>, a t\u00fdm e\u0161te zhor\u0161uje existuj\u00face pr\u00edznaky. T\u00e1to <strong>z\u00e1va\u017en\u00e1 porucha tr\u00e1venia<\/strong> predstavuje pre pacientov ve\u013ek\u00fa <strong>z\u00e1\u0165a\u017e<\/strong> a e\u0161te viac obmedzuje kvalitu ich \u017eivota.<\/span><\/p>\t\t\t\t\t\t\t\t<\/div>\n\t\t\t\t<\/div>\n\t\t\t\t<div class=\"elementor-element elementor-element-144b064 elementor-widget elementor-widget-image\" data-id=\"144b064\" data-element_type=\"widget\" data-widget_type=\"image.default\">\n\t\t\t\t<div class=\"elementor-widget-container\">\n\t\t\t\t\t\t\t\t\t\t\t\t\t\t\t<img decoding=\"async\" width=\"700\" height=\"500\" src=\"https:\/\/www.omni-biotic.com\/sk-sk\/wp-content\/uploads\/sites\/9\/2024\/01\/antibiotikum-einnahme-gewicht.jpg\" class=\"attachment-large size-large wp-image-22007\" alt=\"\" srcset=\"https:\/\/www.omni-biotic.com\/sk-sk\/wp-content\/uploads\/sites\/9\/2024\/01\/antibiotikum-einnahme-gewicht.jpg 700w, https:\/\/www.omni-biotic.com\/sk-sk\/wp-content\/uploads\/sites\/9\/2024\/01\/antibiotikum-einnahme-gewicht-300x214.jpg 300w\" sizes=\"(max-width: 700px) 100vw, 700px\" title=\"\">\t\t\t\t\t\t\t\t\t\t\t\t\t\t\t<\/div>\n\t\t\t\t<\/div>\n\t\t\t\t<div class=\"elementor-element elementor-element-272c4b7 elementor-widget elementor-widget-heading\" data-id=\"272c4b7\" data-element_type=\"widget\" data-widget_type=\"heading.default\">\n\t\t\t\t<div class=\"elementor-widget-container\">\n\t\t\t\t\t<h2 class=\"elementor-heading-title elementor-size-default\">Ak\u00e1 je diagnostika a lie\u010dba Parkinsonovej choroby?<\/h2>\t\t\t\t<\/div>\n\t\t\t\t<\/div>\n\t\t\t\t<div class=\"elementor-element elementor-element-2546e77 elementor-widget elementor-widget-text-editor\" data-id=\"2546e77\" data-element_type=\"widget\" data-widget_type=\"text-editor.default\">\n\t\t\t\t<div class=\"elementor-widget-container\">\n\t\t\t\t\t\t\t\t\t<p>V s\u00fa\u010dasnosti<strong> neexistuje lie\u010dba<\/strong>, ktor\u00e1 by chorobu zastavila alebo zvr\u00e1tila, ale existuj\u00fa r\u00f4zne mo\u017enosti, ktor\u00e9 m\u00f4\u017eu<strong> zmierni\u0165 jej pr\u00edznaky<\/strong> a zlep\u0161i\u0165 kvalitu \u017eivota pacientov.<\/p><p><span style=\"font-weight: 400\">Ne\u0161pecifick\u00e9 pr\u00edznaky, ako s\u00fa <strong>bolesti chrbta<\/strong> a ramien, zmena p\u00edsania, <strong>poruchy regul\u00e1cie krvn\u00e9ho obehu<\/strong>, poruchy \u010duchu a z\u00e1pcha, sa v\u0161ak \u010dasto objavuj\u00fa u\u017e <strong>nieko\u013eko rokov pred t\u00fdmito motorick\u00fdmi poruchami<\/strong>. <a href=\"https:\/\/www.omni-biotic.com\/sk-sk\/crevne-zdravie\/centrum-zdravia-crevo\/\"><strong>V \u010dreve<\/strong> <\/a>sa objavuj\u00fa prv\u00e9 <strong>pr\u00edznaky<\/strong>. Parkinsonovu chorobu mo\u017eno <strong>v\u010das odhali\u0165<\/strong>, ak sa cielene p\u00e1tra: U pacientov, u ktor\u00fdch bola Parkinsonova choroba <strong>diagnostikovan\u00e1 v ranom \u0161t\u00e1diu<\/strong>, sa v nervovom syst\u00e9me \u010drevnej steny zistil ur\u010dit\u00fd prote\u00edn: Tento tzv. <strong>alfa-synukle\u00edn<\/strong> je zodpovedn\u00fd za <strong>odumieranie nervov\u00fdch buniek<\/strong> produkuj\u00facich <strong>dopam\u00edn<\/strong>. U pacientov s Parkinsonovou chorobou mo\u017eno zisti\u0165 aj <strong>zmenen\u00e9 zlo\u017eenie<\/strong> <a href=\"https:\/\/www.omni-biotic.com\/sk-sk\/crevne-zdravie\/centrum-zdravia-crevo\/crevna-flora\/\"><strong>\u010drevnej mikrobioty<\/strong><\/a>.<\/span><\/p><p><span style=\"font-weight: 400\">Tieto zistenia jasne ukazuj\u00fa, \u017ee <a href=\"https:\/\/www.omni-biotic.com\/sk-sk\/crevne-zdravie\/centrum-zdravia-crevo\/os-crevo-mozog\/\"><strong>\u201cos \u010drevo-mozog\u201d<\/strong><\/a>, teda enterick\u00fd<strong> nervov\u00fd syst\u00e9m<\/strong>, a t\u00e1 takzvan\u00e1<strong> \u201cos\u201d<\/strong> \u2013 komunik\u00e1cia medzi nimi pravdepodobne <strong>zohr\u00e1vaj\u00fa \u00fastredn\u00fa \u00falohu pri vzniku Parkinsonovej choroby<\/strong>.<\/span><\/p>\t\t\t\t\t\t\t\t<\/div>\n\t\t\t\t<\/div>\n\t\t\t\t<div class=\"elementor-element elementor-element-84886ee elementor-widget elementor-widget-heading\" data-id=\"84886ee\" data-element_type=\"widget\" data-widget_type=\"heading.default\">\n\t\t\t\t<div class=\"elementor-widget-container\">\n\t\t\t\t\t<h2 class=\"elementor-heading-title elementor-size-default\">Probiotik\u00e1 pre pacientov s Parkinsonovou chorobou<\/h2>\t\t\t\t<\/div>\n\t\t\t\t<\/div>\n\t\t\t\t<div class=\"elementor-element elementor-element-fc6cc59 elementor-widget elementor-widget-text-editor\" data-id=\"fc6cc59\" data-element_type=\"widget\" data-widget_type=\"text-editor.default\">\n\t\t\t\t<div class=\"elementor-widget-container\">\n\t\t\t\t\t\t\t\t\t<p><span style=\"font-weight: 400\">V tejto s\u00favislosti vykonal prim\u00e1r Dr. Martin Heine, ved\u00faci neurologick\u00e9ho oddelenia na LKH Feldbach\/F\u00fcrstenfeld, <strong>pilotn\u00fa \u0161t\u00fadiu<\/strong>: Sk\u00famal sa <strong>vplyv u\u017e\u00edvania \u0161peci\u00e1lneho viaczlo\u017ekov\u00e9ho probiotika<\/strong> po\u010das 8 t\u00fd\u017ed\u0148ov na tr\u00e1venie <strong>(pr\u00edznaky z\u00e1pchy)<\/strong> a<strong> motorick\u00e9 funkcie<\/strong> pacientov s Parkinsonovou chorobou.<\/span><\/p><p><span style=\"font-weight: 400\">V\u00fdsledkom bolo zistenie, \u017ee <strong>frekvencia stolice<\/strong> sa pri pod\u00e1van\u00ed probiotika<strong> v\u00fdrazne zv\u00fd\u0161ila<\/strong>, a najm\u00e4 sa zrete\u013ene zlep\u0161il tvar a \u0161trukt\u00fara stolice: pred za\u010dat\u00edm probiotickej lie\u010dby konzistencia stolice jasne poukazovala na z\u00e1pchu (meran\u00e9 pomocou Bristolskej stupnice tvaru stolice). <strong>Po 8 t\u00fd\u017ed\u0148och u\u017e\u00edvania probiot\u00edk<\/strong> mali pacienti <strong>\u201cide\u00e1lnu stolicu\u201d<\/strong>. Mimoriadne pozit\u00edvne bolo hodnoten\u00e9 aj to, \u017ee u pacientov s Parkinsonovou chorobou sa nevyskytli <strong>\u017eiadne ne\u017eiaduce reakcie<\/strong>, ako napr\u00edklad <strong><a href=\"https:\/\/www.omni-biotic.com\/sk-sk\/crevne-problemy\/hnacka\/\">hna\u010dka<\/a> <\/strong>alebo <a href=\"https:\/\/www.omni-biotic.com\/sk-sk\/crevne-problemy\/plynatost-a-nafuknute-brucho\/\"><strong>plynatos\u0165<\/strong><\/a>, ktor\u00e9 sa \u010dasto vyskytuj\u00fa pri <strong>klasick\u00fdch preh\u00e1\u0148adl\u00e1ch<\/strong>.<\/span><\/p>\t\t\t\t\t\t\t\t<\/div>\n\t\t\t\t<\/div>\n\t\t\t\t<div class=\"elementor-element elementor-element-164d039 elementor-widget elementor-widget-heading\" data-id=\"164d039\" data-element_type=\"widget\" data-widget_type=\"heading.default\">\n\t\t\t\t<div class=\"elementor-widget-container\">\n\t\t\t\t\t<h3 class=\"elementor-heading-title elementor-size-default\">Zlep\u0161enie stolice u pacientov s Parkinsonovou chorobou<\/h3>\t\t\t\t<\/div>\n\t\t\t\t<\/div>\n\t\t\t\t<div class=\"elementor-element elementor-element-8bd1333 elementor-widget elementor-widget-image\" data-id=\"8bd1333\" data-element_type=\"widget\" data-widget_type=\"image.default\">\n\t\t\t\t<div class=\"elementor-widget-container\">\n\t\t\t\t\t\t\t\t\t\t\t\t\t\t\t<img decoding=\"async\" width=\"517\" height=\"510\" src=\"https:\/\/www.omni-biotic.com\/sk-sk\/wp-content\/uploads\/sites\/9\/2024\/06\/zapcha-parkinson.jpg\" class=\"attachment-large size-large wp-image-23844\" alt=\"\" srcset=\"https:\/\/www.omni-biotic.com\/sk-sk\/wp-content\/uploads\/sites\/9\/2024\/06\/zapcha-parkinson.jpg 517w, https:\/\/www.omni-biotic.com\/sk-sk\/wp-content\/uploads\/sites\/9\/2024\/06\/zapcha-parkinson-300x296.jpg 300w\" sizes=\"(max-width: 517px) 100vw, 517px\" title=\"\">\t\t\t\t\t\t\t\t\t\t\t\t\t\t\t<\/div>\n\t\t\t\t<\/div>\n\t\t\t\t<div class=\"elementor-element elementor-element-954a5d3 elementor-widget elementor-widget-infobox\" data-id=\"954a5d3\" data-element_type=\"widget\" data-widget_type=\"infobox.default\">\n\t\t\t\t<div class=\"elementor-widget-container\">\n\t\t\t\t\t\n<div class=\"li-widgets--infobox yellow highlights-always-magenta\">\n\n    <div class=\"li-widgets--infobox__icon\">\n        <i aria-hidden=\"true\" class=\"fas fa-poo\"><\/i>    <\/div>\n    <div class=\"li-widgets--infobox__text\">\n        U\u017e\u00edvanie viaczlo\u017ekov\u00e9ho probiotika zv\u00fd\u0161ilo frekvenciu vypr\u00e1zd\u0148ovania a najm\u00e4 zlep\u0161ilo \u010das prechodu \u010drevom a konzistenciu stolice (z typu 1-2 (= z\u00e1pcha) na typ 3-4 (= ide\u00e1lna stolica).\n    <\/div>\n    <div class=\"li-widgets--infobox__text-body\">\n            <\/div>\n\n    \n<\/div>\n\t\t\t\t<\/div>\n\t\t\t\t<\/div>\n\t\t\t\t<div class=\"elementor-element elementor-element-8da826c elementor-widget elementor-widget-text-editor\" data-id=\"8da826c\" data-element_type=\"widget\" data-widget_type=\"text-editor.default\">\n\t\t\t\t<div class=\"elementor-widget-container\">\n\t\t\t\t\t\t\t\t\t<p><span style=\"font-weight: 400\">Na to, aby bolo mo\u017en\u00e9 v bud\u00facnosti <strong>lie\u010di\u0165 Parkinsonovu chorobu<\/strong> cielenou <strong>modul\u00e1ciou \u010drevnej mikrobioty<\/strong>, je v\u0161ak e\u0161te potrebn\u00e9<strong> vykona\u0165 mno\u017estvo \u010fal\u0161\u00edch v\u00fdskumov<\/strong> a dlhodob\u00fdch \u0161t\u00fadi\u00ed, ale predov\u0161etk\u00fdm krit\u00e9ri\u00ed, ktor\u00e9 umo\u017enia v\u010dasn\u00fa identifik\u00e1ciu pacientov s <strong>rizikom vzniku Parkinsonovej choroby<\/strong>. Potom by sa pomocou <strong>probiotickej lie\u010dby<\/strong> mohlo cielene p\u00f4sobi\u0165 na <a href=\"https:\/\/www.omni-biotic.com\/sk-sk\/blog\/co-je-to-os-crevo-mozog\/\"><strong>os medzi \u010drevom a mozogom<\/strong><\/a>, aby sa<strong> oddialil postup ochorenia<\/strong> alebo sa mo\u017eno dokonca <strong>zabr\u00e1nilo jeho rozvoju<\/strong>.<\/span><\/p>\t\t\t\t\t\t\t\t<\/div>\n\t\t\t\t<\/div>\n\t\t\t\t<div class=\"elementor-element elementor-element-ce6ecda elementor-widget elementor-widget-heading\" data-id=\"ce6ecda\" data-element_type=\"widget\" data-widget_type=\"heading.default\">\n\t\t\t\t<div class=\"elementor-widget-container\">\n\t\t\t\t\t<h2 class=\"elementor-heading-title elementor-size-default\">\u010co je pr\u00ed\u010dinou Parkinsonovej choroby?<\/h2>\t\t\t\t<\/div>\n\t\t\t\t<\/div>\n\t\t\t\t<div class=\"elementor-element elementor-element-f75d46f elementor-widget elementor-widget-text-editor\" data-id=\"f75d46f\" data-element_type=\"widget\" data-widget_type=\"text-editor.default\">\n\t\t\t\t<div class=\"elementor-widget-container\">\n\t\t\t\t\t\t\t\t\t<p><strong>Hlavn\u00e1 pr\u00ed\u010dina<\/strong> tejto choroby, pre ktor\u00fa v s\u00fa\u010dasnosti neexistuje liek, je pre vedcov st\u00e1le <strong>nezn\u00e1ma<\/strong>.\u00a0<span style=\"color: var( --e-global-color-text );text-align: var(--text-align);background-color: inherit;font-family: var( --e-global-typography-text-font-family ), -apple-system,BlinkMacSystemFont,Segoe UI,Roboto,Helvetica Neue,Arial,Noto Sans,sans-serif;font-size: var( --e-global-typography-text-font-size );font-style: var( --e-global-typography-text-font-style );font-weight: var( --e-global-typography-text-font-weight );letter-spacing: var( --e-global-typography-text-letter-spacing );text-transform: var( --e-global-typography-text-text-transform )\">Hoci vedci priamu pr\u00ed\u010dinu Parkinsonovej choroby st\u00e1le nepoznaj\u00fa, v\u00e4\u010d\u0161ina z nich predpoklad\u00e1, \u017ee je <strong>sp\u00f4soben\u00e1 kombin\u00e1ciou genetick\u00fdch <\/strong>a <strong>environment\u00e1lnych faktorov<\/strong>.\u00a0<\/span><span style=\"color: var( --e-global-color-text );text-align: var(--text-align);background-color: inherit;font-family: var( --e-global-typography-text-font-family ), -apple-system,BlinkMacSystemFont,Segoe UI,Roboto,Helvetica Neue,Arial,Noto Sans,sans-serif;font-size: var( --e-global-typography-text-font-size );font-style: var( --e-global-typography-text-font-style );font-weight: var( --e-global-typography-text-font-weight );letter-spacing: var( --e-global-typography-text-letter-spacing );text-transform: var( --e-global-typography-text-text-transform )\">Vedci z Helsinskej univerzity identifikovali v \u0161t\u00fadii na zvierat\u00e1ch<strong> kme\u0148 bakt\u00e9ri\u00ed v \u010drev\u00e1ch<\/strong>, ktor\u00fd <strong>m\u00f4\u017ee by\u0165 pr\u00ed\u010dinou<\/strong> Parkinsonovej choroby. Na z\u00e1klade toho s\u00fa presved\u010den\u00ed, \u017ee ich v\u00fdsledky m\u00f4\u017eu lek\u00e1rom pom\u00f4c\u0165 identifikova\u0165 \u013eud\u00ed, ktor\u00ed s\u00fa <strong>nosite\u013emi tejto konkr\u00e9tnej bakt\u00e9rie<\/strong>, a vyu\u017ei\u0165 to ako<strong> cie\u013e pre mo\u017en\u00e9 terapie<\/strong>. T\u00e1to \u0161t\u00fadia bola ned\u00e1vno zverejnen\u00e1 v \u010dasopise Frontiers.<\/span><\/p>\t\t\t\t\t\t\t\t<\/div>\n\t\t\t\t<\/div>\n\t\t\t\t\t<\/div>\n\t\t\t\t<\/div>\n\t\t<div class=\"elementor-element elementor-element-bdef2f0 obcs none e-flex e-con-boxed e-con e-parent\" data-id=\"bdef2f0\" data-element_type=\"container\">\n\t\t\t\t\t<div class=\"e-con-inner\">\n\t\t\t\t<div class=\"elementor-element elementor-element-2bbf047 elementor-widget elementor-widget-infobox\" data-id=\"2bbf047\" data-element_type=\"widget\" data-widget_type=\"infobox.default\">\n\t\t\t\t<div class=\"elementor-widget-container\">\n\t\t\t\t\t\n<div class=\"li-widgets--infobox blue highlights-always-magenta\">\n\n    <div class=\"li-widgets--infobox__icon\">\n        <i aria-hidden=\"true\" class=\"fas fa-microscope\"><\/i>    <\/div>\n    <div class=\"li-widgets--infobox__text\">\n        Parkinsonova choroba m\u00f4\u017ee ma\u0165 p\u00f4vod v \u010drevn\u00fdch bakt\u00e9ri\u00e1ch, tvrdia vedci.\n    <\/div>\n    <div class=\"li-widgets--infobox__text-body\">\n        <p>T\u00e1to \u0161t\u00fadia bola ned\u00e1vno zverejnen\u00e1 v \u010dasopise Frontiers<\/p>    <\/div>\n\n            <a href=\"https:\/\/www.frontiersin.org\/articles\/10.3389\/fcimb.2023.1181315\/full\" class=\"li-widgets--infobox__button\" rel=\"noopener\">\n            K \u0161t\u00fadii        <\/a>\n    \n<\/div>\n\t\t\t\t<\/div>\n\t\t\t\t<\/div>\n\t\t\t\t<div class=\"elementor-element elementor-element-f58c41e elementor-widget elementor-widget-heading\" data-id=\"f58c41e\" data-element_type=\"widget\" data-widget_type=\"heading.default\">\n\t\t\t\t<div class=\"elementor-widget-container\">\n\t\t\t\t\t<h3 class=\"elementor-heading-title elementor-size-default\">Spojenie \u010dreva a mozgu a Parkinsonova choroba\n<\/h3>\t\t\t\t<\/div>\n\t\t\t\t<\/div>\n\t\t\t\t<div class=\"elementor-element elementor-element-fbb44a0 elementor-widget elementor-widget-text-editor\" data-id=\"fbb44a0\" data-element_type=\"widget\" data-widget_type=\"text-editor.default\">\n\t\t\t\t<div class=\"elementor-widget-container\">\n\t\t\t\t\t\t\t\t\t<p>Ako m\u00f4\u017eu<strong><a href=\"https:\/\/www.omni-biotic.com\/sk-sk\/crevne-zdravie\/centrum-zdravia-crevo\/crevny-mikrobiom\/\"> bakt\u00e9rie v \u010drev\u00e1ch<\/a> sp\u00f4sobi\u0165 ochorenie mozgu<\/strong>? Pod\u013ea Dr. Melity Petrossian, neurol\u00f3ga a riadite\u013ea Centra pre poruchy pohybu v Pacific Neuroscience Institute v Santa Monice, Kalifornia, to s\u00favis\u00ed s <strong>vagusov\u00fdm nervom<\/strong>, ktor\u00fd sp\u00e1ja <strong>\u010drevo s mozgom<\/strong>. \u201eKe\u010f <strong>bakt\u00e9rie metabolizuj\u00fa potravu<\/strong>, m\u00f4\u017eu <strong>sp\u00f4sobi\u0165 z\u00e1paly v \u010drev\u00e1ch<\/strong>,\u201c vysvetlila. \u201eTieto m\u00f4\u017eu vies\u0165 k zhlukovaniu <strong>prote\u00ednu<\/strong> naz\u00fdvan\u00e9ho <strong>alfa-synukle\u00edn<\/strong>. A tieto abnorm\u00e1lne formy alfa-synukle\u00ednu m\u00f4\u017eu <strong>cez vagusov\u00fd nerv cestova\u0165 do mozgu<\/strong>.\u201c To by teda bola nov\u00e1<strong> te\u00f3ria o vzniku Parkinsonovej choroby<\/strong> cez \u010drevo: \u201ePredt\u00fdm existovala te\u00f3ria, \u017ee environment\u00e1lne faktory prispievaj\u00fa k tomu, \u017ee napr\u00edklad<strong> tox\u00edny cez nos<\/strong> a \u010duchov\u00fd nerv <strong>(nervus olfactorius)<\/strong> sa dost\u00e1vaj\u00fa priamo do mozgov\u00e9ho kme\u0148a. V s\u00fa\u010dasnosti existuje te\u00f3ria, \u017ee m\u00f4\u017ee \u00eds\u0165 o zmes v s\u00favislosti s p\u00f4vodom Parkinsonovej choroby. U niektor\u00fdch \u013eud\u00ed to<strong> za\u010d\u00edna v \u010drev\u00e1ch<\/strong>, u in\u00fdch <strong>prostredn\u00edctvom \u010duchu<\/strong>.\u201c<\/p>\t\t\t\t\t\t\t\t<\/div>\n\t\t\t\t<\/div>\n\t\t\t\t<div class=\"elementor-element elementor-element-c8ec172 elementor-widget elementor-widget-heading\" data-id=\"c8ec172\" data-element_type=\"widget\" data-widget_type=\"heading.default\">\n\t\t\t\t<div class=\"elementor-widget-container\">\n\t\t\t\t\t<h3 class=\"elementor-heading-title elementor-size-default\">Ako predch\u00e1dza\u0165 Parkinsonovej chorobe?<\/h3>\t\t\t\t<\/div>\n\t\t\t\t<\/div>\n\t\t\t\t<div class=\"elementor-element elementor-element-fa24be0 elementor-widget elementor-widget-text-editor\" data-id=\"fa24be0\" data-element_type=\"widget\" data-widget_type=\"text-editor.default\">\n\t\t\t\t<div class=\"elementor-widget-container\">\n\t\t\t\t\t\t\t\t\t<p>Ke\u010f\u017ee <strong>pr\u00ed\u010diny<\/strong> nie s\u00fa \u00faplne zn\u00e1me a dok\u00e1zan\u00e9, neexistuje spo\u013eahliv\u00fd sp\u00f4sob, ako Parkinsonovej chorobe \u00faplne <strong>pred\u00eds\u0165<\/strong>. Av\u0161ak, <strong>\u017eivotn\u00fd \u0161t\u00fdl<\/strong> a niektor\u00e9 opatrenia m\u00f4\u017eu <strong>pom\u00f4c\u0165 zn\u00ed\u017ei\u0165 riziko vzniku<\/strong> tejto choroby. Tu s\u00fa niektor\u00e9 odpor\u00fa\u010dania:<\/p>\t\t\t\t\t\t\t\t<\/div>\n\t\t\t\t<\/div>\n\t\t\t\t<div class=\"elementor-element elementor-element-1ffaeea elementor-widget elementor-widget-heading\" data-id=\"1ffaeea\" data-element_type=\"widget\" data-widget_type=\"heading.default\">\n\t\t\t\t<div class=\"elementor-widget-container\">\n\t\t\t\t\t<h5 class=\"elementor-heading-title elementor-size-default\"> Zdrav\u00fd \u017eivotn\u00fd \u0161t\u00fdl<\/h5>\t\t\t\t<\/div>\n\t\t\t\t<\/div>\n\t\t\t\t<div class=\"elementor-element elementor-element-80ed051 elementor-widget elementor-widget-text-editor\" data-id=\"80ed051\" data-element_type=\"widget\" data-widget_type=\"text-editor.default\">\n\t\t\t\t<div class=\"elementor-widget-container\">\n\t\t\t\t\t\t\t\t\t<ul><li><strong>Pravideln\u00e1 fyzick\u00e1 aktivita<\/strong>: Cvi\u010denie podporuje zdravie mozgu a m\u00f4\u017ee zn\u00ed\u017ei\u0165 riziko neurodegenerat\u00edvnych ochoren\u00ed. Aer\u00f3bne cvi\u010denie, ako je ch\u00f4dza, beh, pl\u00e1vanie alebo bicyklovanie, je obzvl\u00e1\u0161\u0165 prospe\u0161n\u00e9.<\/li><li><strong>Vyv\u00e1\u017een\u00e1 strava<\/strong>: Strava bohat\u00e1 na antioxidanty (napr. ovocie a zelenina), omega-3 mastn\u00e9 kyseliny (napr. ryby, orechy) a vitam\u00edny m\u00f4\u017ee podpori\u0165 zdravie mozgu. Odpor\u00fa\u010dan\u00e1 je Stredomorsk\u00e1 strava.<\/li><\/ul>\t\t\t\t\t\t\t\t<\/div>\n\t\t\t\t<\/div>\n\t\t\t\t<div class=\"elementor-element elementor-element-bb3bbab elementor-widget elementor-widget-heading\" data-id=\"bb3bbab\" data-element_type=\"widget\" data-widget_type=\"heading.default\">\n\t\t\t\t<div class=\"elementor-widget-container\">\n\t\t\t\t\t<h5 class=\"elementor-heading-title elementor-size-default\">Du\u0161evn\u00e1 aktivita\n<\/h5>\t\t\t\t<\/div>\n\t\t\t\t<\/div>\n\t\t\t\t<div class=\"elementor-element elementor-element-f116c5e elementor-widget elementor-widget-text-editor\" data-id=\"f116c5e\" data-element_type=\"widget\" data-widget_type=\"text-editor.default\">\n\t\t\t\t<div class=\"elementor-widget-container\">\n\t\t\t\t\t\t\t\t\t<ul><li><strong>Ment\u00e1lna stimul\u00e1cia<\/strong>: Rie\u0161enie kr\u00ed\u017eoviek, \u010d\u00edtanie, u\u010denie sa nov\u00fdch zru\u010dnost\u00ed alebo hranie strategick\u00fdch hier m\u00f4\u017ee podpori\u0165 zdravie mozgu.<\/li><li><strong>Soci\u00e1lna interakcia<\/strong>: By\u0165 soci\u00e1lne akt\u00edvny a udr\u017eiava\u0165 soci\u00e1lne kontakty m\u00f4\u017ee prispie\u0165 k lep\u0161iemu du\u0161evn\u00e9mu zdraviu.<\/li><\/ul>\t\t\t\t\t\t\t\t<\/div>\n\t\t\t\t<\/div>\n\t\t\t\t<div class=\"elementor-element elementor-element-daafb2b elementor-widget elementor-widget-heading\" data-id=\"daafb2b\" data-element_type=\"widget\" data-widget_type=\"heading.default\">\n\t\t\t\t<div class=\"elementor-widget-container\">\n\t\t\t\t\t<h5 class=\"elementor-heading-title elementor-size-default\">Vyh\u00fdbanie sa tox\u00ednom<\/h5>\t\t\t\t<\/div>\n\t\t\t\t<\/div>\n\t\t\t\t<div class=\"elementor-element elementor-element-0f648bb elementor-widget elementor-widget-text-editor\" data-id=\"0f648bb\" data-element_type=\"widget\" data-widget_type=\"text-editor.default\">\n\t\t\t\t<div class=\"elementor-widget-container\">\n\t\t\t\t\t\t\t\t\t<ul><li><strong>Zn\u00ed\u017eenie expoz\u00edcie pestic\u00eddom a herbic\u00eddom<\/strong>: Niektor\u00e9 \u0161t\u00fadie nazna\u010duj\u00fa, \u017ee dlhodob\u00e1 expoz\u00edcia ur\u010dit\u00fdm chemik\u00e1li\u00e1m m\u00f4\u017ee zv\u00fd\u0161i\u0165 riziko Parkinsonovej choroby. Je dobr\u00e9 minimalizova\u0165 kontakt s t\u00fdmito l\u00e1tkami.<\/li><li><strong>Ochrana pred zne\u010disten\u00fdm ovzdu\u0161\u00edm<\/strong>: Zne\u010disten\u00e9 prostredie m\u00f4\u017ee ma\u0165 negat\u00edvny vplyv na zdravie mozgu.<\/li><\/ul>\t\t\t\t\t\t\t\t<\/div>\n\t\t\t\t<\/div>\n\t\t\t\t<div class=\"elementor-element elementor-element-90bdbbb elementor-widget elementor-widget-heading\" data-id=\"90bdbbb\" data-element_type=\"widget\" data-widget_type=\"heading.default\">\n\t\t\t\t<div class=\"elementor-widget-container\">\n\t\t\t\t\t<h5 class=\"elementor-heading-title elementor-size-default\">Prevent\u00edvne lek\u00e1rske prehliadky<\/h5>\t\t\t\t<\/div>\n\t\t\t\t<\/div>\n\t\t\t\t<div class=\"elementor-element elementor-element-b1f168f elementor-widget elementor-widget-text-editor\" data-id=\"b1f168f\" data-element_type=\"widget\" data-widget_type=\"text-editor.default\">\n\t\t\t\t<div class=\"elementor-widget-container\">\n\t\t\t\t\t\t\t\t\t<ul><li><strong>Kontrola krvn\u00e9ho tlaku a cukrovky<\/strong>: Tieto ochorenia m\u00f4\u017eu zv\u00fd\u0161i\u0165 riziko neurodegenerat\u00edvnych ochoren\u00ed, preto je d\u00f4le\u017eit\u00e9 ich udr\u017eiava\u0165 pod kontrolou.<\/li><\/ul>\t\t\t\t\t\t\t\t<\/div>\n\t\t\t\t<\/div>\n\t\t\t\t<div class=\"elementor-element elementor-element-fdffbc7 elementor-widget elementor-widget-text-editor\" data-id=\"fdffbc7\" data-element_type=\"widget\" data-widget_type=\"text-editor.default\">\n\t\t\t\t<div class=\"elementor-widget-container\">\n\t\t\t\t\t\t\t\t\t<ul><li><strong>Pravideln\u00e9 n\u00e1v\u0161tevy u lek\u00e1ra<\/strong>: V\u010dasn\u00e1 diagnostika a rie\u0161enie ak\u00fdchko\u013evek zdravotn\u00fdch probl\u00e9mov m\u00f4\u017ee pom\u00f4c\u0165 zn\u00ed\u017ei\u0165 riziko vzniku komplik\u00e1ci\u00ed vr\u00e1tane neurodegenerat\u00edvnych chor\u00f4b.<\/li><\/ul>\t\t\t\t\t\t\t\t<\/div>\n\t\t\t\t<\/div>\n\t\t\t\t<div class=\"elementor-element elementor-element-48ea283 elementor-widget elementor-widget-heading\" data-id=\"48ea283\" data-element_type=\"widget\" data-widget_type=\"heading.default\">\n\t\t\t\t<div class=\"elementor-widget-container\">\n\t\t\t\t\t<h5 class=\"elementor-heading-title elementor-size-default\">Zn\u00ed\u017eenie stresu a jeho n\u00e1sledkov<\/h5>\t\t\t\t<\/div>\n\t\t\t\t<\/div>\n\t\t\t\t<div class=\"elementor-element elementor-element-e714a9e elementor-widget elementor-widget-text-editor\" data-id=\"e714a9e\" data-element_type=\"widget\" data-widget_type=\"text-editor.default\">\n\t\t\t\t<div class=\"elementor-widget-container\">\n\t\t\t\t\t\t\t\t\t<ul><li><strong>Zn\u00ed\u017eenie stresu<\/strong>: <strong><a href=\"https:\/\/www.omni-biotic.com\/sk-sk\/blog\/choroby-zo-stresu\/\">Stres<\/a> <\/strong>je hlavnou pr\u00ed\u010dinou r\u00f4znych chor\u00f4b. Zapr\u00ed\u010di\u0148uje \u00fahyn niektor\u00fdch \u017eivotne d\u00f4le\u017eit\u00fdch \u010drevn\u00fdch bakt\u00e9ri\u00ed. Vyh\u00fdbanie sa stresu preto m\u00f4\u017ee pom\u00f4c\u0165 pred\u00eds\u0165 r\u00f4znym ochoreniam vr\u00e1tane Parkinsonovej choroby.<\/li><\/ul>\t\t\t\t\t\t\t\t<\/div>\n\t\t\t\t<\/div>\n\t\t\t\t<div class=\"elementor-element elementor-element-c9779cd elementor-widget elementor-widget-heading\" data-id=\"c9779cd\" data-element_type=\"widget\" data-widget_type=\"heading.default\">\n\t\t\t\t<div class=\"elementor-widget-container\">\n\t\t\t\t\t<h5 class=\"elementor-heading-title elementor-size-default\">U\u017e\u00edvanie probiot\u00edk<\/h5>\t\t\t\t<\/div>\n\t\t\t\t<\/div>\n\t\t\t\t<div class=\"elementor-element elementor-element-d54cede elementor-widget elementor-widget-text-editor\" data-id=\"d54cede\" data-element_type=\"widget\" data-widget_type=\"text-editor.default\">\n\t\t\t\t<div class=\"elementor-widget-container\">\n\t\t\t\t\t\t\t\t\t<ul>\n<li><strong>Probiotik\u00e1<\/strong>: Z vy\u0161\u0161ie uveden\u00fdch \u0161t\u00fadi\u00ed je jasn\u00e9, \u017ee <a href=\"https:\/\/www.omni-biotic.com\/sk-sk\/crevne-zdravie\/centrum-zdravia-crevo\/probiotika\/\"><strong>probiotik\u00e1<\/strong> <\/a>dok\u00e1\u017eu zlep\u0161i\u0165 stolicu a p\u00f4sobi\u0165 proti z\u00e1pche. Dnes u\u017e existuj\u00fa r\u00f4zne <a href=\"https:\/\/www.omni-biotic.com\/sk-sk\/o-nas\/vyskum-vyvoj\/vedecke-studie\/\"><strong>\u0161t\u00fadie<\/strong><\/a>, ktor\u00e9 <strong>dokazuj\u00fa<\/strong>, \u017ee \u0161peci\u00e1lne skombinovan\u00e9 <strong>bakteri\u00e1lne kmene<\/strong> vo<a href=\"https:\/\/www.omni-biotic.com\/sk-sk\/o-nas\/co-je-to-omni-biotic\/\"><strong> viaczlo\u017ekov\u00fdch probiotik\u00e1ch<\/strong><\/a> dok\u00e1\u017eu <a href=\"https:\/\/www.omni-biotic.com\/sk-sk\/blog\/probiotika-ovplyvnuju-vykonnost-mozgu\/\"><strong>ovplyv\u0148ova\u0165 v\u00fdkonnos\u0165 mozgu<\/strong> <\/a>a p\u00f4sobi\u0165 <strong>protiz\u00e1palovo v celom tele<\/strong> a\u017e po mozog. Preto m\u00f4\u017ee pravideln\u00e9 <strong>u\u017e\u00edvanie probiot\u00edk<\/strong> \u00fa\u010dinnou <strong>prevenciou<\/strong> vzniku Parkinsona.<\/li>\n<\/ul>\t\t\t\t\t\t\t\t<\/div>\n\t\t\t\t<\/div>\n\t\t\t\t<div class=\"elementor-element elementor-element-83d478f elementor-widget elementor-widget-text-editor\" data-id=\"83d478f\" data-element_type=\"widget\" data-widget_type=\"text-editor.default\">\n\t\t\t\t<div class=\"elementor-widget-container\">\n\t\t\t\t\t\t\t\t\t<p><b>ZDROJ: <\/b>https:\/\/www.medicalnewstoday.com\/articles\/parkinsons-may-start-from-bacteria-in-the-gut?\u00a0<\/p>\t\t\t\t\t\t\t\t<\/div>\n\t\t\t\t<\/div>\n\t\t\t\t<div class=\"elementor-element elementor-element-b8410c9 elementor-widget-divider--view-line elementor-widget elementor-widget-divider\" data-id=\"b8410c9\" data-element_type=\"widget\" data-widget_type=\"divider.default\">\n\t\t\t\t<div class=\"elementor-widget-container\">\n\t\t\t\t\t\t\t<div class=\"elementor-divider\">\n\t\t\t<span class=\"elementor-divider-separator\">\n\t\t\t\t\t\t<\/span>\n\t\t<\/div>\n\t\t\t\t\t\t<\/div>\n\t\t\t\t<\/div>\n\t\t\t\t<div class=\"elementor-element elementor-element-1ad611e elementor-widget elementor-widget-infobox\" data-id=\"1ad611e\" data-element_type=\"widget\" data-widget_type=\"infobox.default\">\n\t\t\t\t<div class=\"elementor-widget-container\">\n\t\t\t\t\t\n<div class=\"li-widgets--infobox magenta highlights-always-magenta\">\n\n    <div class=\"li-widgets--infobox__icon\">\n        <i aria-hidden=\"true\" class=\"fas fa-envelope-open-text\"><\/i>    <\/div>\n    <div class=\"li-widgets--infobox__text\">\n        Ak\u00e9 probiotik\u00e1 odpor\u00fa\u010daj\u00fa odborn\u00edci pri Parkinsonovej chorobe?\n    <\/div>\n    <div class=\"li-widgets--infobox__text-body\">\n            <\/div>\n\n            <a href=\"https:\/\/www.omni-biotic.com\/sk-sk\/o-nas\/institut-allergosan\/kontakt\/\" class=\"li-widgets--infobox__button\">\n            Nap\u00ed\u0161te n\u00e1m!        <\/a>\n    \n<\/div>\n\t\t\t\t<\/div>\n\t\t\t\t<\/div>\n\t\t\t\t\t<\/div>\n\t\t\t\t<\/div>\n\t\t\t\t<\/div>\n\t\t","protected":false},"excerpt":{"rendered":"<p>Parkinsonova choroba je jedn\u00fdm z naj\u010dastej\u0161\u00edch neurologick\u00fdch ochoren\u00ed a postihuje 1-3 % v\u0161etk\u00fdch \u013eud\u00ed vo veku 60-65 rokov. Medzi hlavn\u00e9 prv\u00e9 pr\u00edznaky parkinsonovej choroby patr\u00ed okrem spomalenia pohybu aj svalov\u00e1 stuhnutos\u0165 a trasenie. Mnoh\u00ed pacienti trpia aj poruchami tr\u00e1venia, najm\u00e4 z\u00e1pchou, \u010do m\u00e1 obrovsk\u00fd vplyv nielen na vstreb\u00e1vanie liekov, ale predov\u0161etk\u00fdm na kvalitu \u017eivota. Ak\u00e9 s\u00fa pr\u00ed\u010diny? \u010co pom\u00e1ha na parkinsona a ak\u00e1 je lie\u010dba parkinsonovej choroby sa dozviete tu.<\/p>\n","protected":false},"author":17,"featured_media":23786,"comment_status":"closed","ping_status":"closed","sticky":false,"template":"","format":"standard","meta":{"_acf_changed":false,"inline_featured_image":false,"footnotes":""},"categories":[85,80],"tags":[],"class_list":["post-23781","post","type-post","status-publish","format-standard","has-post-thumbnail","hentry","category-novinky-vo-vyskume","category-staznosti-a-poradenstvo"],"acf":[],"rank_math":{"og:title":"Parkinsonova choroba poch\u00e1dza z \u010drevn\u00fdch bakt\u00e9ri\u00ed","og:desc":"Parkinsonova choroba\/ parkinson - ak\u00e9 s\u00fa prv\u00e9 pr\u00edznaky parkinsonovej choroby, \u010do pom\u00e1ha na parkinsona a ak\u00e1 je lie\u010dba parkinsonovej choroby?","og:url":"https:\/\/www.omni-biotic.com\/sk-sk\/blog\/parkinsonova-choroba\/","og:locale":"sk_SK","og:image":"https:\/\/www.omni-biotic.com\/sk-sk\/wp-content\/uploads\/sites\/9\/2024\/06\/parkinsonova-choroba.png","og:image:width":"1080","og:image:height":"1080"},"additional_data":{"thumbnail":"https:\/\/www.omni-biotic.com\/sk-sk\/wp-content\/uploads\/sites\/9\/2024\/06\/parkinsonova-choroba.png"},"blog_info":{"country":"sk-sk"},"_links":{"self":[{"href":"https:\/\/www.omni-biotic.com\/sk-sk\/wp-json\/wp\/v2\/posts\/23781","targetHints":{"allow":["GET"]}}],"collection":[{"href":"https:\/\/www.omni-biotic.com\/sk-sk\/wp-json\/wp\/v2\/posts"}],"about":[{"href":"https:\/\/www.omni-biotic.com\/sk-sk\/wp-json\/wp\/v2\/types\/post"}],"author":[{"embeddable":true,"href":"https:\/\/www.omni-biotic.com\/sk-sk\/wp-json\/wp\/v2\/users\/17"}],"replies":[{"embeddable":true,"href":"https:\/\/www.omni-biotic.com\/sk-sk\/wp-json\/wp\/v2\/comments?post=23781"}],"version-history":[{"count":7,"href":"https:\/\/www.omni-biotic.com\/sk-sk\/wp-json\/wp\/v2\/posts\/23781\/revisions"}],"predecessor-version":[{"id":28303,"href":"https:\/\/www.omni-biotic.com\/sk-sk\/wp-json\/wp\/v2\/posts\/23781\/revisions\/28303"}],"wp:featuredmedia":[{"embeddable":true,"href":"https:\/\/www.omni-biotic.com\/sk-sk\/wp-json\/wp\/v2\/media\/23786"}],"wp:attachment":[{"href":"https:\/\/www.omni-biotic.com\/sk-sk\/wp-json\/wp\/v2\/media?parent=23781"}],"wp:term":[{"taxonomy":"category","embeddable":true,"href":"https:\/\/www.omni-biotic.com\/sk-sk\/wp-json\/wp\/v2\/categories?post=23781"},{"taxonomy":"post_tag","embeddable":true,"href":"https:\/\/www.omni-biotic.com\/sk-sk\/wp-json\/wp\/v2\/tags?post=23781"}],"curies":[{"name":"wp","href":"https:\/\/api.w.org\/{rel}","templated":true}]}}