{"id":24083,"date":"2024-07-11T14:10:03Z","date_gmt":"2024-07-11T12:10:03Z","guid":{"rendered":"https:\/\/www.omni-biotic.com\/sk-sk\/?p=24083"},"modified":"2024-07-17T15:44:58Z","modified_gmt":"2024-07-17T13:44:58Z","slug":"podla-coho-sa-poznaju-najlepsie-probiotika","status":"publish","type":"post","link":"https:\/\/www.omni-biotic.com\/sk-sk\/blog\/podla-coho-sa-poznaju-najlepsie-probiotika\/","title":{"rendered":"Pod\u013ea \u010doho sa poznaj\u00fa najlep\u0161ie probiotik\u00e1?"},"content":{"rendered":"\t\t<div data-elementor-type=\"wp-post\" data-elementor-id=\"24083\" class=\"elementor elementor-24083\" data-elementor-post-type=\"post\">\n\t\t\t\t<div class=\"elementor-element elementor-element-614c75e obcs none e-flex e-con-boxed e-con e-parent\" data-id=\"614c75e\" data-element_type=\"container\">\n\t\t\t\t\t<div class=\"e-con-inner\">\n\t\t\t\t<div class=\"elementor-element elementor-element-14a34ec elementor-widget elementor-widget-heading\" data-id=\"14a34ec\" data-element_type=\"widget\" data-widget_type=\"heading.default\">\n\t\t\t\t<div class=\"elementor-widget-container\">\n\t\t\t\t\t<span class=\"elementor-heading-title elementor-size-default\">Najd\u00f4le\u017eitej\u0161ie fakty najlep\u0161\u00edch probiot\u00edk v skratke<\/span>\t\t\t\t<\/div>\n\t\t\t\t<\/div>\n\t\t\t\t<div class=\"elementor-element elementor-element-7a5d4e1 elementor-icon-list--layout-traditional elementor-list-item-link-full_width elementor-widget elementor-widget-icon-list\" data-id=\"7a5d4e1\" data-element_type=\"widget\" data-widget_type=\"icon-list.default\">\n\t\t\t\t<div class=\"elementor-widget-container\">\n\t\t\t\t\t\t\t<ul class=\"elementor-icon-list-items\">\n\t\t\t\t\t\t\t<li class=\"elementor-icon-list-item\">\n\t\t\t\t\t\t\t\t\t\t\t<span class=\"elementor-icon-list-icon\">\n\t\t\t\t\t\t\t<i aria-hidden=\"true\" class=\"fas fa-check\"><\/i>\t\t\t\t\t\t<\/span>\n\t\t\t\t\t\t\t\t\t\t<span class=\"elementor-icon-list-text\">Overen\u00e1 bezpe\u010dnos\u0165 a stabilita<\/span>\n\t\t\t\t\t\t\t\t\t<\/li>\n\t\t\t\t\t\t<\/ul>\n\t\t\t\t\t\t<\/div>\n\t\t\t\t<\/div>\n\t\t\t\t<div class=\"elementor-element elementor-element-241e449 elementor-widget elementor-widget-text-editor\" data-id=\"241e449\" data-element_type=\"widget\" data-widget_type=\"text-editor.default\">\n\t\t\t\t<div class=\"elementor-widget-container\">\n\t\t\t\t\t\t\t\t\t<p>V\u0161etky bakteri\u00e1lne kmene obsiahnut\u00e9 v probiotik\u00e1ch musia by\u0165 pre \u010dloveka absol\u00fatne bezpe\u010dn\u00e9 a <strong>bez ved\u013eaj\u0161\u00edch \u00fa\u010dinkov<\/strong>, a to aj pri dlhodobom u\u017e\u00edvan\u00ed. Pr\u00edsne kontroly stability zaru\u010duj\u00fa, \u017ee po\u010det \u017eivotaschopn\u00fdch bakt\u00e9ri\u00ed skuto\u010dne zodpoved\u00e1 \u0161pecifik\u00e1cii a\u017e do konca d\u00e1tumu minim\u00e1lnej trvanlivosti.<\/p>\t\t\t\t\t\t\t\t<\/div>\n\t\t\t\t<\/div>\n\t\t\t\t<div class=\"elementor-element elementor-element-f3d7795 elementor-icon-list--layout-traditional elementor-list-item-link-full_width elementor-widget elementor-widget-icon-list\" data-id=\"f3d7795\" data-element_type=\"widget\" data-widget_type=\"icon-list.default\">\n\t\t\t\t<div class=\"elementor-widget-container\">\n\t\t\t\t\t\t\t<ul class=\"elementor-icon-list-items\">\n\t\t\t\t\t\t\t<li class=\"elementor-icon-list-item\">\n\t\t\t\t\t\t\t\t\t\t\t<span class=\"elementor-icon-list-icon\">\n\t\t\t\t\t\t\t<i aria-hidden=\"true\" class=\"fas fa-check\"><\/i>\t\t\t\t\t\t<\/span>\n\t\t\t\t\t\t\t\t\t\t<span class=\"elementor-icon-list-text\">Ide\u00e1lny po\u010det bakt\u00e9ri\u00ed<\/span>\n\t\t\t\t\t\t\t\t\t<\/li>\n\t\t\t\t\t\t<\/ul>\n\t\t\t\t\t\t<\/div>\n\t\t\t\t<\/div>\n\t\t\t\t<div class=\"elementor-element elementor-element-73cf134 elementor-widget elementor-widget-text-editor\" data-id=\"73cf134\" data-element_type=\"widget\" data-widget_type=\"text-editor.default\">\n\t\t\t\t<div class=\"elementor-widget-container\">\n\t\t\t\t\t\t\t\t\t<p>Probiotik\u00e1 by mali obsahova\u0165 aspo\u0148 1 miliardu \u017eivotaschopn\u00fdch a rozmno\u017eovania sa schopn\u00fdch bakt\u00e9ri\u00ed na 1 gram pr\u00e1\u0161ku. Av\u0161ak: &#8222;\u010c\u00edm viac t\u00fdm lep\u0161ie&#8220; tu v\u0161eobecne neplat\u00ed! Podstatnej\u0161\u00ed je <strong>optim\u00e1lny po\u010det bakt\u00e9ri\u00ed<\/strong> pre konkr\u00e9tnu oblas\u0165 pou\u017eitia.<\/p>\t\t\t\t\t\t\t\t<\/div>\n\t\t\t\t<\/div>\n\t\t\t\t<div class=\"elementor-element elementor-element-1ef6913 elementor-icon-list--layout-traditional elementor-list-item-link-full_width elementor-widget elementor-widget-icon-list\" data-id=\"1ef6913\" data-element_type=\"widget\" data-widget_type=\"icon-list.default\">\n\t\t\t\t<div class=\"elementor-widget-container\">\n\t\t\t\t\t\t\t<ul class=\"elementor-icon-list-items\">\n\t\t\t\t\t\t\t<li class=\"elementor-icon-list-item\">\n\t\t\t\t\t\t\t\t\t\t\t<span class=\"elementor-icon-list-icon\">\n\t\t\t\t\t\t\t<i aria-hidden=\"true\" class=\"fas fa-check\"><\/i>\t\t\t\t\t\t<\/span>\n\t\t\t\t\t\t\t\t\t\t<span class=\"elementor-icon-list-text\">\u017divotaschopn\u00e9 \u013eudsk\u00e9 bakteri\u00e1lne kmene<\/span>\n\t\t\t\t\t\t\t\t\t<\/li>\n\t\t\t\t\t\t<\/ul>\n\t\t\t\t\t\t<\/div>\n\t\t\t\t<\/div>\n\t\t\t\t<div class=\"elementor-element elementor-element-ef28630 elementor-widget elementor-widget-text-editor\" data-id=\"ef28630\" data-element_type=\"widget\" data-widget_type=\"text-editor.default\">\n\t\t\t\t<div class=\"elementor-widget-container\">\n\t\t\t\t\t\t\t\t\t<p>Aby boli <strong>probiotik\u00e1 \u010do naj\u00fa\u010dinnej\u0161ie<\/strong>, je nevyhnutn\u00e9 pou\u017e\u00edva\u0165 prirodzene sa vyskytuj\u00face kmene bakt\u00e9ri\u00ed, ktor\u00e9 n\u00e1\u0161 organizmus rozpozn\u00e1va: aby mohli optim\u00e1lne spolupracova\u0165 s existuj\u00facimi bakt\u00e9riami v tele.<\/p>\t\t\t\t\t\t\t\t<\/div>\n\t\t\t\t<\/div>\n\t\t\t\t<div class=\"elementor-element elementor-element-7357910 elementor-icon-list--layout-traditional elementor-list-item-link-full_width elementor-widget elementor-widget-icon-list\" data-id=\"7357910\" data-element_type=\"widget\" data-widget_type=\"icon-list.default\">\n\t\t\t\t<div class=\"elementor-widget-container\">\n\t\t\t\t\t\t\t<ul class=\"elementor-icon-list-items\">\n\t\t\t\t\t\t\t<li class=\"elementor-icon-list-item\">\n\t\t\t\t\t\t\t\t\t\t\t<span class=\"elementor-icon-list-icon\">\n\t\t\t\t\t\t\t<i aria-hidden=\"true\" class=\"fas fa-check\"><\/i>\t\t\t\t\t\t<\/span>\n\t\t\t\t\t\t\t\t\t\t<span class=\"elementor-icon-list-text\">Odolnos\u0165 a aktivita<\/span>\n\t\t\t\t\t\t\t\t\t<\/li>\n\t\t\t\t\t\t<\/ul>\n\t\t\t\t\t\t<\/div>\n\t\t\t\t<\/div>\n\t\t\t\t<div class=\"elementor-element elementor-element-db050a8 elementor-widget elementor-widget-text-editor\" data-id=\"db050a8\" data-element_type=\"widget\" data-widget_type=\"text-editor.default\">\n\t\t\t\t<div class=\"elementor-widget-container\">\n\t\t\t\t\t\t\t\t\t<p>Aby sa bakt\u00e9rie zachovali ako probiotikum na nieko\u013eko rokov, <strong>su\u0161ia sa mrazom<\/strong> a uv\u00e1dzaj\u00fa sa do stavu <strong>&#8222;hibern\u00e1cie&#8220;<\/strong>. \u0160peci\u00e1lne balenie &#8211; obal v ktorom sa produkt uchov\u00e1va mus\u00ed bakt\u00e9rie chr\u00e1ni\u0165.<\/p><p>Najlep\u0161ie probiotik\u00e1 s\u00fa <strong>vo forme pr\u00e1\u0161ku<\/strong>, ktor\u00e9ho <strong>v\u00fdhodou <\/strong>je, \u017ee sa pred po\u017eit\u00edm rozpust\u00ed vo vode a <strong>lyofilizovan\u00e9 bakt\u00e9rie<\/strong> sa o\u017eivia v \u0161etrnom prostred\u00ed. To znamen\u00e1, \u017ee s\u00fa <strong>akt\u00edvne a siln\u00e9<\/strong> e\u0161te predt\u00fdm, ako sa dostan\u00fa do drsn\u00e9ho prostredia tr\u00e1viaceho traktu.<\/p>\t\t\t\t\t\t\t\t<\/div>\n\t\t\t\t<\/div>\n\t\t\t\t<div class=\"elementor-element elementor-element-e0f1669 elementor-icon-list--layout-traditional elementor-list-item-link-full_width elementor-widget elementor-widget-icon-list\" data-id=\"e0f1669\" data-element_type=\"widget\" data-widget_type=\"icon-list.default\">\n\t\t\t\t<div class=\"elementor-widget-container\">\n\t\t\t\t\t\t\t<ul class=\"elementor-icon-list-items\">\n\t\t\t\t\t\t\t<li class=\"elementor-icon-list-item\">\n\t\t\t\t\t\t\t\t\t\t\t<span class=\"elementor-icon-list-icon\">\n\t\t\t\t\t\t\t<i aria-hidden=\"true\" class=\"fas fa-check\"><\/i>\t\t\t\t\t\t<\/span>\n\t\t\t\t\t\t\t\t\t\t<span class=\"elementor-icon-list-text\">Vedecky testovan\u00e1 kombin\u00e1cia bakt\u00e9ri\u00ed<\/span>\n\t\t\t\t\t\t\t\t\t<\/li>\n\t\t\t\t\t\t<\/ul>\n\t\t\t\t\t\t<\/div>\n\t\t\t\t<\/div>\n\t\t\t\t<div class=\"elementor-element elementor-element-de0eb5c elementor-widget elementor-widget-text-editor\" data-id=\"de0eb5c\" data-element_type=\"widget\" data-widget_type=\"text-editor.default\">\n\t\t\t\t<div class=\"elementor-widget-container\">\n\t\t\t\t\t\t\t\t\t<p>\u0160t\u00fadie ukazuj\u00fa, \u017ee<strong> cielen\u00e1 kombin\u00e1cia viacer\u00fdch bakteri\u00e1lnych kme\u0148ov<\/strong> je v r\u00f4znych oblastiach pou\u017eitia lep\u0161ia ako u\u017e\u00edvanie jedn\u00e9ho kme\u0148a.<\/p>\t\t\t\t\t\t\t\t<\/div>\n\t\t\t\t<\/div>\n\t\t\t\t\t<\/div>\n\t\t\t\t<\/div>\n\t\t<div class=\"elementor-element elementor-element-1c4057c obcs none e-flex e-con-boxed e-con e-parent\" data-id=\"1c4057c\" data-element_type=\"container\">\n\t\t\t\t\t<div class=\"e-con-inner\">\n\t\t\t\t<div class=\"elementor-element elementor-element-ceee63f elementor-widget elementor-widget-heading\" data-id=\"ceee63f\" data-element_type=\"widget\" data-widget_type=\"heading.default\">\n\t\t\t\t<div class=\"elementor-widget-container\">\n\t\t\t\t\t<h2 class=\"elementor-heading-title elementor-size-default\">Overen\u00e1 bezpe\u010dnos\u0165 a stabilita<\/h2>\t\t\t\t<\/div>\n\t\t\t\t<\/div>\n\t\t\t\t<div class=\"elementor-element elementor-element-d6ae020 elementor-widget elementor-widget-text-editor\" data-id=\"d6ae020\" data-element_type=\"widget\" data-widget_type=\"text-editor.default\">\n\t\t\t\t<div class=\"elementor-widget-container\">\n\t\t\t\t\t\t\t\t\t<p>K\u013e\u00fa\u010dov\u00fdm<strong> krit\u00e9riom najlep\u0161\u00edch probiot\u00edk<\/strong> je ich bezpe\u010dnos\u0165: v\u0161etky bakteri\u00e1lne kmene, ktor\u00e9 obsahuje, musia by\u0165 pre \u010dloveka<strong> absol\u00fatne bezpe\u010dn\u00e9<\/strong> a<strong> bez ved\u013eaj\u0161\u00edch \u00fa\u010dinkov<\/strong>, a to aj pri dlhodobom u\u017e\u00edvan\u00ed. Toto je testovan\u00e9 a zaru\u010den\u00e9 autorizovan\u00fdmi org\u00e1nmi.<\/p>\t\t\t\t\t\t\t\t<\/div>\n\t\t\t\t<\/div>\n\t\t\t\t<div class=\"elementor-element elementor-element-b4eb8f5 elementor-widget elementor-widget-image\" data-id=\"b4eb8f5\" data-element_type=\"widget\" data-widget_type=\"image.default\">\n\t\t\t\t<div class=\"elementor-widget-container\">\n\t\t\t\t\t\t\t\t\t\t\t\t\t\t\t<img fetchpriority=\"high\" decoding=\"async\" width=\"700\" height=\"500\" src=\"https:\/\/www.omni-biotic.com\/sk-sk\/wp-content\/uploads\/sites\/9\/2024\/07\/najlepsie-vysokokvalitne-probiotika-kriteria.jpg\" class=\"attachment-large size-large wp-image-24107\" alt=\"\" srcset=\"https:\/\/www.omni-biotic.com\/sk-sk\/wp-content\/uploads\/sites\/9\/2024\/07\/najlepsie-vysokokvalitne-probiotika-kriteria.jpg 700w, https:\/\/www.omni-biotic.com\/sk-sk\/wp-content\/uploads\/sites\/9\/2024\/07\/najlepsie-vysokokvalitne-probiotika-kriteria-300x214.jpg 300w\" sizes=\"(max-width: 700px) 100vw, 700px\" title=\"\">\t\t\t\t\t\t\t\t\t\t\t\t\t\t\t<\/div>\n\t\t\t\t<\/div>\n\t\t\t\t<div class=\"elementor-element elementor-element-9b3d67f elementor-widget elementor-widget-text-editor\" data-id=\"9b3d67f\" data-element_type=\"widget\" data-widget_type=\"text-editor.default\">\n\t\t\t\t<div class=\"elementor-widget-container\">\n\t\t\t\t\t\t\t\t\t<p>Bezpe\u010dn\u00e9 <strong>probiotick\u00e9 kmene<\/strong> maj\u00fa takzvan\u00fd \u0161tat\u00fat <strong>QPS<\/strong> (Qualified Presumption of Safety) Eur\u00f3pskeho \u00faradu pre bezpe\u010dnos\u0165 potrav\u00edn <strong>(EFSA)<\/strong> alebo \u0161tat\u00fat <strong>GRAS<\/strong> (Generally Recognised As Safe)<strong> \u00daradu pre kontrolu potrav\u00edn a lie\u010div<\/strong> (FDA) alebo porovnate\u013en\u00e9 bezpe\u010dnostn\u00e9 normy. <strong>Najlep\u0161ie <\/strong>a <a href=\"https:\/\/www.omni-biotic.com\/sk-sk\/crevne-zdravie\/centrum-zdravia-crevo\/probiotika\/\"><strong>vysokokvalitn\u00e9 probiotikum<\/strong><\/a> podlieha aj pr\u00edsnym kontrol\u00e1m stability, ktor\u00e9 zaru\u010duj\u00fa, \u017ee <strong>po\u010det \u017eivotaschopn\u00fdch bakt\u00e9ri\u00ed<\/strong> zodpoved\u00e1 \u0161pecifik\u00e1ci\u00e1m nielen v \u010dase plnenia do obalov, ale aj <strong>do konca d\u00e1tumu spotreby<\/strong>.<\/p>\t\t\t\t\t\t\t\t<\/div>\n\t\t\t\t<\/div>\n\t\t\t\t\t<\/div>\n\t\t\t\t<\/div>\n\t\t<div class=\"elementor-element elementor-element-67c5c8a obcs none e-flex e-con-boxed e-con e-parent\" data-id=\"67c5c8a\" data-element_type=\"container\">\n\t\t\t\t\t<div class=\"e-con-inner\">\n\t\t\t\t<div class=\"elementor-element elementor-element-2f7da5c elementor-widget elementor-widget-heading\" data-id=\"2f7da5c\" data-element_type=\"widget\" data-widget_type=\"heading.default\">\n\t\t\t\t<div class=\"elementor-widget-container\">\n\t\t\t\t\t<h2 class=\"elementor-heading-title elementor-size-default\">Ide\u00e1lny po\u010det bakt\u00e9ri\u00ed<\/h2>\t\t\t\t<\/div>\n\t\t\t\t<\/div>\n\t\t\t\t<div class=\"elementor-element elementor-element-5cbd0e2 elementor-widget elementor-widget-text-editor\" data-id=\"5cbd0e2\" data-element_type=\"widget\" data-widget_type=\"text-editor.default\">\n\t\t\t\t<div class=\"elementor-widget-container\">\n\t\t\t\t\t\t\t\t\t<p>Aby sa zabezpe\u010dilo, \u017ee sa na miesto p\u00f4sobenia v tele dostane <strong>dostato\u010dn\u00fd po\u010det \u017eiv\u00fdch<\/strong> a <strong>akt\u00edvnych bakt\u00e9ri\u00ed<\/strong>, probiotikum by malo obsahova\u0165 aspo\u0148 1 miliardu \u017eivotaschopn\u00fdch a rozmno\u017eite\u013en\u00fdch bakt\u00e9ri\u00ed na 1 gram pr\u00e1\u0161ku. Ich po\u010det sa \u010dasto vyjadruje v <strong>jednotk\u00e1ch tvoriacich kol\u00f3nie (CFU)<\/strong>.<\/p><p>Je v\u0161ak d\u00f4le\u017eit\u00e9 si uvedomi\u0165, \u017ee v tejto s\u00favislosti v\u0161eobecne neplat\u00ed roz\u0161\u00edren\u00fd n\u00e1zor, \u017ee &#8222;\u010d\u00edm viac t\u00fdm lep\u0161ie&#8220;. Ani extr\u00e9mne vysok\u00fd po\u010det bakt\u00e9ri\u00ed (CFU) vo v\u00fdrobku nemus\u00ed nevyhnutne znamena\u0165, \u017ee toto je <strong>najlep\u0161ie probiotikum<\/strong> a je aj <strong>naj\u00fa\u010dinnej\u0161ie<\/strong>. Podstatnej\u0161\u00ed je <strong>optim\u00e1lny po\u010det bakt\u00e9ri\u00ed<\/strong> pre konkr\u00e9tnu oblas\u0165 pou\u017eitia, ktor\u00fd sa ide\u00e1lne ur\u010duje v <a href=\"https:\/\/www.omni-biotic.com\/sk-sk\/o-nas\/vyskum-vyvoj\/vedecke-studie\/\"><strong>klinick\u00fdch \u0161t\u00fadi\u00e1ch<\/strong><\/a>.<\/p>\t\t\t\t\t\t\t\t<\/div>\n\t\t\t\t<\/div>\n\t\t\t\t\t<\/div>\n\t\t\t\t<\/div>\n\t\t<div class=\"elementor-element elementor-element-27f0b4c obcs none e-flex e-con-boxed e-con e-parent\" data-id=\"27f0b4c\" data-element_type=\"container\">\n\t\t\t\t\t<div class=\"e-con-inner\">\n\t\t\t\t<div class=\"elementor-element elementor-element-53e5c8d elementor-widget elementor-widget-image\" data-id=\"53e5c8d\" data-element_type=\"widget\" data-widget_type=\"image.default\">\n\t\t\t\t<div class=\"elementor-widget-container\">\n\t\t\t\t\t\t\t\t\t\t\t\t\t\t\t<img decoding=\"async\" width=\"700\" height=\"500\" src=\"https:\/\/www.omni-biotic.com\/sk-sk\/wp-content\/uploads\/sites\/9\/2024\/07\/pocet-bakterialnych-kmenov.gif\" class=\"attachment-large size-large wp-image-24108\" alt=\"\" title=\"\">\t\t\t\t\t\t\t\t\t\t\t\t\t\t\t<\/div>\n\t\t\t\t<\/div>\n\t\t\t\t<div class=\"elementor-element elementor-element-4874047 elementor-widget elementor-widget-heading\" data-id=\"4874047\" data-element_type=\"widget\" data-widget_type=\"heading.default\">\n\t\t\t\t<div class=\"elementor-widget-container\">\n\t\t\t\t\t<h2 class=\"elementor-heading-title elementor-size-default\">\u017divotaschopn\u00e9 \u013eudsk\u00e9 \nbakteri\u00e1lne kmene<\/h2>\t\t\t\t<\/div>\n\t\t\t\t<\/div>\n\t\t\t\t<div class=\"elementor-element elementor-element-03f0f43 elementor-widget elementor-widget-text-editor\" data-id=\"03f0f43\" data-element_type=\"widget\" data-widget_type=\"text-editor.default\">\n\t\t\t\t<div class=\"elementor-widget-container\">\n\t\t\t\t\t\t\t\t\t<p><strong>U\u017e\u00edvanie probiot\u00edk<\/strong> m\u00e1 zmysel len vtedy, ak s\u00fa bakt\u00e9rie, ktor\u00e9 probiotik\u00e1 obsahuj\u00fa, akt\u00edvne a<strong> dostan\u00fa sa na miesto ur\u010denia<\/strong> &#8211; do \u010dreva &#8211; <strong>v dostato\u010dnom mno\u017estve<\/strong>. Na ich ceste tr\u00e1viacim traktom sa musia vyrovna\u0165 so \u017eal\u00fado\u010dn\u00fdmi a <strong>\u017el\u010dov\u00fdmi kyselinami<\/strong> alebo pankreatick\u00fdmi sekr\u00e9tmi. <br \/>Aby tento nieko\u013ekohodinov\u00fd prechod<strong> pre\u017eili \u017eiv\u00e9<\/strong>, je nevyhnutn\u00e9 pou\u017ei\u0165 vhodn\u00e9 bakteri\u00e1lne kmene s preuk\u00e1zanou <strong>odolnos\u0165ou vo\u010di tr\u00e1viacim \u0161\u0165av\u00e1m<\/strong>.<\/p><p>Aby bolo probiotikum \u010do <strong>najlep\u0161ie a naj\u00fa\u010dinnej\u0161ie<\/strong>, je tie\u017e nevyhnutn\u00e9 pou\u017e\u00edva\u0165 tak\u00e9 bakteri\u00e1lne kmene, ktor\u00e9 sa <strong>prirodzene vyskytuj\u00fa v \u013eudskom tele<\/strong> a ktor\u00e9 n\u00e1\u0161 organizmus rozpozn\u00e1va: aby mohli optim\u00e1lne <a href=\"https:\/\/www.omni-biotic.com\/sk-sk\/blog\/mikrobiom-timova-praca-pre-zdravie\/\"><strong>spolupracova\u0165 s ostatn\u00fdmi bakt\u00e9riami v tele<\/strong><\/a>. Niektor\u00e9 bakteri\u00e1lne kult\u00fary a <strong>\u017eivo\u010d\u00ed\u0161ne bakt\u00e9rie<\/strong>, ktor\u00e9 obsahuj\u00fa napr\u00edklad niektor\u00e9 <strong>jogurty<\/strong> <strong>nie s\u00fa mikroorganizmy<\/strong> prirodzene pr\u00edtomn\u00e9 v na\u0161om tele.<\/p>\t\t\t\t\t\t\t\t<\/div>\n\t\t\t\t<\/div>\n\t\t\t\t\t<\/div>\n\t\t\t\t<\/div>\n\t\t<div class=\"elementor-element elementor-element-dfc723b obcs none e-flex e-con-boxed e-con e-parent\" data-id=\"dfc723b\" data-element_type=\"container\">\n\t\t\t\t\t<div class=\"e-con-inner\">\n\t\t\t\t<div class=\"elementor-element elementor-element-f2d7cfb elementor-widget elementor-widget-heading\" data-id=\"f2d7cfb\" data-element_type=\"widget\" data-widget_type=\"heading.default\">\n\t\t\t\t<div class=\"elementor-widget-container\">\n\t\t\t\t\t<h2 class=\"elementor-heading-title elementor-size-default\">Odolnos\u0165 a aktivita<\/h2>\t\t\t\t<\/div>\n\t\t\t\t<\/div>\n\t\t\t\t<div class=\"elementor-element elementor-element-8b7ade2 elementor-widget elementor-widget-text-editor\" data-id=\"8b7ade2\" data-element_type=\"widget\" data-widget_type=\"text-editor.default\">\n\t\t\t\t<div class=\"elementor-widget-container\">\n\t\t\t\t\t\t\t\t\t<p>Ak probiotik\u00e1m prostredie neposkytuje optim\u00e1lne <strong>\u017eivotn\u00e9 podmienky<\/strong>, bakt\u00e9rie spravidla hyn\u00fa u\u017e po nieko\u013ek\u00fdch d\u0148och. Aby sa zachovali na pou\u017eitie ako probiotik\u00e1 na nieko\u013eko rokov, <strong>su\u0161en\u00edm mrazom<\/strong> sa uved\u00fa do akejsi <strong>&#8222;hibern\u00e1cie&#8220;<\/strong>. Pridan\u00edm tekutiny (rehydrat\u00e1ciou) sa op\u00e4\u0165 prebudia a <strong>stan\u00fa sa<\/strong> <strong>akt\u00edvnymi<\/strong>.<\/p>\t\t\t\t\t\t\t\t<\/div>\n\t\t\t\t<\/div>\n\t\t\t\t<div class=\"elementor-element elementor-element-af49e9c elementor-widget elementor-widget-text-editor\" data-id=\"af49e9c\" data-element_type=\"widget\" data-widget_type=\"text-editor.default\">\n\t\t\t\t<div class=\"elementor-widget-container\">\n\t\t\t\t\t\t\t\t\t<p><strong>Najlep\u0161ie probiotik\u00e1<\/strong> by mali by\u0165<strong> balen\u00e9 v \u0161peci\u00e1lnych obaloch<\/strong>, ako s\u00fa uzavret\u00e9 vrec\u00fa\u0161ka alebo vzduchotesn\u00e9 sklenen\u00e9 n\u00e1doby, ktor\u00e9 chr\u00e1nia bakt\u00e9rie <strong>pred vplyvmi prostredia<\/strong>, ako je vlhkos\u0165 alebo pr\u00edli\u0161 vysok\u00e9 teploty, a t\u00fdm <strong>zabra\u0148uj\u00fa<\/strong> aktiv\u00e1cii alebo <strong>odumieraniu bakt\u00e9ri\u00ed<\/strong> po\u010das skladovania.<\/p><p><strong>Probiotik\u00e1<\/strong> sa zvy\u010dajne pon\u00fakaj\u00fa vo forme <strong>pr\u00e1\u0161ku<\/strong>, <strong>kvapiek<\/strong> alebo <strong>kaps\u00fal<\/strong>. \u0160t\u00fadie dokazuj\u00fa, \u017ee <strong>najlep\u0161ie vysokokvalitn\u00e9 probiotik\u00e1<\/strong> s\u00fa tie vo forme pr\u00e1\u0161ku, ktor\u00e9ho v\u00fdhodou je, \u017ee sa pred po\u017eit\u00edm rozpust\u00ed vo vode (alebo inej neutr\u00e1lnej tekutine). Takto sa <strong>lyofilizovan\u00e9 bakt\u00e9rie<\/strong> revitalizuj\u00fa v \u0161etrnom prostred\u00ed a s\u00fa akt\u00edvne a siln\u00e9 e\u0161te predt\u00fdm, ako sa dostan\u00fa do drsn\u00e9ho prostredia tr\u00e1viaceho traktu. Je to <strong>k\u013e\u00fa\u010dov\u00fd faktor pre ich pre\u017eitie <\/strong>a teda aj <strong>ich \u00fa\u010dinnos\u0165<\/strong>.<\/p><p>Po\u010das <strong>rehydrat\u00e1cie<\/strong> mimo tela m\u00f4\u017eu bakt\u00e9rie konzumova\u0165 aj svoju prv\u00fa potravu a z\u00edska\u0165 tak <strong>\u010fal\u0161iu silu<\/strong>. Preto m\u00e1 mimoriadny zmysel ak je k tomu <strong>probiotick\u00e9mu pr\u00e1\u0161ku<\/strong> pridan\u00fd aj &#8222;potravinov\u00fd bal\u00ed\u010dek&#8220; <a href=\"https:\/\/www.omni-biotic.com\/sk-sk\/blog\/vlaknina\/\"><strong>vl\u00e1kniny<\/strong><\/a>, <strong>enz\u00fdmov<\/strong> a <strong>miner\u00e1lov<\/strong>, ktor\u00fd bol individu\u00e1lne zostaven\u00fd pre bakt\u00e9rie, ktor\u00e9 dan\u00e9 probiotik\u00e1 obsahuj\u00fa. To nielen\u017ee zvy\u0161uje<strong> \u0161ance bakt\u00e9ri\u00ed na pre\u017eitie<\/strong> na ceste k cie\u013eu, ale zvy\u0161uje aj ich aktivitu a<strong> schopnos\u0165 mno\u017eenia v \u010dreve<\/strong>.<\/p>\t\t\t\t\t\t\t\t<\/div>\n\t\t\t\t<\/div>\n\t\t\t\t<div class=\"elementor-element elementor-element-b4221bb elementor-widget elementor-widget-heading\" data-id=\"b4221bb\" data-element_type=\"widget\" data-widget_type=\"heading.default\">\n\t\t\t\t<div class=\"elementor-widget-container\">\n\t\t\t\t\t<h2 class=\"elementor-heading-title elementor-size-default\">Probiotik\u00e1 v kapsul\u00e1ch alebo vo forme pr\u00e1\u0161ku?<\/h2>\t\t\t\t<\/div>\n\t\t\t\t<\/div>\n\t\t\t\t<div class=\"elementor-element elementor-element-5369929 elementor-widget elementor-widget-text-editor\" data-id=\"5369929\" data-element_type=\"widget\" data-widget_type=\"text-editor.default\">\n\t\t\t\t<div class=\"elementor-widget-container\">\n\t\t\t\t\t\t\t\t\t<p><strong>Vedeck\u00e9 \u0161t\u00fadie<\/strong> jasne <strong>dokazuj\u00fa<\/strong>, \u017ee bakt\u00e9rie vo forme <strong>pr\u00e1\u0161ku<\/strong> pre\u017eij\u00fa cestu tr\u00e1viacim traktom takmer <strong>bez ujmy<\/strong>. Ak sa tie ist\u00e9 bakt\u00e9rie v rovnakom mno\u017estve prijm\u00fa<strong> vo forme kaps\u00fal<\/strong>, na konci cesty tr\u00e1viacim traktom sa v hrubom \u010dreve <strong>nach\u00e1dza len jedna stotina (1 %)<\/strong> p\u00f4vodn\u00e9ho mno\u017estva t\u00fdchto bakt\u00e9ri\u00ed.<\/p>\t\t\t\t\t\t\t\t<\/div>\n\t\t\t\t<\/div>\n\t\t\t\t\t<\/div>\n\t\t\t\t<\/div>\n\t\t<div class=\"elementor-element elementor-element-e638a06 obcs none e-flex e-con-boxed e-con e-parent\" data-id=\"e638a06\" data-element_type=\"container\">\n\t\t\t\t\t<div class=\"e-con-inner\">\n\t\t\t\t<div class=\"elementor-element elementor-element-2eff2c9 elementor-widget elementor-widget-image\" data-id=\"2eff2c9\" data-element_type=\"widget\" data-widget_type=\"image.default\">\n\t\t\t\t<div class=\"elementor-widget-container\">\n\t\t\t\t\t\t\t\t\t\t\t\t\t\t\t<img decoding=\"async\" width=\"700\" height=\"500\" src=\"https:\/\/www.omni-biotic.com\/sk-sk\/wp-content\/uploads\/sites\/9\/2024\/07\/crevne-bakterie-pod-lupou.gif\" class=\"attachment-large size-large wp-image-24115\" alt=\"\" title=\"\">\t\t\t\t\t\t\t\t\t\t\t\t\t\t\t<\/div>\n\t\t\t\t<\/div>\n\t\t\t\t<div class=\"elementor-element elementor-element-7d890d6 elementor-widget elementor-widget-heading\" data-id=\"7d890d6\" data-element_type=\"widget\" data-widget_type=\"heading.default\">\n\t\t\t\t<div class=\"elementor-widget-container\">\n\t\t\t\t\t<h2 class=\"elementor-heading-title elementor-size-default\">Vedecky overen\u00e1 kombin\u00e1cia bakt\u00e9ri\u00ed<\/h2>\t\t\t\t<\/div>\n\t\t\t\t<\/div>\n\t\t\t\t<div class=\"elementor-element elementor-element-303da0c elementor-widget elementor-widget-text-editor\" data-id=\"303da0c\" data-element_type=\"widget\" data-widget_type=\"text-editor.default\">\n\t\t\t\t<div class=\"elementor-widget-container\">\n\t\t\t\t\t\t\t\t\t<p><a href=\"https:\/\/www.omni-biotic.com\/sk-sk\/blog\/crevne-bakterie-funguju-lepsie-ako-tim\/\"><strong>&#8220; T\u00edm je silnej\u0161\u00ed&#8220;<\/strong><\/a> je mottom mnoh\u00fdch <strong>bakteri\u00e1lnych kme\u0148ov<\/strong>, preto\u017ee v\u00e4\u010d\u0161ina z nich je osved\u010den\u00fdmi t\u00edmov\u00fdmi hr\u00e1\u010dmi. <strong><a href=\"https:\/\/www.omni-biotic.com\/sk-sk\/o-nas\/vyskum-vyvoj\/\">Vedeck\u00e9 zistenia<\/a><\/strong> dokazuj\u00fa, \u017ee <strong>cielen\u00e1 kombin\u00e1cia<\/strong> viacer\u00fdch bakteri\u00e1lnych kme\u0148ov, tzv. viacdruhov\u00e9 zlo\u017eenie, je v r\u00f4znych aplik\u00e1ci\u00e1ch lep\u0161ia ako u\u017e\u00edvanie jedn\u00e9ho kme\u0148a. <strong>Potenci\u00e1l<\/strong> jednotliv\u00fdch kme\u0148ov mo\u017eno \u010falej <strong>zv\u00fd\u0161i\u0165 kombin\u00e1ciou vhodn\u00fdch bakteri\u00e1lnych kme\u0148ov<\/strong>.<\/p><p>Podobne ako u \u013eud\u00ed tu v\u0161ak plat\u00ed, \u017ee <strong>nie v\u0161etky bakteri\u00e1lne kmene spolu &#8222;dobre vych\u00e1dzaj\u00fa&#8220;<\/strong>. Zistenie, ktor\u00e9 bakteri\u00e1lne kmene spolu dobre funguj\u00fa a navz\u00e1jom sa posil\u0148uj\u00fa, je preto<strong> k\u013e\u00fa\u010dov\u00fdm krokom<\/strong> pri <strong>v\u00fdvoji probiot\u00edk<\/strong>. Preto s\u00fa tie najlep\u0161ie probiotik\u00e1 vyv\u00edjan\u00e9 pou\u017eit\u00edm takzvanej met\u00f3dy<strong> &#8222;cross streak&#8220;<\/strong>, aby sa dok\u00e1zalo, ktor\u00e9 <strong>bakt\u00e9rie sa navz\u00e1jom optim\u00e1lne podporuj\u00fa<\/strong> pri rozv\u00edjan\u00ed svojho pln\u00e9ho potenci\u00e1lu.<\/p><p>Okrem toho by sa<strong> \u00fa\u010dinnos\u0165 <\/strong>vysokokvalitn\u00fdch, <a href=\"https:\/\/www.omni-biotic.com\/sk-sk\/o-nas\/co-je-to-omni-biotic\/\"><strong>medic\u00ednsky relevantn\u00fdch probiot\u00edk<\/strong> <\/a>mala preuk\u00e1za\u0165 <strong>vedeck\u00fdmi \u0161t\u00fadiami<\/strong> na \u013eu\u010foch. To dokazuje, \u017ee komplexn\u00e1 <strong>kombin\u00e1cia <\/strong>spr\u00e1vnych <strong>bakt\u00e9ri\u00ed<\/strong> v pr\u00edslu\u0161nej oblasti pou\u017eitia prin\u00e1\u0161a n\u00e1m \u013eu\u010fom <strong>najv\u00e4\u010d\u0161\u00ed mo\u017en\u00fd \u00fa\u017eitok<\/strong>.<\/p>\t\t\t\t\t\t\t\t<\/div>\n\t\t\t\t<\/div>\n\t\t\t\t\t<\/div>\n\t\t\t\t<\/div>\n\t\t\t\t<\/div>\n\t\t","protected":false},"excerpt":{"rendered":"<p>Ako si spr\u00e1vne vybra\u0165 najlep\u0161ie probiotik\u00e1? Nie v\u0161etky probiotik\u00e1 s\u00fa rovnak\u00e9 &#8211; kvalita produktu v ka\u017edej jednotlivej f\u00e1ze v\u00fdvoja m\u00e1 z\u00e1sadn\u00fd v\u00fdznam pre \u00fa\u010dinnos\u0165 a zn\u00e1\u0161anlivos\u0165. Ako z mno\u017estva pon\u00fakan\u00fdch produktov na trhu rozpozna\u0165 kvalitn\u00e9, \u00fa\u010dinn\u00e9 a medic\u00ednsky relevantn\u00e9 probiotik\u00e1 sa dozviete tu.<\/p>\n","protected":false},"author":17,"featured_media":24085,"comment_status":"closed","ping_status":"closed","sticky":false,"template":"","format":"standard","meta":{"_acf_changed":false,"inline_featured_image":false,"footnotes":""},"categories":[47],"tags":[],"class_list":["post-24083","post","type-post","status-publish","format-standard","has-post-thumbnail","hentry","category-institut-allergosan"],"acf":[],"rank_math":{"og:title":"Pod\u013ea \u010doho sa poznaj\u00fa najlep\u0161ie probiotik\u00e1? - OMNi-BiOTiC\u00ae","og:desc":"Ako si vybra\u0165 najlep\u0161ie probiotik\u00e1? Ktor\u00e9 s\u00fa najlep\u0161ie probiotik\u00e1 na \u010drev\u00e1? Zistite, ktor\u00e9 probiotik\u00e1 s\u00fa najlep\u0161ie a \u00fa\u010dinn\u00e9. OMNi-BiOTiC\u00ae","og:url":"https:\/\/www.omni-biotic.com\/sk-sk\/blog\/podla-coho-sa-poznaju-najlepsie-probiotika\/","og:locale":"sk_SK","og:image":"https:\/\/www.omni-biotic.com\/sk-sk\/wp-content\/uploads\/sites\/9\/2024\/07\/najlepsie-probiotika.jpg","og:image:width":"700","og:image:height":"500"},"additional_data":{"thumbnail":"https:\/\/www.omni-biotic.com\/sk-sk\/wp-content\/uploads\/sites\/9\/2024\/07\/najlepsie-probiotika.jpg"},"blog_info":{"country":"sk-sk"},"_links":{"self":[{"href":"https:\/\/www.omni-biotic.com\/sk-sk\/wp-json\/wp\/v2\/posts\/24083","targetHints":{"allow":["GET"]}}],"collection":[{"href":"https:\/\/www.omni-biotic.com\/sk-sk\/wp-json\/wp\/v2\/posts"}],"about":[{"href":"https:\/\/www.omni-biotic.com\/sk-sk\/wp-json\/wp\/v2\/types\/post"}],"author":[{"embeddable":true,"href":"https:\/\/www.omni-biotic.com\/sk-sk\/wp-json\/wp\/v2\/users\/17"}],"replies":[{"embeddable":true,"href":"https:\/\/www.omni-biotic.com\/sk-sk\/wp-json\/wp\/v2\/comments?post=24083"}],"version-history":[{"count":7,"href":"https:\/\/www.omni-biotic.com\/sk-sk\/wp-json\/wp\/v2\/posts\/24083\/revisions"}],"predecessor-version":[{"id":24142,"href":"https:\/\/www.omni-biotic.com\/sk-sk\/wp-json\/wp\/v2\/posts\/24083\/revisions\/24142"}],"wp:featuredmedia":[{"embeddable":true,"href":"https:\/\/www.omni-biotic.com\/sk-sk\/wp-json\/wp\/v2\/media\/24085"}],"wp:attachment":[{"href":"https:\/\/www.omni-biotic.com\/sk-sk\/wp-json\/wp\/v2\/media?parent=24083"}],"wp:term":[{"taxonomy":"category","embeddable":true,"href":"https:\/\/www.omni-biotic.com\/sk-sk\/wp-json\/wp\/v2\/categories?post=24083"},{"taxonomy":"post_tag","embeddable":true,"href":"https:\/\/www.omni-biotic.com\/sk-sk\/wp-json\/wp\/v2\/tags?post=24083"}],"curies":[{"name":"wp","href":"https:\/\/api.w.org\/{rel}","templated":true}]}}