{"id":26117,"date":"2026-04-21T14:00:15Z","date_gmt":"2026-04-21T12:00:15Z","guid":{"rendered":"https:\/\/www.omni-biotic.com\/sk-sk\/?p=26117"},"modified":"2026-04-21T15:50:34Z","modified_gmt":"2026-04-21T13:50:34Z","slug":"rezistencia-na-antibiotika-problem-ktory-ohrozuje-verejne-zdravie","status":"publish","type":"post","link":"https:\/\/www.omni-biotic.com\/sk-sk\/blog\/rezistencia-na-antibiotika-problem-ktory-ohrozuje-verejne-zdravie\/","title":{"rendered":"Rezistencia na antibiotik\u00e1: probl\u00e9m, ktor\u00fd ohrozuje verejn\u00e9 zdravie"},"content":{"rendered":"\t\t<div data-elementor-type=\"wp-post\" data-elementor-id=\"26117\" class=\"elementor elementor-26117\" data-elementor-post-type=\"post\">\n\t\t\t\t<div class=\"elementor-element elementor-element-3dadf13 obcs none e-flex e-con-boxed e-con e-parent\" data-id=\"3dadf13\" data-element_type=\"container\">\n\t\t\t\t\t<div class=\"e-con-inner\">\n\t\t\t\t<div class=\"elementor-element elementor-element-9a29d38 elementor-widget elementor-widget-heading\" data-id=\"9a29d38\" data-element_type=\"widget\" data-widget_type=\"heading.default\">\n\t\t\t\t<div class=\"elementor-widget-container\">\n\t\t\t\t\t<h1 class=\"elementor-heading-title elementor-size-default\">\u010co je to rezistencia na antibiotik\u00e1 a pre\u010do ohrozuje verejn\u00e9 zdravie?<\/h1>\t\t\t\t<\/div>\n\t\t\t\t<\/div>\n\t\t\t\t<div class=\"elementor-element elementor-element-64b752f elementor-widget elementor-widget-image\" data-id=\"64b752f\" data-element_type=\"widget\" data-widget_type=\"image.default\">\n\t\t\t\t<div class=\"elementor-widget-container\">\n\t\t\t\t\t\t\t\t\t\t\t\t\t\t\t<img fetchpriority=\"high\" decoding=\"async\" width=\"800\" height=\"568\" src=\"https:\/\/www.omni-biotic.com\/sk-sk\/wp-content\/uploads\/sites\/9\/2025\/02\/co-sa-stane-ked-nedoberiem-antibiotika-1024x727.png\" class=\"attachment-large size-large wp-image-26197\" alt=\"\" srcset=\"https:\/\/www.omni-biotic.com\/sk-sk\/wp-content\/uploads\/sites\/9\/2025\/02\/co-sa-stane-ked-nedoberiem-antibiotika-1024x727.png 1024w, https:\/\/www.omni-biotic.com\/sk-sk\/wp-content\/uploads\/sites\/9\/2025\/02\/co-sa-stane-ked-nedoberiem-antibiotika-300x213.png 300w, https:\/\/www.omni-biotic.com\/sk-sk\/wp-content\/uploads\/sites\/9\/2025\/02\/co-sa-stane-ked-nedoberiem-antibiotika-768x546.png 768w, https:\/\/www.omni-biotic.com\/sk-sk\/wp-content\/uploads\/sites\/9\/2025\/02\/co-sa-stane-ked-nedoberiem-antibiotika.png 1067w\" sizes=\"(max-width: 800px) 100vw, 800px\" title=\"\">\t\t\t\t\t\t\t\t\t\t\t\t\t\t\t<\/div>\n\t\t\t\t<\/div>\n\t\t\t\t<div class=\"elementor-element elementor-element-567e795 elementor-widget elementor-widget-text-editor\" data-id=\"567e795\" data-element_type=\"widget\" data-widget_type=\"text-editor.default\">\n\t\t\t\t<div class=\"elementor-widget-container\">\n\t\t\t\t\t\t\t\t\t<p data-pm-slice=\"1 1 []\"><strong>Rezistencia na antibiotik\u00e1<\/strong> znamen\u00e1, \u017ee <strong>bakt\u00e9rie<\/strong> sa stan\u00fa <strong>odoln\u00fdmi vo\u010di liekom<\/strong>, ktor\u00e9 ich mali <strong>zni\u010di\u0165<\/strong>. In\u00fdmi slovami, <strong>antibiotik\u00e1<\/strong>, ktor\u00e9 kedysi spo\u013eahlivo fungovali, <strong>prest\u00e1vaj\u00fa zabera\u0165<\/strong>. To je v\u00e1\u017eny probl\u00e9m, preto\u017ee infekcie, ktor\u00e9 sa kedysi lie\u010dili jednoducho, sa m\u00f4\u017eu sta\u0165 <strong>\u0165a\u017eko lie\u010dite\u013en\u00fdmi<\/strong> alebo dokonca smrte\u013en\u00fdmi.\u00a0<\/p><p data-pm-slice=\"1 1 []\">Rezistencia na antibiotik\u00e1 predstavuje jednu z <strong>najv\u00e1\u017enej\u0161\u00edch hrozieb pre verejn\u00e9 zdravie<\/strong> na celom svete. Ke\u010f bakt\u00e9rie z\u00edskaj\u00fa schopnos\u0165<strong> pre\u017ei\u0165 \u00fa\u010dinky antibiot\u00edk<\/strong>, ktor\u00e9 ich predt\u00fdm dok\u00e1zali zni\u010di\u0165, vedie to k infekci\u00e1m, ktor\u00e9 s\u00fa \u0165a\u017e\u0161ie lie\u010dite\u013en\u00e9 a m\u00f4\u017eu ma\u0165 v\u00e1\u017ene, a\u017e <strong>smrte\u013en\u00e9 n\u00e1sledky<\/strong>.<\/p>\t\t\t\t\t\t\t\t<\/div>\n\t\t\t\t<\/div>\n\t\t\t\t<div class=\"elementor-element elementor-element-30bbf28 elementor-widget elementor-widget-heading\" data-id=\"30bbf28\" data-element_type=\"widget\" data-widget_type=\"heading.default\">\n\t\t\t\t<div class=\"elementor-widget-container\">\n\t\t\t\t\t<h3 class=\"elementor-heading-title elementor-size-default\">Pre\u010do by n\u00e1s to malo zauj\u00edma\u0165?<\/h3>\t\t\t\t<\/div>\n\t\t\t\t<\/div>\n\t\t\t\t<div class=\"elementor-element elementor-element-2d0f3ef elementor-widget elementor-widget-text-editor\" data-id=\"2d0f3ef\" data-element_type=\"widget\" data-widget_type=\"text-editor.default\">\n\t\t\t\t<div class=\"elementor-widget-container\">\n\t\t\t\t\t\t\t\t\t<p data-start=\"434\" data-end=\"643\"><strong data-start=\"434\" data-end=\"472\">Be\u017en\u00e9 choroby m\u00f4\u017eu by\u0165 nebezpe\u010dn\u00e9:<\/strong><br data-start=\"472\" data-end=\"475\" \/>Infekcie ako z\u00e1pal mo\u010dov\u00fdch ciest, ang\u00edna alebo z\u00e1pal p\u013e\u00fac, ktor\u00e9 sa be\u017ene lie\u010dia antibiotikami, sa m\u00f4\u017eu sta\u0165 \u017eivot ohrozuj\u00facimi, ak antibiotik\u00e1 prestan\u00fa fungova\u0165.<\/p><p data-start=\"648\" data-end=\"904\"><strong data-start=\"648\" data-end=\"701\">Zlo\u017eitej\u0161ie oper\u00e1cie a lie\u010dby bud\u00fa riskantnej\u0161ie:<\/strong><br data-start=\"701\" data-end=\"704\" \/>Predstavte si, \u017ee potrebujete oper\u00e1ciu alebo chemoterapiu. Tieto z\u00e1kroky si \u010dasto vy\u017eaduj\u00fa antibiotik\u00e1 na prevenciu infekci\u00ed. Ak antibiotik\u00e1 nebud\u00fa \u00fa\u010dinn\u00e9, tieto lie\u010dby bud\u00fa ove\u013ea nebezpe\u010dnej\u0161ie.<\/p><p data-start=\"909\" data-end=\"1113\"><strong data-start=\"909\" data-end=\"943\">Infekcie sa bud\u00fa \u0161\u00edri\u0165 \u013eah\u0161ie:<\/strong><br data-start=\"943\" data-end=\"946\" \/>Ke\u010f bakt\u00e9rie odoln\u00e9 vo\u010di antibiotik\u00e1m pre\u017eij\u00fa, m\u00f4\u017eu sa \u013eahko \u0161\u00edri\u0165 medzi \u013eu\u010fmi, \u010do znamen\u00e1, \u017ee aj jednoduch\u00e9 prechladnutie alebo \u0161krabanec m\u00f4\u017ee vies\u0165 k v\u00e1\u017enej infekcii.<\/p><p data-start=\"1118\" data-end=\"1295\"><strong data-start=\"1118\" data-end=\"1160\">Lie\u010dba sa stane drah\u0161ou a zd\u013ahavej\u0161ou:<\/strong><br data-start=\"1160\" data-end=\"1163\" \/>Ak be\u017en\u00e9 antibiotik\u00e1 nebud\u00fa \u00fa\u010dinn\u00e9, bude potrebn\u00e9 pou\u017e\u00edva\u0165 drah\u0161ie a silnej\u0161ie lieky, ktor\u00e9 maj\u00fa \u010dasto viac ved\u013eaj\u0161\u00edch \u00fa\u010dinkov.<\/p>\t\t\t\t\t\t\t\t<\/div>\n\t\t\t\t<\/div>\n\t\t\t\t<div class=\"elementor-element elementor-element-7c6e154 elementor-widget elementor-widget-heading\" data-id=\"7c6e154\" data-element_type=\"widget\" data-widget_type=\"heading.default\">\n\t\t\t\t<div class=\"elementor-widget-container\">\n\t\t\t\t\t<h2 class=\"elementor-heading-title elementor-size-default\">Ako m\u00f4\u017eeme zmierni\u0165 tieto rizik\u00e1?<\/h2>\t\t\t\t<\/div>\n\t\t\t\t<\/div>\n\t\t\t\t<div class=\"elementor-element elementor-element-38c1b2b elementor-widget elementor-widget-text-editor\" data-id=\"38c1b2b\" data-element_type=\"widget\" data-widget_type=\"text-editor.default\">\n\t\t\t\t<div class=\"elementor-widget-container\">\n\t\t\t\t\t\t\t\t\t<h5 data-start=\"1947\" data-end=\"1992\"><strong data-start=\"1951\" data-end=\"1990\">Najd\u00f4le\u017eitej\u0161ie pravidl\u00e1:<\/strong><\/h5><ul><li style=\"list-style-type: none\"><ul data-start=\"1994\" data-end=\"2522\"><li data-start=\"1994\" data-end=\"2155\"><strong data-start=\"1996\" data-end=\"2046\">U\u017e\u00edvajte antibiotik\u00e1 pod\u013ea pokynov lek\u00e1ra.<\/strong> Ak v\u00e1m lek\u00e1r predp\u00ed\u0161e antibiotik\u00e1, u\u017e\u00edvajte ich presne pod\u013ea in\u0161trukci\u00ed a nikdy lie\u010dbu neukon\u010dujte pred\u010dasne.<\/li><li data-start=\"2156\" data-end=\"2276\"><strong data-start=\"2158\" data-end=\"2207\">Ne\u017eiadajte antibiotik\u00e1 na v\u00edrusov\u00e9 ochorenia,<\/strong> ako s\u00fa chr\u00edpka alebo prechladnutie \u2013 antibiotik\u00e1 na ne nezaberaj\u00fa.<\/li><li data-start=\"2156\" data-end=\"2276\"><b>Neberte antibiotik\u00e1 prevent\u00edvne!<\/b><\/li><li data-start=\"2156\" data-end=\"2276\"><b>U\u017e\u00edvajte antibiotik\u00e1, iba ak je to potrebn\u00e9 <\/b>a ak je potvrden\u00e1 bakteri\u00e1lna infekcia.<\/li><li data-start=\"2277\" data-end=\"2397\"><strong data-start=\"2279\" data-end=\"2318\">Podporujte svoje zdravie prevenciou<\/strong> \u2013 um\u00fdvajte si ruky a starajte sa o svoj zdrav\u00fd \u017eivotn\u00fd \u0161t\u00fdl.<\/li><li data-start=\"2398\" data-end=\"2522\"><strong data-start=\"2400\" data-end=\"2445\">Pri antibiotik\u00e1ch u\u017e\u00edvajte aj probiotik\u00e1,<\/strong> ktor\u00e9 pom\u00f4\u017eu chr\u00e1ni\u0165 \u010drevn\u00fa mikrobiotu a zn\u00ed\u017eia riziko ved\u013eaj\u0161\u00edch \u00fa\u010dinkov.<\/li><\/ul><\/li><\/ul>\t\t\t\t\t\t\t\t<\/div>\n\t\t\t\t<\/div>\n\t\t\t\t<div class=\"elementor-element elementor-element-076d90d elementor-widget elementor-widget-heading\" data-id=\"076d90d\" data-element_type=\"widget\" data-widget_type=\"heading.default\">\n\t\t\t\t<div class=\"elementor-widget-container\">\n\t\t\t\t\t<h3 class=\"elementor-heading-title elementor-size-default\">Pre\u010do je d\u00f4le\u017eit\u00e9 neukon\u010di\u0165 lie\u010dbu antibiotikami pred\u010dasne?<\/h3>\t\t\t\t<\/div>\n\t\t\t\t<\/div>\n\t\t\t\t<div class=\"elementor-element elementor-element-e177504 elementor-widget elementor-widget-text-editor\" data-id=\"e177504\" data-element_type=\"widget\" data-widget_type=\"text-editor.default\">\n\t\t\t\t<div class=\"elementor-widget-container\">\n\t\t\t\t\t\t\t\t\t<p data-pm-slice=\"1 1 []\">Mnoh\u00ed pacienti robia chybu, ke\u010f lie\u010dbu antibiotikami ukon\u010dia pred\u010dasne, preto\u017ee sa im po kr\u00e1tkom \u010dase u\u013eav\u00ed. <strong>Je d\u00f4le\u017eit\u00e9, aby ste lie\u010dbu neukon\u010dili pred\u010dasne, aj ke\u010f sa u\u017e za\u010dnete c\u00edti\u0165 lep\u0161ie.<\/strong> Ak to urob\u00edte, riskujete, \u017ee <b>rezistentn\u00e9 bakt\u00e9rie <\/b>pre\u017eij\u00fa, rozmno\u017eia sa a stan\u00fa sa odoln\u00e9 vo\u010di antibiotik\u00e1m. To vedie k potrebe st\u00e1le silnej\u0161\u00edch a potenci\u00e1lne <b>toxickej\u0161\u00edch liekov<\/b>.<\/p><h4>\u010co sa stane, ke\u010f nedoberiem antibiotik\u00e1?\u200b<\/h4><p data-pm-slice=\"1 3 []\">Ak <b>nedoberiete antibiotik\u00e1<\/b>, m\u00f4\u017eete:<\/p><ul data-spread=\"false\"><li><p>Sp\u00f4sobi\u0165, \u017ee <b>infekcia sa vr\u00e1ti<\/b> a bude \u0165a\u017e\u0161ie lie\u010dite\u013en\u00e1.<\/p><\/li><li><p>Prispie\u0165 k<b> \u0161\u00edreniu rezistentn\u00fdch bakt\u00e9ri\u00ed<\/b>.<\/p><\/li><li><p>Zv\u00fd\u0161i\u0165 <b>riziko komplik\u00e1ci\u00ed<\/b>, ktor\u00e9 m\u00f4\u017eu ohrozi\u0165 \u017eivot.<\/p><\/li><\/ul><h4>Kedy zaber\u00fa antibiotik\u00e1?\u200b<\/h4><p><strong>Kedy zaber\u00fa antibiotik\u00e1?<\/strong> \u00da\u010dinok antibiot\u00edk z\u00e1vis\u00ed od typu infekcie a zvolen\u00e9ho lieku. Zvy\u010dajne za\u010dn\u00fa \u00fa\u010dinkova\u0165 do 48\u201372 hod\u00edn. Ak sa stav nezlep\u0161uje, je nutn\u00e9 kontaktova\u0165 lek\u00e1ra.<\/p>\t\t\t\t\t\t\t\t<\/div>\n\t\t\t\t<\/div>\n\t\t\t\t<div class=\"elementor-element elementor-element-0ec9f90 elementor-widget elementor-widget-heading\" data-id=\"0ec9f90\" data-element_type=\"widget\" data-widget_type=\"heading.default\">\n\t\t\t\t<div class=\"elementor-widget-container\">\n\t\t\t\t\t<h3 class=\"elementor-heading-title elementor-size-default\">\u010co s\u00fa to \u0161irokospektr\u00e1lne antibiotik\u00e1?<\/h3>\t\t\t\t<\/div>\n\t\t\t\t<\/div>\n\t\t\t\t<div class=\"elementor-element elementor-element-e325496 elementor-widget elementor-widget-text-editor\" data-id=\"e325496\" data-element_type=\"widget\" data-widget_type=\"text-editor.default\">\n\t\t\t\t<div class=\"elementor-widget-container\">\n\t\t\t\t\t\t\t\t\t<p data-pm-slice=\"1 1 []\"><strong>\u0160irokospektr\u00e1lne antibiotik\u00e1<\/strong> s\u00fa typom antibiot\u00edk, ktor\u00e9 <strong>\u00fa\u010dinkuj\u00fa proti \u0161irok\u00e9mu spektru bakt\u00e9ri\u00ed<\/strong> \u2013 vr\u00e1tane gram-pozit\u00edvnych aj gram-negat\u00edvnych. Ich v\u00fdhodou je <strong>schopnos\u0165 r\u00fdchlo zasiahnu<\/strong>\u0165 v pr\u00edpadoch, ke\u010f p\u00f4vodca infekcie nie je presne zn\u00e1my. Pou\u017e\u00edvaj\u00fa sa \u010dasto pri <strong>v\u00e1\u017enych<\/strong> alebo \u017eivot ohrozuj\u00facich infekci\u00e1ch, kde je <strong>nutn\u00e9 okam\u017eit\u00e9 konanie<\/strong>.<\/p><p>Nadmern\u00e9 a nespr\u00e1vne pou\u017e\u00edvanie <strong>\u0161irokospektr\u00e1lnych antibiot\u00edk<\/strong> je v\u0161ak spojen\u00e9 s vy\u0161\u0161\u00edm rizikom<strong> vzniku rezistencie<\/strong>, preto\u017ee tieto lieky m\u00f4\u017eu naru\u0161i\u0165 rovnov\u00e1hu \u010drevnej mikrobioty a <strong>podpori\u0165 rast odoln\u00fdch bakt\u00e9ri\u00ed<\/strong>. Pou\u017eitie t\u00fdchto antibiot\u00edk by malo by\u0165 v\u017edy od\u00f4vodnen\u00e9 a <strong>kontrolovan\u00e9 odborn\u00edkom<\/strong>. Lek\u00e1ri by mali, ak je to mo\u017en\u00e9, prejs\u0165 na \u00fazko zameran\u00e9 antibiotik\u00e1 po <strong>identifik\u00e1cii konkr\u00e9tneho patog\u00e9nu<\/strong>, \u010d\u00edm sa <strong>minimalizuje riziko vzniku rezistencie<\/strong> a ved\u013eaj\u0161\u00edch \u00fa\u010dinkov.<\/p>\t\t\t\t\t\t\t\t<\/div>\n\t\t\t\t<\/div>\n\t\t\t\t\t<\/div>\n\t\t\t\t<\/div>\n\t\t<div class=\"elementor-element elementor-element-bf54f02 obcs none e-flex e-con-boxed e-con e-parent\" data-id=\"bf54f02\" data-element_type=\"container\">\n\t\t\t\t\t<div class=\"e-con-inner\">\n\t\t\t\t<div class=\"elementor-element elementor-element-c6ba4fb elementor-widget elementor-widget-infobox\" data-id=\"c6ba4fb\" data-element_type=\"widget\" data-widget_type=\"infobox.default\">\n\t\t\t\t<div class=\"elementor-widget-container\">\n\t\t\t\t\t\n<div class=\"li-widgets--infobox yellow highlights-always-magenta\">\n\n    <div class=\"li-widgets--infobox__icon\">\n        <i aria-hidden=\"true\" class=\"fas fa-tablets\"><\/i>    <\/div>\n    <div class=\"li-widgets--infobox__text\">\n            <\/div>\n    <div class=\"li-widgets--infobox__text-body\">\n        <div class=\"elementor-element elementor-element-0530a6c elementor-widget elementor-widget-theme-post-title elementor-page-title elementor-widget-heading\" data-id=\"0530a6c\" data-element_type=\"widget\" data-widget_type=\"theme-post-title.default\"><div class=\"elementor-widget-container\"><h4 class=\"elementor-heading-title elementor-size-default\">Clostridium difficile (Klostr\u00eddie)<\/h4><\/div><\/div><div class=\"elementor-element elementor-element-e598eb9 elementor-icon-list--layout-inline elementor-align-center elementor-list-item-link-full_width elementor-widget elementor-widget-icon-list\" data-id=\"e598eb9\" data-element_type=\"widget\" data-widget_type=\"icon-list.default\"><div class=\"elementor-widget-container\">\u00a0<\/div><\/div><p data-pm-slice=\"1 1 []\"><strong>Infekcia Clostridium difficile<\/strong>\u00a0patr\u00ed medzi naj\u010dastej\u0161ie nemocni\u010dn\u00e9 n\u00e1kazy. Naj\u010dastej\u0161ie sa vyskytuje u os\u00f4b, ktor\u00e9\u00a0<strong>u\u017e\u00edvaj\u00fa antibiotik\u00e1<\/strong>\u00a0alebo absolvuj\u00fa\u00a0<strong>chemoterapiu<\/strong>.\u00a0<a href=\"https:\/\/www.omni-biotic.com\/sk-sk\/blog\/vedlajsie-ucinky-antibiotik\/\"><strong>Antibiotik\u00e1<\/strong>\u00a0<\/a>nar\u00fa\u0161aj\u00fa\u00a0<a href=\"https:\/\/www.omni-biotic.com\/sk-sk\/crevne-zdravie\/centrum-zdravia-crevo\/crevny-mikrobiom\/\"><strong>\u010drevn\u00fd mikrobi\u00f3m<\/strong><\/a>, t\u00fdm \u017ee ni\u010dia aj prospe\u0161n\u00e9 \u2013 \u017eivotne\u00a0<strong>d\u00f4le\u017eit\u00e9\u00a0<a href=\"https:\/\/www.omni-biotic.com\/sk-sk\/crevne-zdravie\/centrum-zdravia-crevo\/crevne-bakterie\/\">\u010drevn\u00e9 bakt\u00e9rie<\/a><\/strong>. To umo\u017e\u0148uje\u00a0<strong>Clostridium difficile<\/strong>, aby sa mno\u017eila\u00a0a\u00a0<strong>produkovala<\/strong>\u00a0nebezpe\u010dn\u00e9\u00a0<strong>tox\u00edny<\/strong>.\u00a0Bakt\u00e9rie\u00a0Clostridium difficile, s\u00fa \u010dasto\u00a0<strong>rezistentn\u00e9<\/strong>\u00a0na be\u017en\u00fa antibiotick\u00fa lie\u010dbu.\u00a0<\/p>    <\/div>\n\n            <a href=\"https:\/\/www.omni-biotic.com\/sk-sk\/blog\/clostridium-difficile-klostridie\/\"\n           class=\"li-widgets--infobox__button\"\n            href=\"https:\/\/www.omni-biotic.com\/sk-sk\/blog\/clostridium-difficile-klostridie\/\">\n            Viac o klostr\u00eddiach tu        <\/a>\n    \n<\/div>\n\t\t\t\t<\/div>\n\t\t\t\t<\/div>\n\t\t\t\t<div class=\"elementor-element elementor-element-d308238 elementor-widget elementor-widget-text-editor\" data-id=\"d308238\" data-element_type=\"widget\" data-widget_type=\"text-editor.default\">\n\t\t\t\t<div class=\"elementor-widget-container\">\n\t\t\t\t\t\t\t\t\t<h3><span style=\"color: #b5085a\">Antibiotik\u00e1 pre deti: \u010cast\u00e9 predpisovanie a rizik\u00e1 s t\u00fdm spojen\u00e9<\/span><\/h3><p><strong>Antibiotik\u00e1 pre deti<\/strong>\u00a0by sa mali predpisova\u0165 opatrne. Nadmern\u00e9 alebo nespr\u00e1vne pou\u017e\u00edvanie m\u00f4\u017ee ma\u0165 z\u00e1va\u017en\u00e9 d\u00f4sledky na\u00a0<a href=\"https:\/\/www.omni-biotic.com\/sk-sk\/blog\/deti-a-ich-imunita\/\"><strong>zdravie det\u00ed<\/strong><\/a>. Ich organizmus je citlivej\u0161\u00ed a\u00a0<a href=\"https:\/\/www.omni-biotic.com\/sk-sk\/blog\/antibiotika-u-deti-co-treba-zvazit\/\"><strong>antibiotik\u00e1 m\u00f4\u017eu po\u0161kodi\u0165 \u010drevn\u00fa mikrobiotuu<\/strong><\/a>, ktor\u00e1 hr\u00e1 k\u013e\u00fa\u010dov\u00fa \u00falohu pri\u00a0<strong>tr\u00e1ven\u00ed<\/strong>\u00a0a\u00a0<strong>imunitnej obrane<\/strong>. Poruchy v zlo\u017een\u00ed\u00a0<a href=\"https:\/\/www.omni-biotic.com\/sk-sk\/submenus\/crevne-problemy\/\"><strong>\u010drevnej mikrobioty<\/strong><\/a>\u00a0m\u00f4\u017eu vies\u0165 k tr\u00e1viacim probl\u00e9mom,\u00a0<strong>oslabeniu imunity<\/strong>\u00a0a zv\u00fd\u0161en\u00e9mu riziku\u00a0<a href=\"https:\/\/www.omni-biotic.com\/sk-sk\/blog\/alergie-u-deti-2\/\"><strong>alergi\u00ed<\/strong><\/a>.<\/p><p>Nespr\u00e1vne a <strong>\u010dast\u00e9 predpisovanie antibiot\u00edk<\/strong> m\u00f4\u017ee podporova\u0165 vznik rezistentn\u00fdch bakt\u00e9ri\u00ed, ktor\u00e9 sa m\u00f4\u017eu sta\u0165 zdrojom <strong>opakovan\u00fdch infekci\u00ed<\/strong> v neskor\u0161om veku. Ak sa u det\u00ed vyvinie rezistencia, lie\u010dba <strong>be\u017en\u00fdch infekci\u00ed<\/strong> sa m\u00f4\u017ee sta\u0165 <strong>ne\u00fa\u010dinnou<\/strong>, \u010do vedie k potrebe silnej\u0161\u00edch liekov s v\u00e4\u010d\u0161\u00edmi <a href=\"https:\/\/www.omni-biotic.com\/sk-sk\/blog\/vedlajsie-ucinky-antibiotik\/\"><strong>ved\u013eaj\u0161\u00edmi \u00fa\u010dinkami<\/strong><\/a>. Okrem toho m\u00f4\u017ee nadmern\u00e9 predpisovanie antibiot\u00edk zv\u00fd\u0161i\u0165 <strong>riziko bud\u00facich infekci\u00ed<\/strong>, preto\u017ee deti m\u00f4\u017eu strati\u0165 prirodzen\u00fa schopnos\u0165 organizmu bojova\u0165 proti bakt\u00e9ri\u00e1m. Preto je d\u00f4le\u017eit\u00e9, aby pediatri d\u00f4kladne <strong>zva\u017eovali potrebu antibiotickej lie\u010dby<\/strong> a rodi\u010dia d\u00f4sledne dodr\u017eiavali odpor\u00fa\u010dania lek\u00e1ra.<\/p><p data-pm-slice=\"1 1 []\">Deti sa po u\u017e\u00edvan\u00ed antibiot\u00edk zvy\u010dajne r\u00fdchlo zotavia, ale \u010drevn\u00e1 mikrobiota m\u00f4\u017ee by\u0165 po\u0161koden\u00e1. <strong>Antibiotik\u00e1 ni\u010dia nielen patog\u00e9ny, ale aj \u010drevn\u00e9 bakt\u00e9rie, ktor\u00e9 s\u00fa pre na\u0161e zdravie \u017eivotne d\u00f4le\u017eit\u00e9.<\/strong> Preto v\u017edy, ke\u010f je nutn\u00e9 u\u017e\u00edva\u0165 antibiotik\u00e1, mali by sa u\u017e\u00edva\u0165 aj na to ur\u010den\u00e9 <a href=\"https:\/\/shop.omni-biotic.com\/sk-sk\/products\/omni-biotic-10-kids-int-99131\"><strong>viaczlo\u017ekov\u00e9 probiotik\u00e1<\/strong><\/a>, a to nielen po\u010das u\u017e\u00edvania antibiot\u00edk, ale aj ur\u010dit\u00fd \u010das po \u0148om.<\/p>\t\t\t\t\t\t\t\t<\/div>\n\t\t\t\t<\/div>\n\t\t\t\t<div class=\"elementor-element elementor-element-003c479 elementor-widget elementor-widget-image\" data-id=\"003c479\" data-element_type=\"widget\" data-widget_type=\"image.default\">\n\t\t\t\t<div class=\"elementor-widget-container\">\n\t\t\t\t\t\t\t\t\t\t\t\t\t\t\t<img decoding=\"async\" width=\"768\" height=\"401\" src=\"https:\/\/www.omni-biotic.com\/sk-sk\/wp-content\/uploads\/sites\/9\/2025\/02\/antibiotika-pre-deti-768x401.png\" class=\"attachment-medium_large size-medium_large wp-image-26198\" alt=\"\" srcset=\"https:\/\/www.omni-biotic.com\/sk-sk\/wp-content\/uploads\/sites\/9\/2025\/02\/antibiotika-pre-deti-768x401.png 768w, https:\/\/www.omni-biotic.com\/sk-sk\/wp-content\/uploads\/sites\/9\/2025\/02\/antibiotika-pre-deti-300x157.png 300w, https:\/\/www.omni-biotic.com\/sk-sk\/wp-content\/uploads\/sites\/9\/2025\/02\/antibiotika-pre-deti-1024x535.png 1024w, https:\/\/www.omni-biotic.com\/sk-sk\/wp-content\/uploads\/sites\/9\/2025\/02\/antibiotika-pre-deti.png 1076w\" sizes=\"(max-width: 768px) 100vw, 768px\" title=\"\">\t\t\t\t\t\t\t\t\t\t\t\t\t\t\t<\/div>\n\t\t\t\t<\/div>\n\t\t\t\t\t<\/div>\n\t\t\t\t<\/div>\n\t\t<div class=\"elementor-element elementor-element-85084ab obcs none e-flex e-con-boxed e-con e-parent\" data-id=\"85084ab\" data-element_type=\"container\">\n\t\t\t\t\t<div class=\"e-con-inner\">\n\t\t\t\t<div class=\"elementor-element elementor-element-a014d56 elementor-widget elementor-widget-heading\" data-id=\"a014d56\" data-element_type=\"widget\" data-widget_type=\"heading.default\">\n\t\t\t\t<div class=\"elementor-widget-container\">\n\t\t\t\t\t<h3 class=\"elementor-heading-title elementor-size-default\">Antibiotik\u00e1 na chr\u00edpku: \u00c1no alebo nie?\u200b<\/h3>\t\t\t\t<\/div>\n\t\t\t\t<\/div>\n\t\t\t\t<div class=\"elementor-element elementor-element-8376b7e elementor-widget elementor-widget-text-editor\" data-id=\"8376b7e\" data-element_type=\"widget\" data-widget_type=\"text-editor.default\">\n\t\t\t\t<div class=\"elementor-widget-container\">\n\t\t\t\t\t\t\t\t\t<p data-pm-slice=\"1 1 []\"><strong>Antibiotik\u00e1\u00a0<\/strong><span style=\"color: var( --e-global-color-text );text-align: var(--text-align);background-color: inherit;font-family: var( --e-global-typography-text-font-family ), -apple-system,BlinkMacSystemFont,Segoe UI,Roboto,Helvetica Neue,Arial,Noto Sans,sans-serif;font-size: var( --e-global-typography-text-font-size );font-style: var( --e-global-typography-text-font-style );font-weight: var( --e-global-typography-text-font-weight );letter-spacing: var( --e-global-typography-text-letter-spacing );text-transform: var( --e-global-typography-text-text-transform )\">nie s\u00fa\u00a0<\/span><strong style=\"color: var( --e-global-color-text );text-align: var(--text-align);background-color: inherit;font-family: var( --e-global-typography-text-font-family ), -apple-system,BlinkMacSystemFont,Segoe UI,Roboto,Helvetica Neue,Arial,Noto Sans,sans-serif;font-size: var( --e-global-typography-text-font-size );font-style: var( --e-global-typography-text-font-style );letter-spacing: var( --e-global-typography-text-letter-spacing );text-transform: var( --e-global-typography-text-text-transform )\">na chr\u00edpku<\/strong><span style=\"color: var( --e-global-color-text );text-align: var(--text-align);background-color: inherit;font-family: var( --e-global-typography-text-font-family ), -apple-system,BlinkMacSystemFont,Segoe UI,Roboto,Helvetica Neue,Arial,Noto Sans,sans-serif;font-size: var( --e-global-typography-text-font-size );font-style: var( --e-global-typography-text-font-style );font-weight: var( --e-global-typography-text-font-weight );letter-spacing: var( --e-global-typography-text-letter-spacing );text-transform: var( --e-global-typography-text-text-transform )\">\u00a0\u00fa\u010dinn\u00e9, preto\u017ee chr\u00edpku sp\u00f4sobuj\u00fa <\/span><strong style=\"color: var( --e-global-color-text );text-align: var(--text-align);background-color: inherit;font-family: var( --e-global-typography-text-font-family ), -apple-system,BlinkMacSystemFont,Segoe UI,Roboto,Helvetica Neue,Arial,Noto Sans,sans-serif;font-size: var( --e-global-typography-text-font-size );font-style: var( --e-global-typography-text-font-style );letter-spacing: var( --e-global-typography-text-letter-spacing );text-transform: var( --e-global-typography-text-text-transform )\">v\u00edrusy<\/strong><span style=\"color: var( --e-global-color-text );text-align: var(--text-align);background-color: inherit;font-family: var( --e-global-typography-text-font-family ), -apple-system,BlinkMacSystemFont,Segoe UI,Roboto,Helvetica Neue,Arial,Noto Sans,sans-serif;font-size: var( --e-global-typography-text-font-size );font-style: var( --e-global-typography-text-font-style );font-weight: var( --e-global-typography-text-font-weight );letter-spacing: var( --e-global-typography-text-letter-spacing );text-transform: var( --e-global-typography-text-text-transform )\">, nie bakt\u00e9rie. Ich u\u017e\u00edvanie pri chr\u00edpke m\u00f4\u017ee vies\u0165 k rozvoju rezistencie. <\/span><strong style=\"color: var( --e-global-color-text );text-align: var(--text-align);background-color: inherit;font-family: var( --e-global-typography-text-font-family ), -apple-system,BlinkMacSystemFont,Segoe UI,Roboto,Helvetica Neue,Arial,Noto Sans,sans-serif;font-size: var( --e-global-typography-text-font-size );font-style: var( --e-global-typography-text-font-style );letter-spacing: var( --e-global-typography-text-letter-spacing );text-transform: var( --e-global-typography-text-text-transform )\">Chr\u00edpka je v\u00edrusov\u00e9 ochorenie<\/strong><span style=\"color: var( --e-global-color-text );text-align: var(--text-align);background-color: inherit;font-family: var( --e-global-typography-text-font-family ), -apple-system,BlinkMacSystemFont,Segoe UI,Roboto,Helvetica Neue,Arial,Noto Sans,sans-serif;font-size: var( --e-global-typography-text-font-size );font-style: var( --e-global-typography-text-font-style );font-weight: var( --e-global-typography-text-font-weight );letter-spacing: var( --e-global-typography-text-letter-spacing );text-transform: var( --e-global-typography-text-text-transform )\">, ktor\u00e9 sa najlep\u0161ie lie\u010di symptomaticky \u2013 teda <\/span><strong style=\"color: var( --e-global-color-text );text-align: var(--text-align);background-color: inherit;font-family: var( --e-global-typography-text-font-family ), -apple-system,BlinkMacSystemFont,Segoe UI,Roboto,Helvetica Neue,Arial,Noto Sans,sans-serif;font-size: var( --e-global-typography-text-font-size );font-style: var( --e-global-typography-text-font-style );letter-spacing: var( --e-global-typography-text-letter-spacing );text-transform: var( --e-global-typography-text-text-transform )\">oddychom<\/strong><span style=\"color: var( --e-global-color-text );text-align: var(--text-align);background-color: inherit;font-family: var( --e-global-typography-text-font-family ), -apple-system,BlinkMacSystemFont,Segoe UI,Roboto,Helvetica Neue,Arial,Noto Sans,sans-serif;font-size: var( --e-global-typography-text-font-size );font-style: var( --e-global-typography-text-font-style );font-weight: var( --e-global-typography-text-font-weight );letter-spacing: var( --e-global-typography-text-letter-spacing );text-transform: var( --e-global-typography-text-text-transform )\">, <\/span><strong style=\"color: var( --e-global-color-text );text-align: var(--text-align);background-color: inherit;font-family: var( --e-global-typography-text-font-family ), -apple-system,BlinkMacSystemFont,Segoe UI,Roboto,Helvetica Neue,Arial,Noto Sans,sans-serif;font-size: var( --e-global-typography-text-font-size );font-style: var( --e-global-typography-text-font-style );letter-spacing: var( --e-global-typography-text-letter-spacing );text-transform: var( --e-global-typography-text-text-transform )\">hydrat\u00e1ciou<\/strong><span style=\"color: var( --e-global-color-text );text-align: var(--text-align);background-color: inherit;font-family: var( --e-global-typography-text-font-family ), -apple-system,BlinkMacSystemFont,Segoe UI,Roboto,Helvetica Neue,Arial,Noto Sans,sans-serif;font-size: var( --e-global-typography-text-font-size );font-style: var( --e-global-typography-text-font-style );font-weight: var( --e-global-typography-text-font-weight );letter-spacing: var( --e-global-typography-text-letter-spacing );text-transform: var( --e-global-typography-text-text-transform )\">, liekmi na zmiernenie <\/span><strong style=\"color: var( --e-global-color-text );text-align: var(--text-align);background-color: inherit;font-family: var( --e-global-typography-text-font-family ), -apple-system,BlinkMacSystemFont,Segoe UI,Roboto,Helvetica Neue,Arial,Noto Sans,sans-serif;font-size: var( --e-global-typography-text-font-size );font-style: var( --e-global-typography-text-font-style );letter-spacing: var( --e-global-typography-text-letter-spacing );text-transform: var( --e-global-typography-text-text-transform )\">hor\u00fa\u010dky a bolesti<\/strong><span style=\"color: var( --e-global-color-text );text-align: var(--text-align);background-color: inherit;font-family: var( --e-global-typography-text-font-family ), -apple-system,BlinkMacSystemFont,Segoe UI,Roboto,Helvetica Neue,Arial,Noto Sans,sans-serif;font-size: var( --e-global-typography-text-font-size );font-style: var( --e-global-typography-text-font-style );font-weight: var( --e-global-typography-text-font-weight );letter-spacing: var( --e-global-typography-text-letter-spacing );text-transform: var( --e-global-typography-text-text-transform )\">. Pou\u017eitie antibiot\u00edk v t\u00fdchto pr\u00edpadoch je neefekt\u00edvne a m\u00f4\u017ee sp\u00f4sobi\u0165 <\/span><strong style=\"color: var( --e-global-color-text );text-align: var(--text-align);background-color: inherit;font-family: var( --e-global-typography-text-font-family ), -apple-system,BlinkMacSystemFont,Segoe UI,Roboto,Helvetica Neue,Arial,Noto Sans,sans-serif;font-size: var( --e-global-typography-text-font-size );font-style: var( --e-global-typography-text-font-style );letter-spacing: var( --e-global-typography-text-letter-spacing );text-transform: var( --e-global-typography-text-text-transform )\">viac \u0161kody ako \u00fa\u017eitku<\/strong><span style=\"color: var( --e-global-color-text );text-align: var(--text-align);background-color: inherit;font-family: var( --e-global-typography-text-font-family ), -apple-system,BlinkMacSystemFont,Segoe UI,Roboto,Helvetica Neue,Arial,Noto Sans,sans-serif;font-size: var( --e-global-typography-text-font-size );font-style: var( --e-global-typography-text-font-style );font-weight: var( --e-global-typography-text-font-weight );letter-spacing: var( --e-global-typography-text-letter-spacing );text-transform: var( --e-global-typography-text-text-transform )\">. Okrem zvy\u0161ovania rizika rezistencie m\u00f4\u017ee zbyto\u010dn\u00e9 u\u017e\u00edvanie antibiot\u00edk oslabi\u0165 <\/span><strong style=\"color: var( --e-global-color-text );text-align: var(--text-align);background-color: inherit;font-family: var( --e-global-typography-text-font-family ), -apple-system,BlinkMacSystemFont,Segoe UI,Roboto,Helvetica Neue,Arial,Noto Sans,sans-serif;font-size: var( --e-global-typography-text-font-size );font-style: var( --e-global-typography-text-font-style );letter-spacing: var( --e-global-typography-text-letter-spacing );text-transform: var( --e-global-typography-text-text-transform )\">prirodzen\u00fa<a href=\"https:\/\/www.omni-biotic.com\/sk-sk\/crevne-zdravie\/oblasti-vplyvu-criev\/imunitny-system\/\"> imunitu organizmu<\/a><\/strong><span style=\"color: var( --e-global-color-text );text-align: var(--text-align);background-color: inherit;font-family: var( --e-global-typography-text-font-family ), -apple-system,BlinkMacSystemFont,Segoe UI,Roboto,Helvetica Neue,Arial,Noto Sans,sans-serif;font-size: var( --e-global-typography-text-font-size );font-style: var( --e-global-typography-text-font-style );font-weight: var( --e-global-typography-text-font-weight );letter-spacing: var( --e-global-typography-text-letter-spacing );text-transform: var( --e-global-typography-text-text-transform )\"> a naru\u0161i\u0165 <\/span><strong style=\"color: var( --e-global-color-text );text-align: var(--text-align);background-color: inherit;font-family: var( --e-global-typography-text-font-family ), -apple-system,BlinkMacSystemFont,Segoe UI,Roboto,Helvetica Neue,Arial,Noto Sans,sans-serif;font-size: var( --e-global-typography-text-font-size );font-style: var( --e-global-typography-text-font-style );letter-spacing: var( --e-global-typography-text-letter-spacing );text-transform: var( --e-global-typography-text-text-transform )\">\u010drevn\u00fa mikrobiotu<\/strong><span style=\"color: var( --e-global-color-text );text-align: var(--text-align);background-color: inherit;font-family: var( --e-global-typography-text-font-family ), -apple-system,BlinkMacSystemFont,Segoe UI,Roboto,Helvetica Neue,Arial,Noto Sans,sans-serif;font-size: var( --e-global-typography-text-font-size );font-style: var( --e-global-typography-text-font-style );font-weight: var( --e-global-typography-text-font-weight );letter-spacing: var( --e-global-typography-text-letter-spacing );text-transform: var( --e-global-typography-text-text-transform )\">.<\/span><\/p><p>V niektor\u00fdch pr\u00edpadoch v\u0161ak m\u00f4\u017ee lek\u00e1r predp\u00edsa\u0165 antibiotik\u00e1, ak sa po\u010das chr\u00edpky objav\u00ed<strong> sekund\u00e1rna bakteri\u00e1lna infekcia<\/strong>, ako je z\u00e1pal p\u013e\u00fac alebo <strong>z\u00e1pal pr\u00ednosov\u00fdch dut\u00edn<\/strong>. V\u017edy je v\u0161ak d\u00f4le\u017eit\u00e9, aby rozhodnutie o ich u\u017e\u00edvan\u00ed bolo na odborn\u00edkovi. Pacienti by nemali sami vyh\u013ead\u00e1va\u0165 antibiotik\u00e1 na lie\u010dbu chr\u00edpky alebo in\u00fdch v\u00edrusov\u00fdch ochoren\u00ed, preto\u017ee t\u00fdm zvy\u0161uj\u00fa <strong>riziko ne\u00fa\u010dinnosti lie\u010dby<\/strong> v pr\u00edpade <strong>bakteri\u00e1lnych infekci\u00ed v bud\u00facnosti<\/strong>.<\/p>\t\t\t\t\t\t\t\t<\/div>\n\t\t\t\t<\/div>\n\t\t\t\t<div class=\"elementor-element elementor-element-861b6dd elementor-widget elementor-widget-heading\" data-id=\"861b6dd\" data-element_type=\"widget\" data-widget_type=\"heading.default\">\n\t\t\t\t<div class=\"elementor-widget-container\">\n\t\t\t\t\t<h3 class=\"elementor-heading-title elementor-size-default\">Antibiotik\u00e1 na z\u00e1pal mo\u010dov\u00fdch ciest<\/h3>\t\t\t\t<\/div>\n\t\t\t\t<\/div>\n\t\t\t\t<div class=\"elementor-element elementor-element-0371f78 elementor-widget elementor-widget-text-editor\" data-id=\"0371f78\" data-element_type=\"widget\" data-widget_type=\"text-editor.default\">\n\t\t\t\t<div class=\"elementor-widget-container\">\n\t\t\t\t\t\t\t\t\t<p data-pm-slice=\"1 1 []\"><strong>Antibiotik\u00e1 na z\u00e1pal mo\u010dov\u00fdch ciest<\/strong> s\u00fa \u010dasto nevyhnutn\u00e9, preto\u017ee v\u00e4\u010d\u0161ina t\u00fdchto infekci\u00ed je sp\u00f4soben\u00e1 bakt\u00e9riami.\u00a0<\/p>\t\t\t\t\t\t\t\t<\/div>\n\t\t\t\t<\/div>\n\t\t\t\t<div class=\"elementor-element elementor-element-65faa28 elementor-widget elementor-widget-image\" data-id=\"65faa28\" data-element_type=\"widget\" data-widget_type=\"image.default\">\n\t\t\t\t<div class=\"elementor-widget-container\">\n\t\t\t\t\t\t\t\t\t\t\t\t\t\t\t<img decoding=\"async\" width=\"800\" height=\"618\" src=\"https:\/\/www.omni-biotic.com\/sk-sk\/wp-content\/uploads\/sites\/9\/2023\/04\/bakterialna-vaginoza-1024x791.jpg\" class=\"attachment-large size-large wp-image-25948\" alt=\"\" srcset=\"https:\/\/www.omni-biotic.com\/sk-sk\/wp-content\/uploads\/sites\/9\/2023\/04\/bakterialna-vaginoza-1024x791.jpg 1024w, https:\/\/www.omni-biotic.com\/sk-sk\/wp-content\/uploads\/sites\/9\/2023\/04\/bakterialna-vaginoza-300x232.jpg 300w, https:\/\/www.omni-biotic.com\/sk-sk\/wp-content\/uploads\/sites\/9\/2023\/04\/bakterialna-vaginoza-768x593.jpg 768w, https:\/\/www.omni-biotic.com\/sk-sk\/wp-content\/uploads\/sites\/9\/2023\/04\/bakterialna-vaginoza.jpg 1080w\" sizes=\"(max-width: 800px) 100vw, 800px\" title=\"\">\t\t\t\t\t\t\t\t\t\t\t\t\t\t\t<\/div>\n\t\t\t\t<\/div>\n\t\t\t\t<div class=\"elementor-element elementor-element-59c7bb0 elementor-widget elementor-widget-text-editor\" data-id=\"59c7bb0\" data-element_type=\"widget\" data-widget_type=\"text-editor.default\">\n\t\t\t\t<div class=\"elementor-widget-container\">\n\t\t\t\t\t\t\t\t\t<p data-pm-slice=\"1 1 []\">Hlavn\u00fdm vinn\u00edkom infekci\u00ed mo\u010dov\u00fdch ciest je bakt\u00e9ria <a href=\"https:\/\/www.omni-biotic.com\/sk-sk\/blog\/infekcia-mocovych-ciest-ked-sa-e-coli-podari-usidlit-v-mocovom-mechure\/\"><strong>Escherichia coli<\/strong> <\/a>&#8211; cez mo\u010dov\u00fa trubicu sa dost\u00e1va do <strong>mo\u010dov\u00e9ho mech\u00fara<\/strong> a vyvol\u00e1va tam <strong>bolestiv\u00e9 z\u00e1paly.<\/strong> Po infekcii sa \u010das\u0165 mikr\u00f3bov m\u00f4\u017ee usadi\u0165 v stene mo\u010dov\u00e9ho mech\u00fara a pre\u017ei\u0165 v tomto \u00fakryte \u2013 <strong>nedostupnom pre antibiotik\u00e1<\/strong> a zbrane <strong>imunitn\u00e9ho syst\u00e9mu<\/strong>. Lek\u00e1ri vysvet\u013euj\u00fa, \u017ee ak sa do mo\u010dov\u00e9ho mech\u00fara dostane aj vagin\u00e1lny z\u00e1rodok <a href=\"https:\/\/www.omni-biotic.com\/sk-sk\/blog\/patogenne-bakterie\/\"><strong>Gardnerella vaginalis<\/strong><\/a>, m\u00f4\u017ee aktivova\u0165 spiace bakt\u00e9rie <strong>Ecoli<\/strong>. Jej kr\u00e1tka pr\u00edtomnos\u0165 sta\u010d\u00ed na po\u0161kodenie buniek v stene mo\u010dov\u00e9ho mech\u00fara a uvo\u013enenie bakt\u00e9ri\u00ed Ecoli, ktor\u00e9 potom m\u00f4\u017eu <a href=\"https:\/\/www.omni-biotic.com\/sk-sk\/blog\/chronicky-zapal-mocovych-ciest\/\"><strong>vyvola\u0165 opakovan\u00fd z\u00e1pal<\/strong><\/a>.<\/p><p>Pri z\u00e1pale mo\u010dov\u00fdch ciest je d\u00f4le\u017eit\u00e9 dodr\u017eiava\u0165 presn\u00e9 <strong>pokyny lek\u00e1ra<\/strong>, dokon\u010di\u0165 cel\u00fa predp\u00edsan\u00fa d\u00e1vku antibiot\u00edk a sledova\u0165 ak\u00e9ko\u013evek pr\u00edznaky komplik\u00e1ci\u00ed. V pr\u00edpade <strong>opakuj\u00facich sa infekci\u00ed<\/strong> m\u00f4\u017ee lek\u00e1r odporu\u010di\u0165 \u010fal\u0161ie vy\u0161etrenia alebo \u00fapravu lie\u010dby. Okrem toho je vhodn\u00e9 <strong>podporova\u0165 imunitu<\/strong> a zdravie mo\u010dov\u00fdch ciest dostato\u010dn\u00fdm <strong>pr\u00edjmom tekut\u00edn<\/strong> a <strong>spr\u00e1vnou hygienou<\/strong>.<\/p><p><strong>Infekcie mo\u010dov\u00fdch ciest<\/strong> s\u00fa druh\u00fdm <strong>naj\u010dastej\u0161\u00edm d\u00f4vodom predpisovania antibiot\u00edk<\/strong>. V \u010dase rast\u00facej <strong>odolnosti na antibiotik\u00e1<\/strong> sa v\u0161ak \u010doraz viac h\u013eadaj\u00fa <strong>alternat\u00edvne strat\u00e9gie lie\u010dby<\/strong>.<\/p><p>Ak sa <a href=\"https:\/\/www.omni-biotic.com\/sk-sk\/blog\/dysbioticka-crevna-flora-podporuje-opakovane-infekcie-mocoveho-mechura\/\"><strong>z\u00e1paly mo\u010dov\u00fdch ciest opakuj\u00fa<\/strong><\/a>, je nevyhnutn\u00e9 podpori\u0165 \u010drevn\u00fa a <a href=\"https:\/\/www.omni-biotic.com\/sk-sk\/crevne-zdravie\/oblasti-vplyvu-criev\/vaginalna-flora\/vaginalne-zdravie-zeny\/\"><strong>vagin\u00e1lny mikrobi\u00f3m<\/strong><\/a> \u0161peci\u00e1lnymi <a href=\"https:\/\/www.omni-biotic.com\/sk-sk\/crevne-zdravie\/centrum-zdravia-crevo\/probiotika\/\"><strong>probiotikami<\/strong><\/a>, aby sa zabr\u00e1nilo \u010dast\u00e9mu predpisovaniu antibiot\u00edk.<\/p>\t\t\t\t\t\t\t\t<\/div>\n\t\t\t\t<\/div>\n\t\t\t\t\t<\/div>\n\t\t\t\t<\/div>\n\t\t<div class=\"elementor-element elementor-element-3de9191 obcs none e-flex e-con-boxed e-con e-parent\" data-id=\"3de9191\" data-element_type=\"container\">\n\t\t\t\t\t<div class=\"e-con-inner\">\n\t\t\t\t<div class=\"elementor-element elementor-element-e15e66d elementor-widget elementor-widget-heading\" data-id=\"e15e66d\" data-element_type=\"widget\" data-widget_type=\"heading.default\">\n\t\t\t\t<div class=\"elementor-widget-container\">\n\t\t\t\t\t<h3 class=\"elementor-heading-title elementor-size-default\">Antibiotik\u00e1 a Candida: vagin\u00e1lna myk\u00f3za\n\n<\/h3>\t\t\t\t<\/div>\n\t\t\t\t<\/div>\n\t\t\t\t<div class=\"elementor-element elementor-element-8fb2baa elementor-widget elementor-widget-text-editor\" data-id=\"8fb2baa\" data-element_type=\"widget\" data-widget_type=\"text-editor.default\">\n\t\t\t\t<div class=\"elementor-widget-container\">\n\t\t\t\t\t\t\t\t\t<p data-start=\"28\" data-end=\"595\"><strong>\u00a0Antibiotik\u00e1<\/strong> m\u00f4\u017eu <strong>ovplyvni\u0165 rovnov\u00e1hu mikroorganizmov<\/strong> v na\u0161om tele, vr\u00e1tane <strong>kvasiniek<\/strong> rodu <strong><em data-start=\"118\" data-end=\"127\">Candida<\/em><\/strong>. Po\u010das lie\u010dby antibiotikami m\u00f4\u017ee d\u00f4js\u0165 k <strong>nadmern\u00e9mu rastu t\u00fdchto kvasiniek<\/strong>, preto\u017ee antibiotik\u00e1 ni\u010dia nielen \u0161kodliv\u00e9 bakt\u00e9rie, ale aj prospe\u0161n\u00e9 bakt\u00e9rie, ktor\u00e9 dr\u017eia <em data-start=\"295\" data-end=\"304\">Candida<\/em> v rovnov\u00e1he. Tento nerovnov\u00e1\u017eny rast m\u00f4\u017ee vies\u0165 k <a href=\"https:\/\/www.omni-biotic.com\/sk-sk\/blog\/bakterialna-vaginoza-alebo-kvasinkova-infekcia\/\"><strong>infekci\u00e1m<\/strong> <\/a>sp\u00f4soben\u00fdm <em data-start=\"376\" data-end=\"385\">Candida<\/em>, ako je <strong>vagin\u00e1lna kandid\u00f3za (myk\u00f3za) &#8211; svrbenie <\/strong>a<strong> p\u00e1lenie v po\u0161ve <\/strong>sprev\u00e1dzaj\u00face <strong>nepr\u00edjemn\u00fdm v\u00fdtokom<\/strong>\u00a0alebo <strong>or\u00e1lna kandid\u00f3za<\/strong>. Takmer ka\u017ed\u00e1 \u017eena sa u\u017e aspo\u0148 raz v \u017eivote stretla s myk\u00f3zou. Preto je d\u00f4le\u017eit\u00e9 <b>po\u010das a po antibiotickej lie\u010dbe<\/b> dba\u0165 okrem\u00a0 pr\u00edsunu <b>probiot\u00edk k antibiotik\u00e1m,\u00a0<\/b>aj na prevenciu a <b>pr\u00edsun <a href=\"https:\/\/www.omni-biotic.com\/sk-sk\/blog\/omni-biotic-flora-plus\/\">laktobacilov pre \u017eeny<\/a><\/b>, najm\u00e4 u \u017eien, ktor\u00e9 s\u00fa <b>n\u00e1chylnej\u0161ie k t\u00fdmto infekci\u00e1m<\/b>. Posilnenie <a href=\"https:\/\/www.omni-biotic.com\/sk-sk\/crevne-zdravie\/oblasti-vplyvu-criev\/vaginalna-flora\/vaginalne-zdravie-zeny\/\"><strong>vagin\u00e1lnej mikrobioty<\/strong> <\/a>je k\u013e\u00fa\u010dom \u017eensk\u00e9mu\u00a0 zdraviu.\u00a0<\/p>\t\t\t\t\t\t\t\t<\/div>\n\t\t\t\t<\/div>\n\t\t\t\t<div class=\"elementor-element elementor-element-9f69ed5 elementor-widget elementor-widget-image\" data-id=\"9f69ed5\" data-element_type=\"widget\" data-widget_type=\"image.default\">\n\t\t\t\t<div class=\"elementor-widget-container\">\n\t\t\t\t\t\t\t\t\t\t\t\t\t\t\t<img loading=\"lazy\" decoding=\"async\" width=\"700\" height=\"200\" src=\"https:\/\/www.omni-biotic.com\/sk-sk\/wp-content\/uploads\/sites\/9\/2025\/02\/probiotika-k-antibiotikam.png\" class=\"attachment-large size-large wp-image-26190\" alt=\"\" srcset=\"https:\/\/www.omni-biotic.com\/sk-sk\/wp-content\/uploads\/sites\/9\/2025\/02\/probiotika-k-antibiotikam.png 700w, https:\/\/www.omni-biotic.com\/sk-sk\/wp-content\/uploads\/sites\/9\/2025\/02\/probiotika-k-antibiotikam-300x86.png 300w\" sizes=\"(max-width: 700px) 100vw, 700px\" title=\"\">\t\t\t\t\t\t\t\t\t\t\t\t\t\t\t<\/div>\n\t\t\t\t<\/div>\n\t\t\t\t<div class=\"elementor-element elementor-element-8940ee6 elementor-widget elementor-widget-heading\" data-id=\"8940ee6\" data-element_type=\"widget\" data-widget_type=\"heading.default\">\n\t\t\t\t<div class=\"elementor-widget-container\">\n\t\t\t\t\t<h2 class=\"elementor-heading-title elementor-size-default\">Ved\u013eaj\u0161ie \u00fa\u010dinky antibiot\u00edk a ich vplyv na \u010drevn\u00fa mikrobiotu:<\/h2>\t\t\t\t<\/div>\n\t\t\t\t<\/div>\n\t\t\t\t<div class=\"elementor-element elementor-element-48735ac elementor-widget elementor-widget-text-editor\" data-id=\"48735ac\" data-element_type=\"widget\" data-widget_type=\"text-editor.default\">\n\t\t\t\t<div class=\"elementor-widget-container\">\n\t\t\t\t\t\t\t\t\t<p data-start=\"659\" data-end=\"1157\"><strong>Antibiotik\u00e1<\/strong> maj\u00fa v\u00fdznamn\u00fd vplyv na<a href=\"https:\/\/www.omni-biotic.com\/sk-sk\/crevne-zdravie\/centrum-zdravia-crevo\/crevny-mikrobiom\/\"><strong> \u010drevn\u00fa mikrobiotu<\/strong><\/a>. Okrem zab\u00edjania \u0161kodliv\u00fdch bakt\u00e9ri\u00ed m\u00f4\u017eu tie\u017e zni\u010di\u0165 <a href=\"https:\/\/www.omni-biotic.com\/sk-sk\/crevne-zdravie\/centrum-zdravia-crevo\/crevne-bakterie\/\"><strong>zdrav\u00e9 \u010drevn\u00e9 bakt\u00e9rie<\/strong><\/a>, ktor\u00e9 s\u00fa nevyhnutn\u00e9 pre tr\u00e1venie, <strong>vstreb\u00e1vanie \u017eiv\u00edn<\/strong> a ochranu pred patog\u00e9nmi. Tento z\u00e1sah do rovnov\u00e1hy \u010drevnej mikrobioty m\u00f4\u017ee vies\u0165 k r\u00f4znym probl\u00e9mom, ako s\u00fa <a href=\"https:\/\/www.omni-biotic.com\/sk-sk\/crevne-problemy\/hnacka\/\"><strong>hna\u010dky<\/strong><\/a>, <a href=\"https:\/\/www.omni-biotic.com\/sk-sk\/crevne-problemy\/plynatost-a-nafuknute-brucho\/\"><strong>nad\u00favanie<\/strong><\/a>, bolesti brucha, alebo <strong>zhor\u0161en\u00e1 imunita<\/strong>. \u010crevn\u00e1 mikrobiota hr\u00e1 k\u013e\u00fa\u010dov\u00fa \u00falohu v obrane organizmu proti infekci\u00e1m, preto jej po\u0161kodenie m\u00f4\u017ee zv\u00fd\u0161i\u0165 riziko infekci\u00ed, a to <strong>aj v pr\u00edpade be\u017en\u00fdch ochoren\u00ed<\/strong>.<\/p><p data-start=\"659\" data-end=\"1157\"><strong>\u00dahynom prospe\u0161n\u00fdch bakt\u00e9ri\u00ed<\/strong> v d\u00f4sledku<strong> u\u017e\u00edvania antibiot\u00edk<\/strong> str\u00e1came aj ich metabolick\u00e9 funkcie. Po antibiotickej lie\u010dbe \u010dasto doch\u00e1dza k <strong>premno\u017eeniu<\/strong> potenci\u00e1lne <strong>patog\u00e9nnych z\u00e1rodkov<\/strong> a hnilobn\u00fdch z\u00e1rodkov. \u010crevn\u00fd mikrobi\u00f3m je zn\u00ed\u017een\u00fd a aj po nieko\u013ek\u00fdch t\u00fd\u017ed\u0148och od ukon\u010denia antibiotickej lie\u010dby sa m\u00f4\u017eu objavi\u0165 v\u00e1\u017ene <a href=\"https:\/\/www.omni-biotic.com\/sk-sk\/submenus\/crevne-problemy\/\"><strong>\u010drevn\u00e9 probl\u00e9my<\/strong><\/a>, ktor\u00e9 si u\u017e s antibiotikami nemus\u00edme sp\u00e1ja\u0165 (plynatos\u0165, nepr\u00edjemn\u00e9 pocity, vznik potravinovej intolerancie, <a href=\"https:\/\/www.omni-biotic.com\/sk-sk\/crevne-problemy\/syndrom-drazdiveho-creva\/\"><strong>syndr\u00f3m dr\u00e1\u017ediv\u00e9ho \u010dreva<\/strong><\/a> at\u010f.) Proti tomuto mo\u017eno bojova\u0165 <strong>v\u010dasn\u00fdm u\u017e\u00edvan\u00edm<\/strong> viaczlo\u017ekov\u00e9ho probiotika u\u017e od prv\u00e9ho d\u0148a u\u017e\u00edvania antibiot\u00edk. Potvrdili to u\u017e mnoh\u00e9 \u0161t\u00fadie.<\/p>\t\t\t\t\t\t\t\t<\/div>\n\t\t\t\t<\/div>\n\t\t\t\t<div class=\"elementor-element elementor-element-7005a3b elementor-widget elementor-widget-infobox\" data-id=\"7005a3b\" data-element_type=\"widget\" data-widget_type=\"infobox.default\">\n\t\t\t\t<div class=\"elementor-widget-container\">\n\t\t\t\t\t\n<div class=\"li-widgets--infobox magenta highlights-always-magenta\">\n\n    <div class=\"li-widgets--infobox__icon\">\n        <i aria-hidden=\"true\" class=\"fas fa-bacteria\"><\/i>    <\/div>\n    <div class=\"li-widgets--infobox__text\">\n            <\/div>\n    <div class=\"li-widgets--infobox__text-body\">\n        <div class=\"elementor-element elementor-element-0530a6c elementor-widget elementor-widget-theme-post-title elementor-page-title elementor-widget-heading\" data-id=\"0530a6c\" data-element_type=\"widget\" data-widget_type=\"theme-post-title.default\"><div class=\"elementor-widget-container\"><h4 class=\"elementor-heading-title elementor-size-default\">Zvy\u0161uj\u00fa antibiotik\u00e1 riziko rakoviny hrub\u00e9ho \u010dreva?<\/h4><\/div><\/div><p data-pm-slice=\"1 1 []\"><a href=\"https:\/\/www.omni-biotic.com\/sk-sk\/blog\/dlhodobe-uzivanie-antibiotik-podporuje-vznik-rakoviny\/\"><strong>Antibiotick\u00e1 lie\u010dba<\/strong><\/a>\u00a0m\u00f4\u017ee\u00a0<strong>dlhodobo<\/strong>\u00a0<strong>po\u0161kodi\u0165<\/strong> \u010drevn\u00fa mikrobiotu. Sp\u00f4sobuje \u00fabytok ur\u010dit\u00fdch \u010drevn\u00fdch bakt\u00e9ri\u00ed, ako s\u00fa <strong><em>Bacteroidetes<\/em><\/strong>,\u00a0<strong><em>Firmicutes<\/em>\u00a0<\/strong>a\u00a0<em><strong>Proteobacteria<\/strong><\/em>, ktor\u00fdch miesto zaujm\u00fa in\u00e9 druhy, ako s\u00fa\u00a0<em>Fusobacteriae<\/em>. Tak\u00e9to zlo\u017eenie\u00a0<a href=\"https:\/\/www.omni-biotic.com\/sk-sk\/crevne-zdravie\/centrum-zdravia-crevo\/crevny-mikrobiom\/\"><strong>\u010drevnej mikrobioty<\/strong><\/a>\u00a0sa \u010dasto pozoruje aj u\u00a0<a href=\"https:\/\/www.omni-biotic.com\/sk-sk\/blog\/rakovina-hrubeho-creva-sa-casto-odhali-prilis-neskoro\/\"><strong>pacientov s rakovinou \u010dreva<\/strong><\/a>. \u010cast\u00e1\u00a0<strong><a href=\"https:\/\/www.omni-biotic.com\/sk-sk\/blog\/vedlajsie-ucinky-antibiotik\/\">antibiotick\u00e1 lie\u010dba\u00a0<\/a><\/strong>by preto mohla z dlhodob\u00e9ho h\u013eadiska zvy\u0161ova\u0165\u00a0<strong>riziko vzniku rakoviny \u010dreva<\/strong>.<\/p>    <\/div>\n\n            <a href=\"https:\/\/www.omni-biotic.com\/sk-sk\/blog\/zvysuju-antibiotika-riziko-rakoviny-hrubeho-creva\/\"\n           class=\"li-widgets--infobox__button\"\n            href=\"https:\/\/www.omni-biotic.com\/sk-sk\/blog\/zvysuju-antibiotika-riziko-rakoviny-hrubeho-creva\/\">\n            V\u00fdsledky \u0161t\u00fadie tu        <\/a>\n    \n<\/div>\n\t\t\t\t<\/div>\n\t\t\t\t<\/div>\n\t\t\t\t<div class=\"elementor-element elementor-element-db1d1d5 elementor-widget elementor-widget-heading\" data-id=\"db1d1d5\" data-element_type=\"widget\" data-widget_type=\"heading.default\">\n\t\t\t\t<div class=\"elementor-widget-container\">\n\t\t\t\t\t<h3 class=\"elementor-heading-title elementor-size-default\">Potreba probiot\u00edk pri antibiotickej lie\u010dbe:<\/h3>\t\t\t\t<\/div>\n\t\t\t\t<\/div>\n\t\t\t\t<div class=\"elementor-element elementor-element-4c7ab03 elementor-widget elementor-widget-text-editor\" data-id=\"4c7ab03\" data-element_type=\"widget\" data-widget_type=\"text-editor.default\">\n\t\t\t\t<div class=\"elementor-widget-container\">\n\t\t\t\t\t\t\t\t\t<p data-start=\"1208\" data-end=\"1794\">Aby sa <strong>minimalizovali ved\u013eaj\u0161ie \u00fa\u010dinky<\/strong> antibiot\u00edk, ako je naru\u0161enie \u010drevnej mikrobioty, a <strong>podporil rast prospe\u0161n\u00fdch bakt\u00e9ri\u00ed<\/strong>, je odpor\u00fa\u010dan\u00e9<a href=\"https:\/\/www.omni-biotic.com\/sk-sk\/blog\/omni-biotic-10-aad\/\"><strong> u\u017e\u00edvanie probiot\u00edk po\u010das a po ukon\u010den\u00ed antibiotickej lie\u010dby<\/strong><\/a>. Probiotik\u00e1 obsahuj\u00fa \u017eiv\u00e9 <strong>mikroorganizmy<\/strong>, ktor\u00e9 pom\u00e1haj\u00fa <strong>obnovi\u0165 rovnov\u00e1hu \u010drevnej mikrobioty<\/strong> a zlep\u0161i\u0165 tr\u00e1venie. D\u00f4le\u017eit\u00e9 je, aby probiotik\u00e1 boli <strong>\u0161pecificky prisp\u00f4soben\u00e9<\/strong> na ochranu \u010drevnej mikrobioty po u\u017e\u00edvan\u00ed antibiot\u00edk. U\u017e\u00edvanie probiot\u00edk pri a po<a href=\"https:\/\/www.omni-biotic.com\/sk-sk\/blog\/probiotika-a-antibiotika\/\"><strong> antibiotickej lie\u010dbe<\/strong><\/a> m\u00f4\u017ee pom\u00f4c\u0165 zn\u00ed\u017ei\u0165 riziko tr\u00e1viacich \u0165a\u017ekost\u00ed, ako s\u00fa hna\u010dky a nad\u00favanie, a podpori\u0165 r\u00fdchlej\u0161\u00ed <strong>n\u00e1vrat zdrav\u00fdch \u010drevn\u00fdch bakt\u00e9ri\u00ed<\/strong>.<\/p><p data-start=\"1796\" data-end=\"1965\" data-is-last-node=\"\" data-is-only-node=\"\">Spr\u00e1vne u\u017e\u00edvanie antibiot\u00edk a doplnenie lie\u010dby <strong>vhodn\u00fdmi probiotikami<\/strong> m\u00f4\u017ee zlep\u0161i\u0165 celkov\u00fd zdravotn\u00fd stav, zabr\u00e1ni\u0165 ne\u017eiaducim \u00fa\u010dinkom a<strong> pred\u00eds\u0165 probl\u00e9mom s rezistenciou<\/strong>.<\/p>\t\t\t\t\t\t\t\t<\/div>\n\t\t\t\t<\/div>\n\t\t\t\t<div class=\"elementor-element elementor-element-67046f6 elementor-widget elementor-widget-infobox\" data-id=\"67046f6\" data-element_type=\"widget\" data-widget_type=\"infobox.default\">\n\t\t\t\t<div class=\"elementor-widget-container\">\n\t\t\t\t\t\n<div class=\"li-widgets--infobox blue highlights-always-magenta\">\n\n    <div class=\"li-widgets--infobox__icon\">\n        <i aria-hidden=\"true\" class=\"fas fa-exclamation-circle\"><\/i>    <\/div>\n    <div class=\"li-widgets--infobox__text\">\n            <\/div>\n    <div class=\"li-widgets--infobox__text-body\">\n        <p data-pm-slice=\"1 1 []\"><strong>Rezistencia na antibiotik\u00e1<\/strong> nie je len probl\u00e9mom chor\u00fdch alebo lek\u00e1rov. Je to probl\u00e9m, ktor\u00fd <strong>sa t\u00fdka ka\u017ed\u00e9ho z n\u00e1s<\/strong>. Spr\u00e1vnym pou\u017e\u00edvan\u00edm antibiot\u00edk, doplnen\u00fdm o vhodn\u00e9 probiotik\u00e1, zodpovedn\u00fdm pr\u00edstupom k lie\u010dbe a k vlastn\u00e9mu zdraviu m\u00f4\u017eeme spolo\u010dne<strong> zabr\u00e1ni\u0165 tomu<\/strong>, aby sa <strong>be\u017en\u00e9 infekcie op\u00e4\u0165 stali smrte\u013en\u00fdmi<\/strong>.<\/p><p data-pm-slice=\"1 1 []\">Ktor\u00e9 probiotik\u00e1 k antibotik\u00e1m?<\/p>    <\/div>\n\n            <a href=\"https:\/\/www.omni-biotic.com\/sk-sk\/blog\/omni-biotic-10-aad\/\"\n           class=\"li-widgets--infobox__button\"\n            href=\"https:\/\/www.omni-biotic.com\/sk-sk\/blog\/omni-biotic-10-aad\/\">\n            Viac tu        <\/a>\n    \n<\/div>\n\t\t\t\t<\/div>\n\t\t\t\t<\/div>\n\t\t\t\t\t<\/div>\n\t\t\t\t<\/div>\n\t\t<div class=\"elementor-element elementor-element-e7e2fcb obcs none e-flex e-con-boxed e-con e-parent\" data-id=\"e7e2fcb\" data-element_type=\"container\">\n\t\t\t\t\t<div class=\"e-con-inner\">\n\t\t\t\t<div class=\"elementor-element elementor-element-1b318a4 elementor-widget elementor-widget-heading\" data-id=\"1b318a4\" data-element_type=\"widget\" data-widget_type=\"heading.default\">\n\t\t\t\t<div class=\"elementor-widget-container\">\n\t\t\t\t\t<h2 class=\"elementor-heading-title elementor-size-default\">Zhrnutie<\/h2>\t\t\t\t<\/div>\n\t\t\t\t<\/div>\n\t\t\t\t<div class=\"elementor-element elementor-element-5b37f94 elementor-icon-list--layout-traditional elementor-list-item-link-full_width elementor-widget elementor-widget-icon-list\" data-id=\"5b37f94\" data-element_type=\"widget\" data-widget_type=\"icon-list.default\">\n\t\t\t\t<div class=\"elementor-widget-container\">\n\t\t\t\t\t\t\t<ul class=\"elementor-icon-list-items\">\n\t\t\t\t\t\t\t<li class=\"elementor-icon-list-item\">\n\t\t\t\t\t\t\t\t\t\t\t<span class=\"elementor-icon-list-icon\">\n\t\t\t\t\t\t\t<i aria-hidden=\"true\" class=\"fas fa-check\"><\/i>\t\t\t\t\t\t<\/span>\n\t\t\t\t\t\t\t\t\t\t<span class=\"elementor-icon-list-text\">\u010co je rezistencia na antibiotik\u00e1<\/span>\n\t\t\t\t\t\t\t\t\t<\/li>\n\t\t\t\t\t\t<\/ul>\n\t\t\t\t\t\t<\/div>\n\t\t\t\t<\/div>\n\t\t\t\t<div class=\"elementor-element elementor-element-90d2b5a elementor-widget elementor-widget-text-editor\" data-id=\"90d2b5a\" data-element_type=\"widget\" data-widget_type=\"text-editor.default\">\n\t\t\t\t<div class=\"elementor-widget-container\">\n\t\t\t\t\t\t\t\t\t<p data-start=\"31\" data-end=\"159\">Ke\u010f bakt\u00e9rie prestan\u00fa reagova\u0165 na antibiotik\u00e1 a tieto lieky ich u\u017e nedok\u00e1\u017eu zni\u010di\u0165.<\/p>\t\t\t\t\t\t\t\t<\/div>\n\t\t\t\t<\/div>\n\t\t\t\t<div class=\"elementor-element elementor-element-a69126d elementor-icon-list--layout-traditional elementor-list-item-link-full_width elementor-widget elementor-widget-icon-list\" data-id=\"a69126d\" data-element_type=\"widget\" data-widget_type=\"icon-list.default\">\n\t\t\t\t<div class=\"elementor-widget-container\">\n\t\t\t\t\t\t\t<ul class=\"elementor-icon-list-items\">\n\t\t\t\t\t\t\t<li class=\"elementor-icon-list-item\">\n\t\t\t\t\t\t\t\t\t\t\t<span class=\"elementor-icon-list-icon\">\n\t\t\t\t\t\t\t<i aria-hidden=\"true\" class=\"fas fa-check\"><\/i>\t\t\t\t\t\t<\/span>\n\t\t\t\t\t\t\t\t\t\t<span class=\"elementor-icon-list-text\">Pre\u010do je nebezpe\u010dn\u00e1<\/span>\n\t\t\t\t\t\t\t\t\t<\/li>\n\t\t\t\t\t\t<\/ul>\n\t\t\t\t\t\t<\/div>\n\t\t\t\t<\/div>\n\t\t\t\t<div class=\"elementor-element elementor-element-a825993 elementor-widget elementor-widget-text-editor\" data-id=\"a825993\" data-element_type=\"widget\" data-widget_type=\"text-editor.default\">\n\t\t\t\t<div class=\"elementor-widget-container\">\n\t\t\t\t\t\t\t\t\t<p data-start=\"164\" data-end=\"307\">Infekcie sa st\u00e1vaj\u00fa \u0165a\u017eko lie\u010dite\u013en\u00fdmi, \u010do m\u00f4\u017ee vies\u0165 k v\u00e1\u017enym zdravotn\u00fdm probl\u00e9mom a dokonca ohrozeniu \u017eivota.<\/p>\t\t\t\t\t\t\t\t<\/div>\n\t\t\t\t<\/div>\n\t\t\t\t<div class=\"elementor-element elementor-element-4e80308 elementor-icon-list--layout-traditional elementor-list-item-link-full_width elementor-widget elementor-widget-icon-list\" data-id=\"4e80308\" data-element_type=\"widget\" data-widget_type=\"icon-list.default\">\n\t\t\t\t<div class=\"elementor-widget-container\">\n\t\t\t\t\t\t\t<ul class=\"elementor-icon-list-items\">\n\t\t\t\t\t\t\t<li class=\"elementor-icon-list-item\">\n\t\t\t\t\t\t\t\t\t\t\t<span class=\"elementor-icon-list-icon\">\n\t\t\t\t\t\t\t<i aria-hidden=\"true\" class=\"fas fa-check\"><\/i>\t\t\t\t\t\t<\/span>\n\t\t\t\t\t\t\t\t\t\t<span class=\"elementor-icon-list-text\">\u010co sa stane, ke\u010f nedoberiem antibiotik\u00e1?<\/span>\n\t\t\t\t\t\t\t\t\t<\/li>\n\t\t\t\t\t\t<\/ul>\n\t\t\t\t\t\t<\/div>\n\t\t\t\t<\/div>\n\t\t\t\t<div class=\"elementor-element elementor-element-81a5bac elementor-widget elementor-widget-text-editor\" data-id=\"81a5bac\" data-element_type=\"widget\" data-widget_type=\"text-editor.default\">\n\t\t\t\t<div class=\"elementor-widget-container\">\n\t\t\t\t\t\t\t\t\t<p data-start=\"312\" data-end=\"454\">Infekcia sa m\u00f4\u017ee vr\u00e1ti\u0165 silnej\u0161ia a bakt\u00e9rie m\u00f4\u017eu z\u00edska\u0165 odolnos\u0165, \u010do s\u0165a\u017e\u00ed bud\u00facu lie\u010dbu.<\/p>\t\t\t\t\t\t\t\t<\/div>\n\t\t\t\t<\/div>\n\t\t\t\t<div class=\"elementor-element elementor-element-118e8db elementor-icon-list--layout-traditional elementor-list-item-link-full_width elementor-widget elementor-widget-icon-list\" data-id=\"118e8db\" data-element_type=\"widget\" data-widget_type=\"icon-list.default\">\n\t\t\t\t<div class=\"elementor-widget-container\">\n\t\t\t\t\t\t\t<ul class=\"elementor-icon-list-items\">\n\t\t\t\t\t\t\t<li class=\"elementor-icon-list-item\">\n\t\t\t\t\t\t\t\t\t\t\t<span class=\"elementor-icon-list-icon\">\n\t\t\t\t\t\t\t<i aria-hidden=\"true\" class=\"fas fa-check\"><\/i>\t\t\t\t\t\t<\/span>\n\t\t\t\t\t\t\t\t\t\t<span class=\"elementor-icon-list-text\">Antibiotik\u00e1 pre deti: \u010cast\u00e9 predpisovanie <\/span>\n\t\t\t\t\t\t\t\t\t<\/li>\n\t\t\t\t\t\t<\/ul>\n\t\t\t\t\t\t<\/div>\n\t\t\t\t<\/div>\n\t\t\t\t<div class=\"elementor-element elementor-element-396b16f elementor-widget elementor-widget-text-editor\" data-id=\"396b16f\" data-element_type=\"widget\" data-widget_type=\"text-editor.default\">\n\t\t\t\t<div class=\"elementor-widget-container\">\n\t\t\t\t\t\t\t\t\t<p data-start=\"459\" data-end=\"620\">Nadmern\u00e9 u\u017e\u00edvanie m\u00f4\u017ee po\u0161kodi\u0165 \u010drevn\u00fa mikrobiotu det\u00ed a zv\u00fd\u0161i\u0165 riziko vzniku rezistencie a opakovan\u00fdch infekci\u00ed.<\/p>\t\t\t\t\t\t\t\t<\/div>\n\t\t\t\t<\/div>\n\t\t\t\t<div class=\"elementor-element elementor-element-d094f0a elementor-icon-list--layout-traditional elementor-list-item-link-full_width elementor-widget elementor-widget-icon-list\" data-id=\"d094f0a\" data-element_type=\"widget\" data-widget_type=\"icon-list.default\">\n\t\t\t\t<div class=\"elementor-widget-container\">\n\t\t\t\t\t\t\t<ul class=\"elementor-icon-list-items\">\n\t\t\t\t\t\t\t<li class=\"elementor-icon-list-item\">\n\t\t\t\t\t\t\t\t\t\t\t<span class=\"elementor-icon-list-icon\">\n\t\t\t\t\t\t\t<i aria-hidden=\"true\" class=\"fas fa-check\"><\/i>\t\t\t\t\t\t<\/span>\n\t\t\t\t\t\t\t\t\t\t<span class=\"elementor-icon-list-text\">Antibiotik\u00e1 na chr\u00edpku: \u00c1no alebo nie?<\/span>\n\t\t\t\t\t\t\t\t\t<\/li>\n\t\t\t\t\t\t<\/ul>\n\t\t\t\t\t\t<\/div>\n\t\t\t\t<\/div>\n\t\t\t\t<div class=\"elementor-element elementor-element-92dd760 elementor-widget elementor-widget-text-editor\" data-id=\"92dd760\" data-element_type=\"widget\" data-widget_type=\"text-editor.default\">\n\t\t\t\t<div class=\"elementor-widget-container\">\n\t\t\t\t\t\t\t\t\t<p data-start=\"625\" data-end=\"752\">Nie, preto\u017ee chr\u00edpku sp\u00f4sobuj\u00fa v\u00edrusy a antibiotik\u00e1 proti v\u00edrusom ne\u00fa\u010dinkuj\u00fa.<\/p>\t\t\t\t\t\t\t\t<\/div>\n\t\t\t\t<\/div>\n\t\t\t\t<div class=\"elementor-element elementor-element-e35691e elementor-icon-list--layout-traditional elementor-list-item-link-full_width elementor-widget elementor-widget-icon-list\" data-id=\"e35691e\" data-element_type=\"widget\" data-widget_type=\"icon-list.default\">\n\t\t\t\t<div class=\"elementor-widget-container\">\n\t\t\t\t\t\t\t<ul class=\"elementor-icon-list-items\">\n\t\t\t\t\t\t\t<li class=\"elementor-icon-list-item\">\n\t\t\t\t\t\t\t\t\t\t\t<span class=\"elementor-icon-list-icon\">\n\t\t\t\t\t\t\t<i aria-hidden=\"true\" class=\"fas fa-check\"><\/i>\t\t\t\t\t\t<\/span>\n\t\t\t\t\t\t\t\t\t\t<span class=\"elementor-icon-list-text\">Antibiotik\u00e1 na z\u00e1pal mo\u010dov\u00fdch ciest<\/span>\n\t\t\t\t\t\t\t\t\t<\/li>\n\t\t\t\t\t\t<\/ul>\n\t\t\t\t\t\t<\/div>\n\t\t\t\t<\/div>\n\t\t\t\t<div class=\"elementor-element elementor-element-19c9f7a elementor-widget elementor-widget-text-editor\" data-id=\"19c9f7a\" data-element_type=\"widget\" data-widget_type=\"text-editor.default\">\n\t\t\t\t<div class=\"elementor-widget-container\">\n\t\t\t\t\t\t\t\t\t<p data-start=\"757\" data-end=\"923\">V\u00e4\u010d\u0161ina t\u00fdchto infekci\u00ed je bakteri\u00e1lna, tak\u017ee antibiotik\u00e1 s\u00fa potrebn\u00e9, ale musia sa u\u017e\u00edva\u0165 presne pod\u013ea pokynov lek\u00e1ra. Nevyhnutn\u00e9 je aj posilni\u0165 imunitu, aby sa z\u00e1paly neopakovali a podpori\u0165 \u010drevn\u00fa a vagin\u00e1lnu mikrobiotu na to ur\u010den\u00fdmi probiotikami.<\/p>\t\t\t\t\t\t\t\t<\/div>\n\t\t\t\t<\/div>\n\t\t\t\t<div class=\"elementor-element elementor-element-6488e15 elementor-icon-list--layout-traditional elementor-list-item-link-full_width elementor-widget elementor-widget-icon-list\" data-id=\"6488e15\" data-element_type=\"widget\" data-widget_type=\"icon-list.default\">\n\t\t\t\t<div class=\"elementor-widget-container\">\n\t\t\t\t\t\t\t<ul class=\"elementor-icon-list-items\">\n\t\t\t\t\t\t\t<li class=\"elementor-icon-list-item\">\n\t\t\t\t\t\t\t\t\t\t\t<span class=\"elementor-icon-list-icon\">\n\t\t\t\t\t\t\t<i aria-hidden=\"true\" class=\"fas fa-check\"><\/i>\t\t\t\t\t\t<\/span>\n\t\t\t\t\t\t\t\t\t\t<span class=\"elementor-icon-list-text\">\u010co m\u00f4\u017eem urobi\u0165 a ako predch\u00e1dza\u0165 rezistencii  na antibiotik\u00e1?<\/span>\n\t\t\t\t\t\t\t\t\t<\/li>\n\t\t\t\t\t\t<\/ul>\n\t\t\t\t\t\t<\/div>\n\t\t\t\t<\/div>\n\t\t\t\t<div class=\"elementor-element elementor-element-0c7310f elementor-widget elementor-widget-text-editor\" data-id=\"0c7310f\" data-element_type=\"widget\" data-widget_type=\"text-editor.default\">\n\t\t\t\t<div class=\"elementor-widget-container\">\n\t\t\t\t\t\t\t\t\t<p>U\u017e\u00edvajte antibiotik\u00e1 pod\u013ea odpor\u00fa\u010dania lek\u00e1ra, neukon\u010dujte lie\u010dbu pred\u010dasne, nevy\u017eadujte si antibiotik\u00e1 pri ka\u017edom prechladnut\u00ed a pri chr\u00edpke a u\u017e\u00edvajte probiotik\u00e1\u00a0 k antibiotik\u00e1m.<\/p>\t\t\t\t\t\t\t\t<\/div>\n\t\t\t\t<\/div>\n\t\t\t\t\t<\/div>\n\t\t\t\t<\/div>\n\t\t<div class=\"elementor-element elementor-element-5aacf3a obcs none e-flex e-con-boxed e-con e-parent\" data-id=\"5aacf3a\" data-element_type=\"container\">\n\t\t\t\t\t<div class=\"e-con-inner\">\n\t\t\t\t\t<\/div>\n\t\t\t\t<\/div>\n\t\t\t\t<\/div>\n\t\t","protected":false},"excerpt":{"rendered":"<p>Rezistencia na antibiotik\u00e1 je d\u00f4sledkom nespr\u00e1vneho a \u010dast\u00e9ho u\u017e\u00edvania antibiot\u00edk. Nast\u00e1va vtedy, ke\u010f bakt\u00e9rie pre\u017eij\u00fa lie\u010dbu antibiotikami a stan\u00fa sa vo\u010di nim odoln\u00fdmi. Tento stav m\u00f4\u017ee vies\u0165 k z\u00e1va\u017en\u00fdm zdravotn\u00fdm probl\u00e9mom, preto\u017ee infekcie sp\u00f4soben\u00e9 rezistentn\u00fdmi bakt\u00e9riami s\u00fa ve\u013emi \u0165a\u017eko lie\u010dite\u013en\u00e9. Ako pred\u00eds\u0165 v\u00e1\u017enym n\u00e1sledkom nespr\u00e1vneho u\u017e\u00edvania antibiot\u00edk? <\/p>\n","protected":false},"author":17,"featured_media":26199,"comment_status":"closed","ping_status":"closed","sticky":false,"template":"","format":"standard","meta":{"_acf_changed":false,"inline_featured_image":false,"footnotes":""},"categories":[80],"tags":[],"class_list":["post-26117","post","type-post","status-publish","format-standard","has-post-thumbnail","hentry","category-staznosti-a-poradenstvo"],"acf":[],"rank_math":{"og:title":"Rezistencia na antibiotik\u00e1 ohrozuje verejn\u00e9 zdravie","og:desc":"Rezistencia na antibiotik\u00e1 je d\u00f4sledkom nespr\u00e1vneho a \u010dast\u00e9ho u\u017e\u00edvania antibiot\u00edk. \u010co sa stane ke\u010f nedoberiem antibiotik\u00e1? V\u0161etko o ATB tu.","og:url":"https:\/\/www.omni-biotic.com\/sk-sk\/blog\/rezistencia-na-antibiotika-problem-ktory-ohrozuje-verejne-zdravie\/","og:locale":"sk_SK","og:image":"https:\/\/www.omni-biotic.com\/sk-sk\/wp-content\/uploads\/sites\/9\/2025\/02\/rezistencia-na-antibiotika.png","og:image:width":"1067","og:image:height":"946"},"additional_data":{"thumbnail":"https:\/\/www.omni-biotic.com\/sk-sk\/wp-content\/uploads\/sites\/9\/2025\/02\/rezistencia-na-antibiotika.png"},"blog_info":{"country":"sk-sk"},"_links":{"self":[{"href":"https:\/\/www.omni-biotic.com\/sk-sk\/wp-json\/wp\/v2\/posts\/26117","targetHints":{"allow":["GET"]}}],"collection":[{"href":"https:\/\/www.omni-biotic.com\/sk-sk\/wp-json\/wp\/v2\/posts"}],"about":[{"href":"https:\/\/www.omni-biotic.com\/sk-sk\/wp-json\/wp\/v2\/types\/post"}],"author":[{"embeddable":true,"href":"https:\/\/www.omni-biotic.com\/sk-sk\/wp-json\/wp\/v2\/users\/17"}],"replies":[{"embeddable":true,"href":"https:\/\/www.omni-biotic.com\/sk-sk\/wp-json\/wp\/v2\/comments?post=26117"}],"version-history":[{"count":7,"href":"https:\/\/www.omni-biotic.com\/sk-sk\/wp-json\/wp\/v2\/posts\/26117\/revisions"}],"predecessor-version":[{"id":28839,"href":"https:\/\/www.omni-biotic.com\/sk-sk\/wp-json\/wp\/v2\/posts\/26117\/revisions\/28839"}],"wp:featuredmedia":[{"embeddable":true,"href":"https:\/\/www.omni-biotic.com\/sk-sk\/wp-json\/wp\/v2\/media\/26199"}],"wp:attachment":[{"href":"https:\/\/www.omni-biotic.com\/sk-sk\/wp-json\/wp\/v2\/media?parent=26117"}],"wp:term":[{"taxonomy":"category","embeddable":true,"href":"https:\/\/www.omni-biotic.com\/sk-sk\/wp-json\/wp\/v2\/categories?post=26117"},{"taxonomy":"post_tag","embeddable":true,"href":"https:\/\/www.omni-biotic.com\/sk-sk\/wp-json\/wp\/v2\/tags?post=26117"}],"curies":[{"name":"wp","href":"https:\/\/api.w.org\/{rel}","templated":true}]}}