{"id":26412,"date":"2025-03-10T09:04:18Z","date_gmt":"2025-03-10T08:04:18Z","guid":{"rendered":"https:\/\/www.omni-biotic.com\/sk-sk\/?p=26412"},"modified":"2026-01-20T15:44:29Z","modified_gmt":"2026-01-20T14:44:29Z","slug":"probiotika-pozitivne-ucinky-pri-antibiotikach-a-chemoterapii","status":"publish","type":"post","link":"https:\/\/www.omni-biotic.com\/sk-sk\/blog\/probiotika-pozitivne-ucinky-pri-antibiotikach-a-chemoterapii\/","title":{"rendered":"Probiotik\u00e1: Pozit\u00edvne \u00fa\u010dinky pri antibiotik\u00e1ch a chemoterapii"},"content":{"rendered":"\t\t<div data-elementor-type=\"wp-post\" data-elementor-id=\"26412\" class=\"elementor elementor-26412\" data-elementor-post-type=\"post\">\n\t\t\t\t<div class=\"elementor-element elementor-element-41d1a99 obcs none e-flex e-con-boxed e-con e-parent\" data-id=\"41d1a99\" data-element_type=\"container\">\n\t\t\t\t\t<div class=\"e-con-inner\">\n\t\t\t\t<div class=\"elementor-element elementor-element-3859565 elementor-widget elementor-widget-image\" data-id=\"3859565\" data-element_type=\"widget\" data-widget_type=\"image.default\">\n\t\t\t\t<div class=\"elementor-widget-container\">\n\t\t\t\t\t\t\t\t\t\t\t\t\t\t\t<img fetchpriority=\"high\" decoding=\"async\" width=\"700\" height=\"500\" src=\"https:\/\/www.omni-biotic.com\/sk-sk\/wp-content\/uploads\/sites\/9\/2023\/11\/antibiotika-einnahme.jpg\" class=\"attachment-large size-large wp-image-21597\" alt=\"\" srcset=\"https:\/\/www.omni-biotic.com\/sk-sk\/wp-content\/uploads\/sites\/9\/2023\/11\/antibiotika-einnahme.jpg 700w, https:\/\/www.omni-biotic.com\/sk-sk\/wp-content\/uploads\/sites\/9\/2023\/11\/antibiotika-einnahme-300x214.jpg 300w\" sizes=\"(max-width: 700px) 100vw, 700px\" title=\"\">\t\t\t\t\t\t\t\t\t\t\t\t\t\t\t<\/div>\n\t\t\t\t<\/div>\n\t\t\t\t\t<\/div>\n\t\t\t\t<\/div>\n\t\t<div class=\"elementor-element elementor-element-c9cfafe obcs none e-flex e-con-boxed e-con e-parent\" data-id=\"c9cfafe\" data-element_type=\"container\">\n\t\t\t\t\t<div class=\"e-con-inner\">\n\t\t\t\t<div class=\"elementor-element elementor-element-5266733 elementor-widget elementor-widget-text-editor\" data-id=\"5266733\" data-element_type=\"widget\" data-widget_type=\"text-editor.default\">\n\t\t\t\t<div class=\"elementor-widget-container\">\n\t\t\t\t\t\t\t\t\t<p>Antibiotik\u00e1 ni\u010dia nielen nebezpe\u010dn\u00e9 patog\u00e9ny, ale \u010dasto aj prospe\u0161n\u00e9 a zdravie podporuj\u00face \u010drevn\u00e9 bakt\u00e9rie. T\u00fdm sa zni\u017euje rozmanitos\u0165 \u010drevnej mikrobioty a potenci\u00e1lne \u0161kodliv\u00e9 bakt\u00e9rie sa m\u00f4\u017eu neru\u0161ene mno\u017ei\u0165. Nerovnov\u00e1ha v \u010drevnej mikrobiote m\u00f4\u017ee okrem in\u00e9ho vies\u0165 k po\u0161kodeniu \u010drevnej sliznice. To v\u0161etko m\u00f4\u017ee prispie\u0165 k v\u00fdskytu pr\u00edznakov spojen\u00fdch s antibiotikami, ako je napr\u00edklad hna\u010dka.<\/p>\t\t\t\t\t\t\t\t<\/div>\n\t\t\t\t<\/div>\n\t\t\t\t<div class=\"elementor-element elementor-element-6b2f47e elementor-widget elementor-widget-heading\" data-id=\"6b2f47e\" data-element_type=\"widget\" data-widget_type=\"heading.default\">\n\t\t\t\t<div class=\"elementor-widget-container\">\n\t\t\t\t\t<h2 class=\"elementor-heading-title elementor-size-default\">Hna\u010dka spojen\u00e1 s u\u017e\u00edvan\u00edm antibiot\u00edk \u2013 \u010dast\u00fd ved\u013eaj\u0161\u00ed \u00fa\u010dinok<\/h2>\t\t\t\t<\/div>\n\t\t\t\t<\/div>\n\t\t\t\t<div class=\"elementor-element elementor-element-70937c9 elementor-widget elementor-widget-text-editor\" data-id=\"70937c9\" data-element_type=\"widget\" data-widget_type=\"text-editor.default\">\n\t\t\t\t<div class=\"elementor-widget-container\">\n\t\t\t\t\t\t\t\t\t<p>Hna\u010dka sa vyskytuje\u00a0<strong>a\u017e u 49 % pacientov u\u017e\u00edvaj\u00facich antibiotik\u00e1<\/strong>. A\u017e u 25 % z nich sa vyvinie do \u0165a\u017ekej formy, spojenej s\u00a0<a href=\"http:\/\/Clostridioides difficile\" data-wplink-url-error=\"true\"><em><strong>Clostridium difficile<\/strong><\/em>\u00a0<\/a>(CDAD).\u00a0<em>Clostridium difficile<\/em>\u00a0je jedn\u00fdm z najbe\u017enej\u0161\u00edch\u00a0<strong>nemocni\u010dn\u00fdch mikr\u00f3bov<\/strong>\u00a0a pri r\u00fdchlom mno\u017een\u00ed m\u00f4\u017ee vies\u0165 k\u00a0<strong>rozsiahlemu po\u0161kodeniu \u010drevnej sliznice<\/strong>\u00a0a k z\u00e1palu vysok\u00e9ho stup\u0148a prostredn\u00edctvom produkcie dvoch r\u00f4znych tox\u00ednov (tox\u00edn A a tox\u00edn B). D\u00f4sledkom je \u0165a\u017ek\u00e1 a\u00a0<strong>niekedy \u017eivot ohrozuj\u00faca hna\u010dka<\/strong>. Okrem antibiot\u00edk m\u00f4\u017ee hna\u010dku sp\u00f4sobi\u0165 aj\u00a0<strong>chemoterapia<\/strong>, ktor\u00e1 sa pou\u017e\u00edva<strong>\u00a0pri lie\u010dbe rakoviny<\/strong>. To br\u00e1ni optim\u00e1lnej lie\u010dbe postihnut\u00fdch pacientov a v niektor\u00fdch pr\u00edpadoch aj pokra\u010dovaniu v lie\u010dbe.<\/p><p><strong>V\u010dasn\u00e9 pod\u00e1vanie<\/strong>\u00a0\u0161peci\u00e1lne\u00a0<strong>vyvinut\u00fdch probiot\u00edk spolu s liekmi<\/strong>\u00a0m\u00f4\u017ee\u00a0<strong>chr\u00e1ni\u0165 \u010drevn\u00fa sliznicu<\/strong> po\u010das antibiotickej a chemoterapeutickej lie\u010dby pozit\u00edvnou modul\u00e1ciou \u010drevn\u00e9ho mikrobi\u00f3mu. Pre tento pr\u00edstup bolo vyvinut\u00e9 <strong>probiotikum<\/strong>\u00a0pozost\u00e1vaj\u00face z desiatich vybran\u00fdch kme\u0148ov bakt\u00e9ri\u00ed.\u00a0<strong>Dok\u00e1\u017ee potla\u010di\u0165 rast \u0161kodliv\u00fdch mikr\u00f3bov<\/strong>\u00a0a uvo\u013e\u0148ovanie tox\u00ednov\u00a0<em>Clostridium difficile<\/em>\u00a0<strong>v priebehu 24 a\u017e 48 hod\u00edn<\/strong>. Toto probiotikum tak m\u00f4\u017ee \u00fa\u010dinne predch\u00e1dza\u0165 hna\u010dk\u00e1m vyvolan\u00fdm antibiotikami a CDAD.<\/p>\t\t\t\t\t\t\t\t<\/div>\n\t\t\t\t<\/div>\n\t\t\t\t\t<\/div>\n\t\t\t\t<\/div>\n\t\t<div class=\"elementor-element elementor-element-2610239 obcs none e-flex e-con-boxed e-con e-parent\" data-id=\"2610239\" data-element_type=\"container\">\n\t\t\t\t\t<div class=\"e-con-inner\">\n\t\t\t\t<div class=\"elementor-element elementor-element-5d0b8dc elementor-widget elementor-widget-heading\" data-id=\"5d0b8dc\" data-element_type=\"widget\" data-widget_type=\"heading.default\">\n\t\t\t\t<div class=\"elementor-widget-container\">\n\t\t\t\t\t<h2 class=\"elementor-heading-title elementor-size-default\">Probiotikum: osved\u010den\u00e9 a \u00faspe\u0161n\u00e9 pou\u017eitie pri chemoterapii a antibiotickej lie\u010dbe\n<\/h2>\t\t\t\t<\/div>\n\t\t\t\t<\/div>\n\t\t\t\t<div class=\"elementor-element elementor-element-6ce5882 elementor-widget elementor-widget-text-editor\" data-id=\"6ce5882\" data-element_type=\"widget\" data-widget_type=\"text-editor.default\">\n\t\t\t\t<div class=\"elementor-widget-container\">\n\t\t\t\t\t\t\t\t\t<p>V r\u00e1mci \u0161t\u00fadie v region\u00e1lnej nemocnici v Leobene sa sk\u00famali pozit\u00edvne \u00fa\u010dinky tohto<a href=\"https:\/\/www.omni-biotic.com\/sk-sk\/produkty\/omni-biotic-10-aad\/\"><strong>\u00a0\u0161peci\u00e1lne vyvinut\u00e9ho viaczlo\u017ekov\u00e9ho probiotika<\/strong><\/a>\u00a0na konzistenciu a frekvenciu stolice\u00a0<strong>po\u010das pod\u00e1vania antibiot\u00edk<\/strong>\u00a0v priebehu<strong>\u00a0chirurgick\u00fdch z\u00e1krokov<\/strong>\u00a0a\u00a0<strong>chemoterapie<\/strong>. 54 chirurgick\u00fdch pacientov v region\u00e1lnej nemocnici v Leobene, vr\u00e1tane deviatich pacientov s rakovinou, dost\u00e1valo okrem predp\u00edsan\u00e9ho antibiotika dvakr\u00e1t denne 5 gramov tohto probiotika.<strong>\u00a0Pod\u00e1vanie probiotick\u00fdch bakt\u00e9ri\u00ed v\u00fdznamne zn\u00ed\u017eilo v\u00fdskyt hna\u010dky<\/strong>\u00a0vyvolanej antibiotikami na 5,5 % (v\u0161eobecn\u00fd v\u00fdskyt s porovnate\u013en\u00fdmi liekmi: 25 %). Okrem toho sa u viac ako 50 % pacientov s hna\u010dkou zlep\u0161ila konzistencia stolice na hodnotu ni\u017e\u0161iu ako 6 na Bristolskej stupnici tvaru stolice (BSS), ktor\u00e1 zodpoved\u00e1 norm\u00e1lnej stolici (6 = hna\u010dka). Pozoruhodn\u00fd je najm\u00e4 pozit\u00edvny<strong>\u00a0\u00fa\u010dinok uveden\u00e9ho probiotika u pacientov s chemoterapiou<\/strong>: V\u010faka pod\u00e1vaniu probiot\u00edk\u00a0<strong>sa nevyskytol ani jeden pr\u00edpad hna\u010dky<\/strong>\u00a0vyvolanej antibiotikami alebo chemoterapiou. Za zmienku stoj\u00ed aj mimoriadne dobr\u00e1 zn\u00e1\u0161anlivos\u0165 v\u00fdrobku, ke\u010f\u017ee<strong>\u00a0sa nevyskytli \u017eiadne ved\u013eaj\u0161ie \u00fa\u010dinky<\/strong>.<\/p><blockquote><p>Najm\u00e4 u pacientov s rakovinou m\u00f4\u017ee<b> u\u017e\u00edvanie probiot\u00edk prispie\u0165 k optim\u00e1lnej\u0161iemu priebehu<\/b> lie\u010dby a navy\u0161e k <b>lep\u0161ej kvalite \u017eivota<\/b>.<\/p><\/blockquote>\t\t\t\t\t\t\t\t<\/div>\n\t\t\t\t<\/div>\n\t\t\t\t\t<\/div>\n\t\t\t\t<\/div>\n\t\t<div class=\"elementor-element elementor-element-382e3a0 obcs none e-flex e-con-boxed e-con e-parent\" data-id=\"382e3a0\" data-element_type=\"container\">\n\t\t\t\t\t<div class=\"e-con-inner\">\n\t\t\t\t<div class=\"elementor-element elementor-element-55bf0a7 elementor-widget elementor-widget-image\" data-id=\"55bf0a7\" data-element_type=\"widget\" data-widget_type=\"image.default\">\n\t\t\t\t<div class=\"elementor-widget-container\">\n\t\t\t\t\t\t\t\t\t\t\t\t\t\t\t<img decoding=\"async\" width=\"700\" height=\"500\" src=\"https:\/\/www.omni-biotic.com\/sk-sk\/wp-content\/uploads\/sites\/9\/2023\/11\/darmflora-probiotika-antibiotika.jpg\" class=\"attachment-large size-large wp-image-21598\" alt=\"\" srcset=\"https:\/\/www.omni-biotic.com\/sk-sk\/wp-content\/uploads\/sites\/9\/2023\/11\/darmflora-probiotika-antibiotika.jpg 700w, https:\/\/www.omni-biotic.com\/sk-sk\/wp-content\/uploads\/sites\/9\/2023\/11\/darmflora-probiotika-antibiotika-300x214.jpg 300w\" sizes=\"(max-width: 700px) 100vw, 700px\" title=\"\">\t\t\t\t\t\t\t\t\t\t\t\t\t\t\t<\/div>\n\t\t\t\t<\/div>\n\t\t\t\t<div class=\"elementor-element elementor-element-6488641 elementor-widget elementor-widget-heading\" data-id=\"6488641\" data-element_type=\"widget\" data-widget_type=\"heading.default\">\n\t\t\t\t<div class=\"elementor-widget-container\">\n\t\t\t\t\t<h2 class=\"elementor-heading-title elementor-size-default\">Viacdruhov\u00e9 probiotikum ako optim\u00e1lna sprievodn\u00e1 lie\u010dba<\/h2>\t\t\t\t<\/div>\n\t\t\t\t<\/div>\n\t\t\t\t<div class=\"elementor-element elementor-element-7e63169 elementor-widget elementor-widget-text-editor\" data-id=\"7e63169\" data-element_type=\"widget\" data-widget_type=\"text-editor.default\">\n\t\t\t\t<div class=\"elementor-widget-container\">\n\t\t\t\t\t\t\t\t\t<div class=\"omni-legacy-post--content block-0 layout-4\"><p>Antibiotick\u00e1 lie\u010dba m\u00f4\u017ee, ako u\u017e bolo spomenut\u00e9 na za\u010diatku, negat\u00edvne ovplyvni\u0165 zlo\u017eenie \u010drevnej mikrobioty, a t\u00fdm podpori\u0165 rast \u0161kodliv\u00fdch choroboplodn\u00fdch z\u00e1rodkov. Najm\u00e4 ak ide o<em>\u00a0Clostridium difficile<\/em>, m\u00f4\u017ee to vies\u0165 k zna\u010dn\u00fdm komplik\u00e1ci\u00e1m a niekedy aj k\u00a0<strong>\u017eivot ohrozuj\u00facej hna\u010dke<\/strong>. T\u00e1to \u0161t\u00fadia jasne ukazuje, \u017ee v\u010dasn\u00e9 pod\u00e1vanie probiot\u00edk popri antibiotickej lie\u010dbe v\u00fdznamne zni\u017euje v\u00fdskyt hna\u010dky vyvolanej antibiotikami u chirurgick\u00fdch pacientov.\u00a0<strong>Najm\u00e4 u pacientov s rakovinou<\/strong>\u00a0m\u00f4\u017ee\u00a0<strong>u\u017e\u00edvanie probiot\u00edk pom\u00f4c\u0165 optimalizova\u0165 priebeh lie\u010dby<\/strong>\u00a0a\u00a0<strong>zv\u00fd\u0161i\u0165 kvalitu \u017eivota<\/strong>. \u0160t\u00fadie u\u017e dok\u00e1zali, \u017ee\u00a0<a href=\"https:\/\/www.omni-biotic.com\/sk\/blog\/crevna-flora-v-pokrocilom-veku\/\"><strong>neporu\u0161en\u00e1 \u010drevn\u00e1 mikrobiota<\/strong><\/a>\u00a0m\u00e1 ve\u013ek\u00fd v\u00fdznam pre \u00faspe\u0161n\u00e9 vykon\u00e1vanie chemoterapie a \u017ee probiotik\u00e1 m\u00f4\u017eu obmedzi\u0165 po\u0161kodenie \u010drevnej sliznice sp\u00f4soben\u00e9 chemoterapeutikami. V tejto s\u00favislosti uveden\u00e1 \u0161t\u00fadia poskytuje mimoriadne p\u00f4sobiv\u00e9 v\u00fdsledky, ktor\u00e9 m\u00f4\u017eu pom\u00f4c\u0165 zavies\u0165<strong>\u00a0u\u017e\u00edvanie medic\u00ednsky relevantn\u00fdch probiot\u00edk ako \u0161tandardnej doplnkovej lie\u010dby<\/strong>\u00a0pri lie\u010dbe antibiotikami, ako aj pri\u00a0<strong>chemo- a r\u00e1dioterapii<\/strong>.<\/p><\/div>\t\t\t\t\t\t\t\t<\/div>\n\t\t\t\t<\/div>\n\t\t\t\t\t<\/div>\n\t\t\t\t<\/div>\n\t\t<div class=\"elementor-element elementor-element-3150a2f obcs none e-flex e-con-boxed e-con e-parent\" data-id=\"3150a2f\" data-element_type=\"container\">\n\t\t\t\t\t<div class=\"e-con-inner\">\n\t\t\t\t<div class=\"elementor-element elementor-element-7c44b2f elementor-widget elementor-widget-li-widgets--author-quote\" data-id=\"7c44b2f\" data-element_type=\"widget\" data-widget_type=\"li-widgets--author-quote.default\">\n\t\t\t\t<div class=\"elementor-widget-container\">\n\t\t\t\t\t<div class=\"li-widgets--author-quote blue\">\n            <div class=\"li-widgets--author-quote__image--wrapper\">\n            <div class=\"li-widgets--author-quote__image\">\n                <img decoding=\"async\" width=\"300\" height=\"279\" src=\"https:\/\/www.omni-biotic.com\/sk-sk\/wp-content\/uploads\/sites\/9\/2023\/11\/prof-hans-rabl-300x279.jpg\" class=\"attachment-medium size-medium\" alt=\"\" srcset=\"https:\/\/www.omni-biotic.com\/sk-sk\/wp-content\/uploads\/sites\/9\/2023\/11\/prof-hans-rabl-300x279.jpg 300w, https:\/\/www.omni-biotic.com\/sk-sk\/wp-content\/uploads\/sites\/9\/2023\/11\/prof-hans-rabl.jpg 400w\" sizes=\"(max-width: 300px) 100vw, 300px\" title=\"\">            <\/div>\n        <\/div>\n        <div class=\"li-widgets--author-quote__content\">\n        <div class=\"li-widgets--author-quote__author\">\n            Prim. Univ.-Prof. Dr. Hans Rabl                    <\/div>\n        <div class=\"li-widgets--author-quote__text\">\n            \u0160pecialista na v\u0161eobecn\u00fa chirurgiu a cievnu chirurgiu a ved\u00faci oddelenia chirurgie v region\u00e1lnej nemocnici Hochsteiermark (pracovisko Leoben).        <\/div>\n            <\/div>\n    <\/div>\n\t\t\t\t<\/div>\n\t\t\t\t<\/div>\n\t\t\t\t\t<\/div>\n\t\t\t\t<\/div>\n\t\t\t\t<\/div>\n\t\t","protected":false},"excerpt":{"rendered":"<p>Antibiotik\u00e1 patria medzi najd\u00f4le\u017eitej\u0161ie lek\u00e1rske objavy 20. storo\u010dia, preto\u017ee s\u00fa nevyhnutn\u00e9 na lie\u010dbu z\u00e1va\u017en\u00fdch a \u017eivot ohrozuj\u00facich bakteri\u00e1lnych infek\u010dn\u00fdch ochoren\u00ed. Po\u010das lie\u010dby antibiotikami sa v\u0161ak nezriedka vyskytuj\u00fa ne\u017eiaduce ved\u013eaj\u0161ie \u00fa\u010dinky.<\/p>\n","protected":false},"author":17,"featured_media":21604,"comment_status":"closed","ping_status":"closed","sticky":false,"template":"","format":"standard","meta":{"_acf_changed":false,"inline_featured_image":false,"footnotes":""},"categories":[85,80],"tags":[],"class_list":["post-26412","post","type-post","status-publish","format-standard","has-post-thumbnail","hentry","category-novinky-vo-vyskume","category-staznosti-a-poradenstvo"],"acf":[],"rank_math":{"og:title":"Antibiotik\u00e1 a chemoterapia: pozit\u00edvne \u00fa\u010dinky probiot\u00edk","og:desc":"Hna\u010dka je \u010dast\u00fdm ved\u013eaj\u0161\u00edm \u00fa\u010dinkom lie\u010dby antibiotikami a chemoterapie. \u0160t\u00fadie ukazuj\u00fa, \u017ee probiotik\u00e1 m\u00f4\u017eu ma\u0165 prevent\u00edvny \u00fa\u010dinok.","og:url":"https:\/\/www.omni-biotic.com\/sk-sk\/blog\/probiotika-pozitivne-ucinky-pri-antibiotikach-a-chemoterapii\/","og:locale":"sk_SK","og:image":"https:\/\/www.omni-biotic.com\/sk-sk\/wp-content\/uploads\/sites\/9\/2023\/11\/novinky-vo-vyskume.jpg","og:image:width":"300","og:image:height":"204"},"additional_data":{"thumbnail":"https:\/\/www.omni-biotic.com\/sk-sk\/wp-content\/uploads\/sites\/9\/2023\/11\/novinky-vo-vyskume.jpg"},"blog_info":{"country":"sk-sk"},"_links":{"self":[{"href":"https:\/\/www.omni-biotic.com\/sk-sk\/wp-json\/wp\/v2\/posts\/26412","targetHints":{"allow":["GET"]}}],"collection":[{"href":"https:\/\/www.omni-biotic.com\/sk-sk\/wp-json\/wp\/v2\/posts"}],"about":[{"href":"https:\/\/www.omni-biotic.com\/sk-sk\/wp-json\/wp\/v2\/types\/post"}],"author":[{"embeddable":true,"href":"https:\/\/www.omni-biotic.com\/sk-sk\/wp-json\/wp\/v2\/users\/17"}],"replies":[{"embeddable":true,"href":"https:\/\/www.omni-biotic.com\/sk-sk\/wp-json\/wp\/v2\/comments?post=26412"}],"version-history":[{"count":7,"href":"https:\/\/www.omni-biotic.com\/sk-sk\/wp-json\/wp\/v2\/posts\/26412\/revisions"}],"predecessor-version":[{"id":28558,"href":"https:\/\/www.omni-biotic.com\/sk-sk\/wp-json\/wp\/v2\/posts\/26412\/revisions\/28558"}],"wp:featuredmedia":[{"embeddable":true,"href":"https:\/\/www.omni-biotic.com\/sk-sk\/wp-json\/wp\/v2\/media\/21604"}],"wp:attachment":[{"href":"https:\/\/www.omni-biotic.com\/sk-sk\/wp-json\/wp\/v2\/media?parent=26412"}],"wp:term":[{"taxonomy":"category","embeddable":true,"href":"https:\/\/www.omni-biotic.com\/sk-sk\/wp-json\/wp\/v2\/categories?post=26412"},{"taxonomy":"post_tag","embeddable":true,"href":"https:\/\/www.omni-biotic.com\/sk-sk\/wp-json\/wp\/v2\/tags?post=26412"}],"curies":[{"name":"wp","href":"https:\/\/api.w.org\/{rel}","templated":true}]}}