{"id":26636,"date":"2025-09-25T07:00:37Z","date_gmt":"2025-09-25T05:00:37Z","guid":{"rendered":"https:\/\/www.omni-biotic.com\/sk-sk\/?p=26636"},"modified":"2025-12-30T16:37:52Z","modified_gmt":"2025-12-30T15:37:52Z","slug":"kozne-choroby-priciny-priznaky-a-prepojenie-so-zdravim-criev","status":"publish","type":"post","link":"https:\/\/www.omni-biotic.com\/sk-sk\/blog\/kozne-choroby-priciny-priznaky-a-prepojenie-so-zdravim-criev\/","title":{"rendered":"Ko\u017en\u00e9 choroby: Pr\u00ed\u010diny, pr\u00edznaky a prepojenie so zdrav\u00edm \u010driev"},"content":{"rendered":"\t\t<div data-elementor-type=\"wp-post\" data-elementor-id=\"26636\" class=\"elementor elementor-26636\" data-elementor-post-type=\"post\">\n\t\t\t\t<div class=\"elementor-element elementor-element-4ad393e obcs none e-flex e-con-boxed e-con e-parent\" data-id=\"4ad393e\" data-element_type=\"container\">\n\t\t\t\t\t<div class=\"e-con-inner\">\n\t\t\t\t<div class=\"elementor-element elementor-element-7c18d78 elementor-widget elementor-widget-image\" data-id=\"7c18d78\" data-element_type=\"widget\" data-widget_type=\"image.default\">\n\t\t\t\t<div class=\"elementor-widget-container\">\n\t\t\t\t\t\t\t\t\t\t\t\t\t\t\t<img fetchpriority=\"high\" decoding=\"async\" width=\"800\" height=\"567\" src=\"https:\/\/www.omni-biotic.com\/sk-sk\/wp-content\/uploads\/sites\/9\/2025\/05\/kozne-choroby-1024x726.png\" class=\"attachment-large size-large wp-image-26916\" alt=\"\" srcset=\"https:\/\/www.omni-biotic.com\/sk-sk\/wp-content\/uploads\/sites\/9\/2025\/05\/kozne-choroby-1024x726.png 1024w, https:\/\/www.omni-biotic.com\/sk-sk\/wp-content\/uploads\/sites\/9\/2025\/05\/kozne-choroby-300x213.png 300w, https:\/\/www.omni-biotic.com\/sk-sk\/wp-content\/uploads\/sites\/9\/2025\/05\/kozne-choroby-768x545.png 768w, https:\/\/www.omni-biotic.com\/sk-sk\/wp-content\/uploads\/sites\/9\/2025\/05\/kozne-choroby-1536x1090.png 1536w, https:\/\/www.omni-biotic.com\/sk-sk\/wp-content\/uploads\/sites\/9\/2025\/05\/kozne-choroby.png 1748w\" sizes=\"(max-width: 800px) 100vw, 800px\" title=\"\">\t\t\t\t\t\t\t\t\t\t\t\t\t\t\t<\/div>\n\t\t\t\t<\/div>\n\t\t\t\t<div class=\"elementor-element elementor-element-b9e29b1 elementor-widget elementor-widget-heading\" data-id=\"b9e29b1\" data-element_type=\"widget\" data-widget_type=\"heading.default\">\n\t\t\t\t<div class=\"elementor-widget-container\">\n\t\t\t\t\t<h2 class=\"elementor-heading-title elementor-size-default\">Ko\u017en\u00e9 choroby pod lupou<\/h2>\t\t\t\t<\/div>\n\t\t\t\t<\/div>\n\t\t\t\t<div class=\"elementor-element elementor-element-6f755b5 elementor-widget elementor-widget-text-editor\" data-id=\"6f755b5\" data-element_type=\"widget\" data-widget_type=\"text-editor.default\">\n\t\t\t\t<div class=\"elementor-widget-container\">\n\t\t\t\t\t\t\t\t\t<p><strong>Ko\u017en\u00e9 choroby<\/strong> predstavuj\u00fa \u0161irok\u00fa \u0161k\u00e1lu ochoren\u00ed postihuj\u00facich poko\u017eku, ktor\u00e9 m\u00f4\u017eu by\u0165 sp\u00f4soben\u00e9 r\u00f4znymi faktormi vr\u00e1tane genetick\u00fdch predispoz\u00edci\u00ed, hormon\u00e1lnych zmien (<a href=\"https:\/\/www.omni-biotic.com\/sk-sk\/blog\/perimenopauza\/\"><strong>perimenopauza<\/strong><\/a>\/<a href=\"https:\/\/www.omni-biotic.com\/sk-sk\/blog\/postmenopauza\/\"><strong>postmenopuaza<\/strong><\/a>),\u00a0<strong>infekci\u00ed<\/strong>, <a href=\"https:\/\/www.omni-biotic.com\/sk-sk\/crevne-problemy\/alergia\/\"><strong>alergi\u00ed<\/strong><\/a>, autoimunitn\u00fdch reakci\u00ed, <a href=\"https:\/\/www.omni-biotic.com\/sk-sk\/blog\/kortizol-hormon-stresu\/\"><strong>stresu<\/strong> <\/a>a \u017eivotn\u00e9ho \u0161t\u00fdlu.<\/p><p>Poko\u017eka je n\u00e1\u0161 <strong>najv\u00e4\u010d\u0161\u00ed org\u00e1n<\/strong>. \u010casto o nej uva\u017eujeme ako o nie\u010dom \u201enavonok\u201c \u2013 kr\u00e9mujeme, natierame, schov\u00e1vame pod make-up alebo oble\u010denie. Av\u0161ak<strong> mnoh\u00e9 ko\u017en\u00e9 choroby<\/strong> nevznikaj\u00fa na ko\u017ei, ale hlboko <strong>vo vn\u00fatri tela<\/strong> \u2013 naj\u010dastej\u0161ie <strong>v \u010drev\u00e1ch<\/strong>.<\/p><h3 data-pm-slice=\"1 1 []\"><span style=\"color: #008000\">Prekvapiv\u00e9 spojenie: \u010drevn\u00fd mikrobi\u00f3m a poko\u017eka<\/span><\/h3><p>Mnoh\u00ed \u013eudia si st\u00e1le neuvedomuj\u00fa, \u017ee <strong>ko\u017en\u00e9 ochorenia<\/strong> \u010dasto <strong>\u00fazko s\u00favisia so zmenami<\/strong> v <a href=\"https:\/\/www.omni-biotic.com\/sk-sk\/crevne-zdravie\/centrum-zdravia-crevo\/crevna-flora\/\"><strong>\u010drevnej mikrobiote<\/strong><\/a>. <a href=\"https:\/\/www.omni-biotic.com\/sk-sk\/o-nas\/vyskum-vyvoj\/\"><strong>Vedeck\u00e9 \u0161t\u00fadie<\/strong><\/a> ukazuj\u00fa, \u017ee pacienti s <strong>chronick\u00fdmi ko\u017en\u00fdmi ochoreniami<\/strong>, ako s\u00fa <strong>rosacea<\/strong>, <a href=\"https:\/\/www.omni-biotic.com\/sk-sk\/blog\/atopicky-ekzem-u-deti\/\"><strong>neurodermatit\u00edda<\/strong> <\/a>a <strong>psori\u00e1za<\/strong>, maj\u00fa naru\u0161en\u00fa rovnov\u00e1hu v \u010drev\u00e1ch &#8211; tzv. dysbi\u00f3zu. <strong>Nadbytok<\/strong> <a href=\"https:\/\/www.omni-biotic.com\/sk-sk\/blog\/patogenne-bakterie\/\"><strong>patog\u00e9nnych bakt\u00e9ri\u00ed<\/strong><\/a> vedie k z\u00e1palom, ktor\u00e9 sa prejavuj\u00fa aj cez ko\u017eu. Mnoh\u00e9 chronick\u00e9 ko\u017en\u00e9 ochorenia <strong>za\u010d\u00ednaj\u00fa v \u010dreve<\/strong> alebo v <a href=\"https:\/\/www.omni-biotic.com\/sk-sk\/blog\/stukovatena-pecen-probiotika-zlepsuju-funkciu-pecene\/\"><strong>pe\u010deni<\/strong> <\/a>&#8211; od tich\u00e9ho z\u00e1palu, cez tox\u00edny a\u017e po pre\u0165a\u017eenie <a href=\"https:\/\/www.omni-biotic.com\/sk-sk\/crevne-zdravie\/oblasti-vplyvu-criev\/imunitny-system\/\"><strong>imunitn\u00e9ho syst\u00e9mu<\/strong><\/a>.<\/p><p>Ke\u010f sa <strong>\u010drevo<\/strong> stane <a href=\"https:\/\/www.omni-biotic.com\/sk-sk\/crevne-problemy\/priepustne-crevo\/\"><strong>priepustn\u00fdm<\/strong> <\/a>a \u010drevn\u00e1 <strong>bari\u00e9ra<\/strong> u\u017e nepln\u00ed svoju funkciu, dost\u00e1vaj\u00fa sa prijat\u00e9 l\u00e1tky aj <strong>tox\u00edny do krvi<\/strong>. A \u010do na to poko\u017eka? St\u00e1va sa ventilom na to, \u010do telo nem\u00f4\u017ee spracova\u0165, tak\u017ee <strong>ne\u010distoty vych\u00e1dzaj\u00fa &#8222;na povrch&#8220;<\/strong>.<\/p><h3><span style=\"color: #008000\">Medzi naj\u010dastej\u0161ie ko\u017en\u00e9 ochorenia patria:<\/span><\/h3><h4><span style=\"color: #b5085a\">Atopick\u00fd ekz\u00e9m \/ Atopick\u00e1 dermatit\u00edda<\/span><\/h4><p><a href=\"https:\/\/www.omni-biotic.com\/sk-sk\/blog\/atopicky-ekzem-u-deti\/\"><strong>Atopick\u00fd ekz\u00e9m <\/strong><\/a>alebo <strong>neurodermatit\u00edda <\/strong>je <strong>chronick\u00e9 svrbiv\u00e9 ochorenie<\/strong>, ktor\u00e9 postihuje najm\u00e4 deti, ale aj dospel\u00fdch. <strong>Ko\u017ea je such\u00e1<\/strong>, \u010derven\u00e1, \u0161upinat\u00e1, \u010dasto <strong>popraskan\u00e1<\/strong>. M\u00f4\u017ee sa <a href=\"https:\/\/www.omni-biotic.com\/sk-sk\/blog\/stes-a-jeho-neziaduce-ucinky-na-nas-organizmus\/\"><strong>zhor\u0161ova\u0165 stresom<\/strong><\/a>, potravinov\u00fdmi alergiami alebo kontaktom s dr\u00e1\u017edidlami. Silne s\u00favis\u00ed s <a href=\"https:\/\/www.omni-biotic.com\/sk-sk\/blog\/alergie-prehnana-reakcia-imunitneho-systemu\/\"><strong>alergiami<\/strong> <\/a>a oslabenou bari\u00e9rovou funkciou ko\u017ee, ktor\u00e1 m\u00f4\u017ee by\u0165 ovplyvnen\u00e1 aj <a href=\"https:\/\/www.omni-biotic.com\/sk-sk\/crevne-zdravie\/centrum-zdravia-crevo\/crevny-mikrobiom\/\"><strong>\u010drevn\u00fdm mikrobiom\u00f3m<\/strong><\/a>. Je to ochorenie, pri ktorom sa <strong>ko\u017ea<\/strong> a<strong> imunitn\u00fd syst\u00e9m<\/strong> <strong>&#8222;nedok\u00e1\u017eu dohodn\u00fa\u0165 &#8222;<\/strong>\u2013 a \u010dasto za t\u00fdm stoj\u00ed aj nezdrav\u00e9 vn\u00fatorn\u00e9 prostredie, najm\u00e4 v \u010drev\u00e1ch.<\/p><h4><span style=\"color: #b5085a\">Psori\u00e1za<\/span><\/h4><p><strong>Psori\u00e1za (lupienka)<\/strong> je autoimunitn\u00e9 ochorenie, pri ktorom sa ko\u017en\u00e9 bunky obnovuj\u00fa ove\u013ea r\u00fdchlej\u0161ie ako norm\u00e1lne \u2013 nie za 28 dn\u00ed, ale za 3\u20135! V\u00fdsledkom s\u00fa \u010derven\u00e9, <strong>hrub\u00e9 lo\u017eisk\u00e1 pokryt\u00e9 strieborn\u00fdmi \u0161upinami<\/strong>, naj\u010dastej\u0161ie na lak\u0165och, kolen\u00e1ch, poko\u017eke hlavy \u010di v oblasti kr\u00ed\u017eov. Psori\u00e1za nie je \u201eiba\u201c ko\u017en\u00fd probl\u00e9m \u2013 je to <strong>syst\u00e9mov\u00e9 ochorenie s kore\u0148mi v imunite a tichom z\u00e1pale<\/strong>.\u00a0<strong data-start=\"3221\" data-end=\"3354\">Psori\u00e1za <\/strong>je chronick\u00e9, z\u00e1palov\u00e9 ochorenie, ktor\u00e9 postihuje nielen ko\u017eu, ale aj k\u013aby\u00a0<span style=\"background-color: inherit;font-weight: bolder\">(psoriatick\u00e1 artrit\u00edda)\u00a0<\/span><span style=\"background-color: inherit\">a vn\u00fatorn\u00e9 org\u00e1ny.\u00a0<\/span><span style=\"background-color: inherit\">Psori\u00e1za sa \u010dasto vyskytuje v spojen\u00ed s obezitou, <b>metabolick\u00fdm syndr\u00f3mom<\/b>, cukrovkou 2. typu a zv\u00fd\u0161en\u00fdm rizikom kardiovaskul\u00e1rnych ochoren\u00ed. Nov\u00e9 v\u00fdskumy poukazuj\u00fa aj na <b>naru\u0161en\u00fa rovnov\u00e1hu \u010drevn\u00e9ho mikrobi\u00f3mu<\/b>, ktor\u00e1 m\u00f4\u017ee prispieva\u0165 k z\u00e1palom v tele a zhor\u0161ovaniu psori\u00e1zy. Okrem fyzick\u00fdch pr\u00edznakov m\u00e1 psori\u00e1za aj v\u00fdrazn\u00fd psychologick\u00fd dopad \u2013 pacienti \u010dasto trpia \u00fazkos\u0165ou, <b><a href=\"https:\/\/www.omni-biotic.com\/sk-sk\/blog\/depresia-ako-ju-rozpoznat-a-zvladnut\/\">depresiou<\/a> <\/b>a spolo\u010denskou izol\u00e1ciou.\u00a0<\/span><span style=\"background-color: inherit\">V\u010dasn\u00e1 diagnostika, komplexn\u00e1 lie\u010dba a d\u00f4raz na zdrav\u00fd \u017eivotn\u00fd \u0161t\u00fdl m\u00f4\u017eu v\u00fdrazne zlep\u0161i\u0165 kvalitu \u017eivota pacienta.\u00a0<\/span><\/p><h4><span style=\"color: #b5085a\">Rosacea<\/span><\/h4><p><strong>Rosacea<\/strong> je chronick\u00e9 ochorenie ko\u017ee, ktor\u00e9 postihuje hlavne<strong> tv\u00e1r \u2013 nos, l\u00edca, bradu, \u010delo<\/strong>. Prejavuje sa za\u010dervenan\u00edm, roz\u0161\u00edren\u00fdmi cievkami, vyr\u00e1\u017ekami \u010di pupienkami. V pokro\u010dil\u00fdch pr\u00edpadoch m\u00f4\u017ee d\u00f4js\u0165 k zhrubnutiu ko\u017ee na nose (tzv. rinophyma). <strong>Sp\u00fa\u0161\u0165a\u010dmi b\u00fdvaj\u00fa stres<\/strong>, <strong>alkohol<\/strong>, <strong>slnko<\/strong>, korenen\u00e9 jedl\u00e1, tepl\u00e9 n\u00e1poje \u2013 ale aj \u010drevn\u00e9 dysbi\u00f3zy a <strong>SIBO<\/strong> (premno\u017eenie bakt\u00e9ri\u00ed v tenkom \u010dreve). A\u017e 80 % \u013eud\u00ed s rosaceou m\u00e1 pozit\u00edvny n\u00e1lez SIBO, \u010do potvrdzuje s\u00favislos\u0165 medzi tr\u00e1ven\u00edm a stavom pleti.<\/p><h4><span style=\"color: #b5085a\">Seboroick\u00e1 dermatit\u00edda<\/span><\/h4><p>Toto ochorenie postihuje najm\u00e4 oblasti s mno\u017estvom mazov\u00fdch \u017eliaz \u2013 teda <strong>vlasov\u00fa poko\u017eku<\/strong>, <strong>\u010delo<\/strong>, obo\u010die, nosov\u00fa ryhu, u\u0161i. Prejavuje sa ako mastn\u00e1, <strong>\u017eltkast\u00e1 \u0161upinatos\u0165<\/strong> s mo\u017en\u00fdm za\u010dervenan\u00edm a svrben\u00edm. Mnoh\u00ed si ho m\u00fdlia s lupinami \u2013 ale ide o <strong>z\u00e1palov\u00e9 ochorenie<\/strong>. Vznik\u00e1 v d\u00f4sledku <strong>premno\u017eenia kvasiniek<\/strong> (Malassezia), oslaben\u00e9ho imunitn\u00e9ho syst\u00e9mu alebo stresu a<strong> hormon\u00e1lnych zmien<\/strong>. \u010cast\u00e1 je aj spojitos\u0165 s nerovnov\u00e1hou \u010drevn\u00e9ho mikrobi\u00f3mu a mastn\u00fdmi kyselinami.<\/p><h4><span style=\"color: #b5085a\">Acne vulgaris (akne)<\/span><\/h4><p>Akn\u00e9 sa net\u00fdka len t\u00edned\u017eerov. \u010coraz viac dospel\u00fdch \u2013 najm\u00e4 \u017eien po tridsiatke \u2013 trp\u00ed <strong>hormon\u00e1lnym akn\u00e9<\/strong>, ktor\u00e9 sa objavuje na brade, \u010de\u013eusti a l\u00edcach. Pr\u00ed\u010dinou je <strong>nadmern\u00e1 produkcia mazu<\/strong>, upchatie p\u00f3rov a z\u00e1pal, \u010dasto v kombin\u00e1cii s <a href=\"https:\/\/www.omni-biotic.com\/sk-sk\/blog\/hormonalna-nerovnovaha-priznaky-liecba-a-suvislost-s-crevnym-mikrobiomom\/\"><strong>hormon\u00e1lnou nerovnov\u00e1hou<\/strong><\/a>. Akn\u00e9 ale \u00fazko s\u00favis\u00ed aj s tr\u00e1ven\u00edm \u2013 najm\u00e4 s intoleranciami, syndr\u00f3mom <a href=\"https:\/\/www.omni-biotic.com\/sk-sk\/crevne-problemy\/priepustne-crevo\/\"><strong>priepustn\u00e9ho \u010dreva (Leaky gut)<\/strong><\/a>, z\u00e1palmi v \u010drevnej sliznici \u010di nedostatkom \u017eiv\u00edn (napr. zinok, vitam\u00edn A, omega-3).\u00a0\u00a0<\/p><h4><span style=\"color: #b5085a\">P\u00e1sov\u00fd opar<\/span><\/h4><p data-start=\"74\" data-end=\"579\"><strong data-start=\"74\" data-end=\"89\">P\u00e1sov\u00fd opar<\/strong> (odborne <strong data-start=\"99\" data-end=\"116\">herpes zoster<\/strong>) je infek\u010dn\u00e9 v\u00edrusov\u00e9 ochorenie, ktor\u00e9 vznik\u00e1 <strong data-start=\"163\" data-end=\"203\">reaktiv\u00e1ciou v\u00edrusu varicella-zoster<\/strong> \u2013 rovnak\u00e9ho v\u00edrusu, ktor\u00fd sp\u00f4sobuje <strong data-start=\"240\" data-end=\"268\">ov\u010die kiahne (varicellu)<\/strong>. Po prekonan\u00ed ov\u010d\u00edch kiahn\u00ed ost\u00e1va v\u00edrus v organizme v ne\u010dinnom stave, ulo\u017een\u00fd v nervov\u00fdch gangli\u00e1ch \u2013 zhlukoch nervov\u00fdch buniek bl\u00edzko miechy. U niektor\u00fdch \u013eud\u00ed sa v\u0161ak tento spiaci v\u00edrus m\u00f4\u017ee <strong data-start=\"463\" data-end=\"482\">znovu aktivova\u0165<\/strong>, \u010dasto <strong data-start=\"490\" data-end=\"536\">roky alebo desa\u0165ro\u010dia po p\u00f4vodnej infekcii<\/strong>, a vyvol\u00e1 ochorenie zn\u00e1me ako p\u00e1sov\u00fd opar. Typick\u00fdm prejavom p\u00e1sov\u00e9ho oparu je <strong data-start=\"617\" data-end=\"638\">bolestiv\u00e1 vyr\u00e1\u017eka<\/strong>, ktor\u00e1 sa objavuje <strong data-start=\"658\" data-end=\"702\">v pruhu alebo p\u00e1se na jednej strane tela<\/strong>.\u00a0<span style=\"background-color: inherit\">U niektor\u00fdch pacientov sa vyvinie tzv. <\/span><strong style=\"background-color: inherit\" data-start=\"1309\" data-end=\"1337\">postherpetick\u00e1 neuralgia<\/strong><span style=\"background-color: inherit\"> \u2013 dlhotrvaj\u00faca boles\u0165 v postihnutej oblasti, ktor\u00e1 m\u00f4\u017ee pretrv\u00e1va\u0165 t\u00fd\u017edne a\u017e mesiace po tom, \u010do sa ko\u017en\u00e9 prejavy zahojili.\u00a0<\/span><span style=\"background-color: inherit\">P\u00e1sov\u00fd opar je ochorenie, ktor\u00e9 s\u00edce zvy\u010dajne nie je \u017eivot ohrozuj\u00face, no m\u00f4\u017ee by\u0165 ve\u013emi bolestiv\u00e9 a nepr\u00edjemn\u00e9. V\u010dasn\u00e1 diagn\u00f3za, r\u00fdchle nasadenie lie\u010dby a celkov\u00e1 podpora imunitn\u00e9ho syst\u00e9mu s\u00fa k\u013e\u00fa\u010dom k tomu, aby sa priebeh ochorenia \u010do najviac skr\u00e1til a zmiernili sa jeho n\u00e1sledky.<\/span><\/p><h4><span style=\"color: #b5085a\">Li\u0161aj na ko\u017ei<\/span><\/h4><p>Li\u0161aj je <b>ples\u0148ov\u00e9 infek\u010dn\u00e9 ko\u017en\u00e9 ochorenie<\/b>, ktor\u00e9 sp\u00f4sobuj\u00fa dermatofyty. Na poko\u017eke sa objavuj\u00fa<strong> okr\u00fahle \u010derven\u00e9 lo\u017eisk\u00e1<\/strong> so \u0161upinat\u00fdm okrajom, ktor\u00e9 svrbia a postupne sa zv\u00e4\u010d\u0161uj\u00fa. <strong>Li\u0161aje<\/strong> sa \u010dasto \u0161\u00edria zvlh\u010den\u00fdm prostred\u00edm (\u0161portov\u00e9 oble\u010denie, baz\u00e9ny, uter\u00e1ky), no d\u00f4le\u017eit\u00fdm faktorom je aj oslaben\u00e1 imunita. Lie\u010dba by mala by\u0165 komplexn\u00e1: lok\u00e1lna antimykotick\u00e1 + posilnenie imunity a \u010drevn\u00e9ho mikrobi\u00f3mu.<\/p><h4><span style=\"color: #b5085a\">Urtik\u00e1ria (\u017eih\u013eavka)<\/span><\/h4><p>Naj\u010dastej\u0161ie vznik\u00e1 ako reakcia na potraviny, lieky alebo stres. <strong data-start=\"65\" data-end=\"78\">Urtik\u00e1ria<\/strong>, zn\u00e1ma aj ako <strong data-start=\"93\" data-end=\"105\">\u017eih\u013eavka<\/strong>, je ko\u017en\u00e9 ochorenie, ktor\u00e9 sa prejavuje <strong data-start=\"146\" data-end=\"190\">r\u00fdchlo vznikaj\u00facimi, svrbiv\u00fdmi pupencami<\/strong> (urtikami), ktor\u00e9 \u010dasto pripom\u00ednaj\u00fa pop\u0155hlenie \u017eih\u013eavou \u2013 odtia\u013e aj jej n\u00e1zov. V\u00fdsevy s\u00fa zvy\u010dajne <strong data-start=\"289\" data-end=\"310\">ru\u017eov\u00e9 a\u017e \u010derven\u00e9<\/strong>, <strong data-start=\"312\" data-end=\"331\">mierne vyv\u00fd\u0161en\u00e9<\/strong>, <strong data-start=\"333\" data-end=\"343\">svrbia<\/strong>, m\u00f4\u017eu sa <strong data-start=\"353\" data-end=\"380\">sp\u00e1ja\u0165 do v\u00e4\u010d\u0161\u00edch pl\u00f4ch<\/strong> a niekedy <strong data-start=\"391\" data-end=\"415\">menia miesto v\u00fdskytu<\/strong> \u2013 objavia sa na jednej \u010dasti tela a o nieko\u013eko hod\u00edn zmizn\u00fa, aby sa presunuli inde. Lie\u010dba urtik\u00e1rie z\u00e1vis\u00ed od formy a pr\u00ed\u010diny. Pri ak\u00fatnej \u017eih\u013eavke je z\u00e1kladom <strong data-start=\"1696\" data-end=\"1734\">odstr\u00e1nenie vyvol\u00e1vaj\u00faceho faktora<\/strong>, ak je zn\u00e1my, a <strong data-start=\"1751\" data-end=\"1779\">nasadenie antihistamin\u00edk<\/strong>, ktor\u00e9 blokuj\u00fa \u00fa\u010dinok histam\u00ednu \u2013 l\u00e1tky, ktor\u00e1 sp\u00f4sobuje svrbenie a za\u010dervenanie ko\u017ee.\u00a0 V pr\u00edpade opakovan\u00fdch alebo chronick\u00fdch prejavov je d\u00f4le\u017eit\u00e9 nielen zmierni\u0165 pr\u00edznaky, ale <strong data-start=\"2782\" data-end=\"2810\">p\u00e1tra\u0165 po pr\u00ed\u010dine v tele<\/strong> \u2013 \u010di u\u017e ide o potravinov\u00fa intoleranciu, hormon\u00e1lnu nerovnov\u00e1hu, stres, alebo nerovnov\u00e1hu v \u010drevnej mikrobiote. Pr\u00e1ve prepojenie medzi <strong data-start=\"2945\" data-end=\"2985\">ko\u017eou, imunitou a tr\u00e1viacim syst\u00e9mom<\/strong> b\u00fdva pri urtik\u00e1rii \u010dasto k\u013e\u00fa\u010dom k \u00faspe\u0161nej dlhodobej lie\u010dbe.<\/p><h4><span style=\"color: #b5085a\">Vitiligo<\/span><\/h4><p><strong data-start=\"0\" data-end=\"12\">Vitiligo<\/strong> je chronick\u00e9 ko\u017en\u00e9 ochorenie, pri ktorom doch\u00e1dza k <strong data-start=\"65\" data-end=\"85\">strat\u00e1m pigmentu<\/strong> v ur\u010dit\u00fdch oblastiach ko\u017ee. Prejavuje sa ako <strong data-start=\"131\" data-end=\"164\">ostro ohrani\u010den\u00e9 biele \u0161kvrny<\/strong>, ktor\u00e9 vznikaj\u00fa v d\u00f4sledku <strong data-start=\"192\" data-end=\"239\">zni\u010denia alebo poruchy \u010dinnosti melanocytov<\/strong> \u2013 buniek zodpovedn\u00fdch za tvorbu melan\u00ednu, teda pigmentu, ktor\u00fd ur\u010duje farbu poko\u017eky, vlasov a o\u010d\u00ed. <strong data-start=\"788\" data-end=\"808\">Pr\u00ed\u010dina vitiliga<\/strong> nie je \u00faplne objasnen\u00e1, no predpoklad\u00e1 sa, \u017ee ide o <strong data-start=\"861\" data-end=\"887\">autoimunitn\u00e9 ochorenie<\/strong>, pri ktorom imunitn\u00fd syst\u00e9m omylom nap\u00e1da vlastn\u00e9 melanocyty. Svoje zohr\u00e1va aj genetick\u00e1 predispoz\u00edcia \u2013 vitiligo sa m\u00f4\u017ee vyskytova\u0165 v rodin\u00e1ch, najm\u00e4 v spojen\u00ed s in\u00fdmi autoimunitn\u00fdmi chorobami, ako s\u00fa napr\u00edklad poruchy \u0161t\u00edtnej \u017e\u013eazy, cukrovka 1. typu alebo pernici\u00f3zna an\u00e9mia. Sp\u00fa\u0161\u0165a\u010dmi m\u00f4\u017eu by\u0165 <strong data-start=\"1185\" data-end=\"1288\">stres, \u00farazy ko\u017ee (tzv. K\u00f6bnerov fenom\u00e9n), siln\u00e9 sp\u00e1lenie od slnka, hormon\u00e1lne zmeny alebo infekcie<\/strong>. Aj ke\u010f <strong data-start=\"2628\" data-end=\"2660\">vitiligo nie je vylie\u010dite\u013en\u00e9<\/strong>, jeho priebeh sa d\u00e1 <strong data-start=\"2681\" data-end=\"2717\">spomali\u0165 alebo \u010diasto\u010dne zvr\u00e1ti\u0165<\/strong>, najm\u00e4 ak sa lie\u010dba za\u010dne v\u010das. Modern\u00fd pr\u00edstup k vitiligu zah\u0155\u0148a aj <strong data-start=\"2787\" data-end=\"2812\">psychologick\u00fa podporu<\/strong>, preto\u017ee v mnoh\u00fdch pr\u00edpadoch s\u00fa pr\u00e1ve psychick\u00e9 dopady ochorenia najv\u00e1\u017enej\u0161ie.<\/p><h4><span style=\"color: #b5085a\">Pigmentov\u00e9 \u0161kvrny<\/span><\/h4><p><strong>Pigmentov\u00e9 \u0161kvrny <\/strong>s\u00edce <strong>nepredstavuj\u00fa zdravotn\u00e9 riziko<\/strong>, no s\u00fa d\u00f4le\u017eit\u00fdm<strong> sign\u00e1lom o stave poko\u017eky <\/strong>a jej reakcii na vonkaj\u0161ie alebo<strong> vn\u00fatorn\u00e9 vplyvy. Pigmentov\u00e9 \u0161kvrny<\/strong> s\u00fa ko\u017en\u00e9 zmeny, pri ktor\u00fdch doch\u00e1dza k <strong>nahromadeniu melan\u00ednu<\/strong> \u2013 prirodzen\u00e9ho pigmentu, ktor\u00fd ur\u010duje farbu poko\u017eky, vlasov a o\u010d\u00ed. Tieto \u0161kvrny vznikaj\u00fa v d\u00f4sledku poruchy <strong>tvorby<\/strong> alebo <strong>rozlo\u017eenia melan\u00ednu<\/strong> a m\u00f4\u017eu ma\u0165 r\u00f4znu farbu \u2013 od svetlohnedej a\u017e po tmavohned\u00fa, niekedy dokonca sivast\u00fa. Naj\u010dastej\u0161ie sa objavuj\u00fa na tv\u00e1ri, ruk\u00e1ch, krku, dekolte a in\u00fdch <strong>oblastiach vystaven\u00fdch slnku<\/strong>, preto\u017ee pr\u00e1ve ultrafialov\u00e9 <strong>(UV) \u017eiarenie<\/strong> je hlavn\u00fdm sp\u00fa\u0161\u0165a\u010dom ich vzniku.<\/p><p>\u00a0V\u010dasn\u00e1 prevencia, ochrana pred UV \u017eiaren\u00edm a cielene zvolen\u00e1 starostlivos\u0165 dok\u00e1\u017eu nielen zabr\u00e1ni\u0165 vzniku pigmentov\u00fdch \u0161kv\u0155n, ale aj v\u00fdrazne zlep\u0161i\u0165 vzh\u013ead poko\u017eky.\u00a0 Podpora zvn\u00fatra: Antioxida\u010dn\u00e1 v\u00fd\u017eiva \u2013<b> vitam\u00edny A, C, E, sel\u00e9n, zinok<\/b> podporuj\u00fa zdravie poko\u017eky. <b>Zn\u00ed\u017eenie z\u00e1palu<\/b> a oxidat\u00edvneho <b><a href=\"https:\/\/www.omni-biotic.com\/sk-sk\/blog\/vnutorny-stres\/\">stresu<\/a> <\/b>\u2013 pom\u00e1ha predch\u00e1dza\u0165 vzniku nov\u00fdch \u0161kv\u0155n. V pr\u00edpade v\u00fdraznej alebo neustupuj\u00facej pigment\u00e1cie je vhodn\u00e9 konzultova\u0165 stav s dermatol\u00f3gom.<\/p>\t\t\t\t\t\t\t\t<\/div>\n\t\t\t\t<\/div>\n\t\t\t\t\t<\/div>\n\t\t\t\t<\/div>\n\t\t<div class=\"elementor-element elementor-element-89174fd obcs none e-flex e-con-boxed e-con e-parent\" data-id=\"89174fd\" data-element_type=\"container\">\n\t\t\t\t\t<div class=\"e-con-inner\">\n\t\t\t\t<div class=\"elementor-element elementor-element-2afd5af elementor-widget elementor-widget-image\" data-id=\"2afd5af\" data-element_type=\"widget\" data-widget_type=\"image.default\">\n\t\t\t\t<div class=\"elementor-widget-container\">\n\t\t\t\t\t\t\t\t\t\t\t\t\t\t\t<img decoding=\"async\" width=\"800\" height=\"567\" src=\"https:\/\/www.omni-biotic.com\/sk-sk\/wp-content\/uploads\/sites\/9\/2025\/05\/kozne-ochorenia-1024x726.png\" class=\"attachment-large size-large wp-image-26938\" alt=\"\" srcset=\"https:\/\/www.omni-biotic.com\/sk-sk\/wp-content\/uploads\/sites\/9\/2025\/05\/kozne-ochorenia-1024x726.png 1024w, https:\/\/www.omni-biotic.com\/sk-sk\/wp-content\/uploads\/sites\/9\/2025\/05\/kozne-ochorenia-300x213.png 300w, https:\/\/www.omni-biotic.com\/sk-sk\/wp-content\/uploads\/sites\/9\/2025\/05\/kozne-ochorenia-768x545.png 768w, https:\/\/www.omni-biotic.com\/sk-sk\/wp-content\/uploads\/sites\/9\/2025\/05\/kozne-ochorenia-1536x1090.png 1536w, https:\/\/www.omni-biotic.com\/sk-sk\/wp-content\/uploads\/sites\/9\/2025\/05\/kozne-ochorenia.png 1748w\" sizes=\"(max-width: 800px) 100vw, 800px\" title=\"\">\t\t\t\t\t\t\t\t\t\t\t\t\t\t\t<\/div>\n\t\t\t\t<\/div>\n\t\t\t\t<div class=\"elementor-element elementor-element-6554a33 elementor-widget elementor-widget-heading\" data-id=\"6554a33\" data-element_type=\"widget\" data-widget_type=\"heading.default\">\n\t\t\t\t<div class=\"elementor-widget-container\">\n\t\t\t\t\t<h2 class=\"elementor-heading-title elementor-size-default\">Zdrav\u00e1 ple\u0165 za\u010d\u00edna v \u010drev\u00e1ch<\/h2>\t\t\t\t<\/div>\n\t\t\t\t<\/div>\n\t\t\t\t<div class=\"elementor-element elementor-element-76623d4 elementor-widget elementor-widget-text-editor\" data-id=\"76623d4\" data-element_type=\"widget\" data-widget_type=\"text-editor.default\">\n\t\t\t\t<div class=\"elementor-widget-container\">\n\t\t\t\t\t\t\t\t\t<p data-start=\"0\" data-end=\"418\"><strong>Zdravie poko\u017eky<\/strong> \u00fazko s\u00favis\u00ed so stavom<a href=\"https:\/\/www.omni-biotic.com\/sk-sk\/crevne-zdravie\/\"><strong> n\u00e1\u0161ho \u010dreva<\/strong><\/a> \u2013 nie je to oddelen\u00fd syst\u00e9m. Ak \u010drevo nefunguje spr\u00e1vne, doch\u00e1dza k<strong> zn\u00ed\u017eenej schopnosti vstreb\u00e1va\u0165 vitam\u00edny<\/strong>, miner\u00e1ly, antioxidanty a \u010fal\u0161ie mikronutrienty, ktor\u00e9 s\u00fa nevyhnutn\u00e9 pre <strong>obnovu a v\u00fd\u017eivu ko\u017ee<\/strong>. To znamen\u00e1, \u017ee aj ke\u010f si \u010dlovek dop\u013a\u0148a v\u00fd\u017eivu cez vitam\u00edny \u010di v\u00fd\u017eivov\u00e9 doplnky, ak \u010drevo nie je v dobrom stave, tieto l\u00e1tky sa vstrebaj\u00fa len minim\u00e1lne.<\/p><p data-start=\"420\" data-end=\"699\">Z\u00e1pal, zv\u00fd\u0161en\u00e1 <a href=\"https:\/\/www.omni-biotic.com\/sk-sk\/crevne-problemy\/priepustne-crevo\/\"><strong>priepustnos\u0165 \u010drevnej sliznice (\u201eleaky gut\u201c)<\/strong><\/a> alebo \u010drevn\u00e1 dysbi\u00f3za (nerovnov\u00e1ha <a href=\"https:\/\/www.omni-biotic.com\/sk-sk\/crevne-zdravie\/centrum-zdravia-crevo\/crevne-bakterie\/\"><strong>\u010drevn\u00fdch bakt\u00e9ri\u00ed<\/strong><\/a>) sa \u010dasto prejavuj\u00fa navonok \u2013 najm\u00e4 <strong>na ko\u017ei<\/strong>. Akn\u00e9, ekz\u00e9my, lupienka, rosacea \u010di chronick\u00e1 suchos\u0165 ko\u017ee m\u00f4\u017eu by\u0165 sign\u00e1lom, \u017ee tr\u00e1venie a vstreb\u00e1vanie \u017eiv\u00edn neprebieha ide\u00e1lne.<\/p><p data-start=\"701\" data-end=\"1044\">Preto je d\u00f4le\u017eit\u00e9 neza\u010d\u00edna\u0165 len <strong>vonkaj\u0161ou starostlivos\u0165ou<\/strong> o <a href=\"https:\/\/www.omni-biotic.com\/sk-sk\/blog\/plet-crevna-flora\/\"><strong>ple\u0165<\/strong><\/a>, ale najprv podpori\u0165 vn\u00fatorn\u00e9 prostredie. Regener\u00e1cia \u010drevnej sliznice, obnova mikrobi\u00f3mu (napr\u00edklad pomocou <a href=\"https:\/\/www.omni-biotic.com\/sk-sk\/crevne-zdravie\/centrum-zdravia-crevo\/probiotika\/\"><strong>probiot\u00edk<\/strong><\/a>, <a href=\"https:\/\/www.omni-biotic.com\/sk-sk\/crevne-zdravie\/centrum-zdravia-crevo\/prebiotika\/\"><strong>prebiot\u00edk<\/strong> <\/a>a <a href=\"https:\/\/www.omni-biotic.com\/sk-sk\/blog\/vlaknina\/\"><strong>vl\u00e1kniny<\/strong><\/a>), protiz\u00e1palov\u00e1 strava a dostato\u010dn\u00fd pr\u00edjem vody \u2013 to v\u0161etko vytv\u00e1ra z\u00e1klad, na ktorom sa m\u00f4\u017ee<a href=\"https:\/\/www.omni-biotic.com\/sk-sk\/blog\/chore-creva-zla-plet\/\"><strong> poko\u017eka<\/strong><\/a> <strong>prirodzene zotavova\u0165<\/strong> a roz\u017eiari\u0165.<\/p>\t\t\t\t\t\t\t\t<\/div>\n\t\t\t\t<\/div>\n\t\t\t\t<div class=\"elementor-element elementor-element-087a969 elementor-widget elementor-widget-infobox\" data-id=\"087a969\" data-element_type=\"widget\" data-widget_type=\"infobox.default\">\n\t\t\t\t<div class=\"elementor-widget-container\">\n\t\t\t\t\t\n<div class=\"li-widgets--infobox blue highlights-always-magenta\">\n\n    <div class=\"li-widgets--infobox__icon\">\n        <i aria-hidden=\"true\" class=\"fas fa-exclamation-circle\"><\/i>    <\/div>\n    <div class=\"li-widgets--infobox__text\">\n        A\u017e ke\u010f \u010drevo funguje spr\u00e1vne, m\u00e1 zmysel cielene suplementova\u0165 vitam\u00edny a miner\u00e1ly, ako napr\u00edklad zinok.    <\/div>\n    <div class=\"li-widgets--infobox__text-body\">\n            <\/div>\n\n    \n<\/div>\n\t\t\t\t<\/div>\n\t\t\t\t<\/div>\n\t\t\t\t\t<\/div>\n\t\t\t\t<\/div>\n\t\t<div class=\"elementor-element elementor-element-e008b5c obcs none e-flex e-con-boxed e-con e-parent\" data-id=\"e008b5c\" data-element_type=\"container\">\n\t\t\t\t\t<div class=\"e-con-inner\">\n\t\t\t\t<div class=\"elementor-element elementor-element-fe683ed elementor-widget elementor-widget-heading\" data-id=\"fe683ed\" data-element_type=\"widget\" data-widget_type=\"heading.default\">\n\t\t\t\t<div class=\"elementor-widget-container\">\n\t\t\t\t\t<h2 class=\"elementor-heading-title elementor-size-default\">\u010co pom\u00e1ha pri ko\u017en\u00fdch chorob\u00e1ch?<\/h2>\t\t\t\t<\/div>\n\t\t\t\t<\/div>\n\t\t\t\t<div class=\"elementor-element elementor-element-44dc0cb elementor-widget elementor-widget-text-editor\" data-id=\"44dc0cb\" data-element_type=\"widget\" data-widget_type=\"text-editor.default\">\n\t\t\t\t<div class=\"elementor-widget-container\">\n\t\t\t\t\t\t\t\t\t<p data-start=\"2718\" data-end=\"2842\">Prevencia a lie\u010dba ko\u017en\u00fdch ochoren\u00ed zah\u0155\u0148a kombin\u00e1ciu spr\u00e1vnej starostlivosti o poko\u017eku, zdrav\u00e9ho \u017eivotn\u00e9ho \u0161t\u00fdlu, posilnenia imunity a v pr\u00edpade potreby aj lek\u00e1rskeho z\u00e1sahu. \u010co pom\u00e1ha pri ko\u017en\u00fdch ochoreniach?<\/p><ol><li data-start=\"3368\" data-end=\"3575\"><strong data-start=\"3368\" data-end=\"3394\">Zamerajte sa na zdravie \u010driev:\u00a0<\/strong> preto\u017ee v \u010drev\u00e1ch sa nach\u00e1dza viac ako 70% imunitn\u00fdch buniek. Jedzte viac fermentovan\u00fdch potrav\u00edn, vl\u00e1kninu (cibu\u013ea, cesnak, \u0161parg\u013ea&#8230;) a zv\u00e1\u017ete aj probiotik\u00e1 \u2013 hlavne pri akomko\u013evek chronickom z\u00e1pale ko\u017ee. Zdravie ko\u017ee nie je oddelen\u00e9 od zdravia vn\u00fatorn\u00e9ho prostredia a pr\u00e1ve \u010drevn\u00fd mikrobi\u00f3m \u2013 komplexn\u00e1 komunita bakt\u00e9ri\u00ed, v\u00edrusov a h\u00fab \u017eij\u00facich v na\u0161om tr\u00e1viacom trakte \u2013 zohr\u00e1va k\u013e\u00fa\u010dov\u00fa \u00falohu v regul\u00e1cii imunity, z\u00e1palu a celkovej rovnov\u00e1hy organizmu. V posledn\u00fdch rokoch sa objavuje \u010doraz viac d\u00f4kazov o tom, \u017ee nerovnov\u00e1ha \u010drevnej mikrobioty (dysbi\u00f3za) m\u00f4\u017ee st\u00e1\u0165 za vznikom alebo zhor\u0161ovan\u00edm r\u00f4znych ko\u017en\u00fdch ochoren\u00ed.<\/li><li data-start=\"3368\" data-end=\"3575\"><strong data-start=\"3579\" data-end=\"3605\">Zjednodu\u0161te kozmetiku:<\/strong> menej je viac. Vyberajte si produkty bez parf\u00e9mov a dr\u00e1\u017ediv\u00fdch l\u00e1tok.<\/li><li data-start=\"3368\" data-end=\"3575\"><strong data-start=\"3681\" data-end=\"3712\">Hydratujte poko\u017eku aj telo:<\/strong> pite dos\u0165 \u010distej vody, vhodn\u00e9 s\u00fa aj nesladen\u00e9 bylinkov\u00e9 \u010daje a pou\u017e\u00edvajte kr\u00e9my s obsahom ceramidov \u010di panthenolu.<\/li><li data-start=\"3368\" data-end=\"3575\"><strong data-start=\"3787\" data-end=\"3804\">Zn\u00ed\u017ete stres:<\/strong>\u00a0pravideln\u00fd relax, medit\u00e1cia, \u010das v pr\u00edrode, \u010di \u010das s bl\u00edzkymi \u2013 ak sme v pohode &#8211; m\u00e1 to priamy dopad aj na poko\u017eku.<\/li><li style=\"font-size: 18px\" data-start=\"2156\" data-end=\"2276\"><span style=\"font-weight: bolder\">U\u017e\u00edvajte antibiotik\u00e1, iba ak je to nutn\u00e9\u00a0<\/span>a ak je potvrden\u00e1 bakteri\u00e1lna infekcia. Antibiotik\u00e1\u00a0 ni\u010dia aj prospe\u0161n\u00e9 bakt\u00e9rie v \u010dreve, \u010do m\u00f4\u017ee ma\u0165 za n\u00e1sledok zn\u00ed\u017eenie imunity a vznik ko\u017en\u00fdch ochoren\u00ed. Ak u\u017e mus\u00edte u\u017e\u00edva\u0165 antibiotik\u00e1, u\u017e\u00edvajte s\u00fa\u010dasne aj kvalitn\u00e9 probiotik\u00e1 k antibiotik\u00e1m, ktor\u00e9 pom\u00f4\u017eu chr\u00e1ni\u0165 \u010drevn\u00fa mikrobiotu a zn\u00ed\u017eia riziko ved\u013eaj\u0161\u00edch \u00fa\u010dinkov.<\/li><li data-start=\"3368\" data-end=\"3575\"><strong data-start=\"3921\" data-end=\"3950\">Konzultujte s odborn\u00edkom:<\/strong> ak m\u00e1te ne\u0161pecifick\u00e9 ko\u017en\u00e9 \u0165a\u017ekosti, ur\u010dite nav\u0161t\u00edvte dermatol\u00f3ga.<\/li><\/ol><h4><span style=\"color: #b5085a\">Vitam\u00edny, miner\u00e1ly, mikro\u017eiviny a podporn\u00e9 l\u00e1tky<\/span><\/h4><p>Pri ko\u017en\u00fdch ochoreniach je ve\u013emi d\u00f4le\u017eit\u00e9 zamera\u0165 sa na spr\u00e1vny pr\u00edjem <strong data-start=\"71\" data-end=\"96\">vitam\u00ednov a miner\u00e1lov<\/strong> a <strong data-start=\"71\" data-end=\"96\">podporn\u00fdch l\u00e1tok<\/strong>, ktor\u00e9 zohr\u00e1vaj\u00fa k\u013e\u00fa\u010dov\u00fa \u00falohu pri regener\u00e1cii poko\u017eky, zni\u017eovan\u00ed z\u00e1palu a podpore imunity.<\/p><h5 data-start=\"341\" data-end=\"387\">\u2705 <strong data-start=\"347\" data-end=\"387\">1. Vitam\u00edn A (retinol, beta-karot\u00e9n)<\/strong><\/h5><ul data-start=\"388\" data-end=\"623\"><li data-start=\"388\" data-end=\"492\"><p data-start=\"390\" data-end=\"492\"><strong data-start=\"390\" data-end=\"400\">\u00daloha:<\/strong> Podporuje obnovu ko\u017en\u00fdch buniek, udr\u017eiava zdravie epitelov\u00fdch tkan\u00edv, reguluje tvorbu mazu.<\/p><\/li><li data-start=\"493\" data-end=\"564\"><p data-start=\"495\" data-end=\"564\"><strong data-start=\"495\" data-end=\"510\">Pom\u00e1ha pri:<\/strong> akn\u00e9, psori\u00e1ze, ekz\u00e9moch, suchej a \u0161upinatej poko\u017eke.<\/p><\/li><li data-start=\"565\" data-end=\"623\"><p data-start=\"567\" data-end=\"623\"><strong data-start=\"567\" data-end=\"577\">Zdroj:<\/strong> pe\u010de\u0148, mrkva, sladk\u00e9 zemiaky, \u0161pen\u00e1t, vajcia.<\/p><\/li><\/ul><hr data-start=\"625\" data-end=\"628\" \/><h5 data-start=\"630\" data-end=\"673\">\u2705 <strong data-start=\"636\" data-end=\"673\">2. <a href=\"https:\/\/shop.omni-biotic.com\/sk-sk\/products\/meta-care-vitamin-c-plus-int-42725\">Vitam\u00edn C<\/a> (kyselina askorbov\u00e1)<\/strong><\/h5><ul data-start=\"674\" data-end=\"931\"><li data-start=\"674\" data-end=\"775\"><p data-start=\"676\" data-end=\"775\"><strong data-start=\"676\" data-end=\"686\">\u00daloha:<\/strong> Siln\u00fd antioxidant, podporuje tvorbu kolag\u00e9nu a regener\u00e1ciu ko\u017ee, zni\u017euje oxida\u010dn\u00fd stres.<\/p><\/li><li data-start=\"776\" data-end=\"865\"><p data-start=\"778\" data-end=\"865\"><strong data-start=\"778\" data-end=\"793\">Pom\u00e1ha pri:<\/strong> z\u00e1palov\u00fdch ochoreniach ko\u017ee, pomalom hojen\u00ed r\u00e1n, pigmentov\u00fdch \u0161kvrn\u00e1ch.<\/p><\/li><li data-start=\"866\" data-end=\"931\"><p data-start=\"868\" data-end=\"931\"><strong data-start=\"868\" data-end=\"878\">Zdroj:<\/strong> citrusy, paprika, brokolica, jahody, \u010dierne r\u00edbezle.<\/p><\/li><\/ul><hr data-start=\"933\" data-end=\"936\" \/><h5 data-start=\"938\" data-end=\"972\">\u2705 <strong data-start=\"944\" data-end=\"972\">3. Vitam\u00edn E (tokoferol)<\/strong><\/h5><ul data-start=\"973\" data-end=\"1182\"><li data-start=\"973\" data-end=\"1060\"><p data-start=\"975\" data-end=\"1060\"><strong data-start=\"975\" data-end=\"985\">\u00daloha:<\/strong> Chr\u00e1ni bunky pred oxida\u010dn\u00fdm po\u0161koden\u00edm, zvlh\u010duje poko\u017eku, upokojuje z\u00e1pal.<\/p><\/li><li data-start=\"1061\" data-end=\"1127\"><p data-start=\"1063\" data-end=\"1127\"><strong data-start=\"1063\" data-end=\"1078\">Pom\u00e1ha pri:<\/strong> ekz\u00e9me, atopickej dermatit\u00edde, starnut\u00ed poko\u017eky.<\/p><\/li><li data-start=\"1128\" data-end=\"1182\"><p data-start=\"1130\" data-end=\"1182\"><strong data-start=\"1130\" data-end=\"1140\">Zdroj:<\/strong> orechy, semen\u00e1, rastlinn\u00e9 oleje, avok\u00e1do.<\/p><\/li><\/ul><hr data-start=\"1184\" data-end=\"1187\" \/><h5 data-start=\"1189\" data-end=\"1211\">\u2705 <strong data-start=\"1195\" data-end=\"1211\">4. <a href=\"https:\/\/shop.omni-biotic.com\/sk-sk\/products\/meta-care-vitamin-d3-plus-int-42722\">Vitam\u00edn D<\/a><\/strong><\/h5><ul data-start=\"1212\" data-end=\"1430\"><li data-start=\"1212\" data-end=\"1300\"><p data-start=\"1214\" data-end=\"1300\"><strong data-start=\"1214\" data-end=\"1224\">\u00daloha:<\/strong> Reguluje imunitn\u00fa odpove\u010f, d\u00f4le\u017eit\u00fd pri autoimunitn\u00fdch ko\u017en\u00fdch ochoreniach.<\/p><\/li><li data-start=\"1301\" data-end=\"1356\"><p data-start=\"1303\" data-end=\"1356\"><strong data-start=\"1303\" data-end=\"1318\">Pom\u00e1ha pri:<\/strong> psori\u00e1ze, atopickom ekz\u00e9me, vitilige.<\/p><\/li><li data-start=\"1357\" data-end=\"1430\"><p data-start=\"1359\" data-end=\"1430\"><strong data-start=\"1359\" data-end=\"1369\">Zdroj:<\/strong> slne\u010dn\u00e9 \u017eiarenie, tu\u010dn\u00e9 ryby, doplnky v\u00fd\u017eivy (najm\u00e4 v zime).<\/p><\/li><\/ul><hr data-start=\"1432\" data-end=\"1435\" \/><h5 data-start=\"1437\" data-end=\"1504\">\u2705 <strong data-start=\"1443\" data-end=\"1504\">5. <a href=\"https:\/\/shop.omni-biotic.com\/sk-sk\/products\/meta-care-b-complex-int-42720\">Vitam\u00edny skupiny B<\/a> (najm\u00e4 B2, B3, B5, B6, B7 \u2013 biot\u00edn)<\/strong><\/h5><ul data-start=\"1505\" data-end=\"1767\"><li data-start=\"1505\" data-end=\"1593\"><p data-start=\"1507\" data-end=\"1593\"><strong data-start=\"1507\" data-end=\"1517\">\u00daloha:<\/strong> Podporuj\u00fa metabolizmus ko\u017ee, zni\u017euj\u00fa z\u00e1paly a podporuj\u00fa regener\u00e1ciu tkan\u00edv.<\/p><\/li><li data-start=\"1594\" data-end=\"1690\"><p data-start=\"1596\" data-end=\"1690\"><strong data-start=\"1596\" data-end=\"1613\">Pom\u00e1haj\u00fa pri:<\/strong> seborei, akn\u00e9, dermatit\u00edde, popraskanej poko\u017eke, slab\u00fdch vlasoch a nechtoch.<\/p><\/li><li data-start=\"1691\" data-end=\"1767\"><p data-start=\"1693\" data-end=\"1767\"><strong data-start=\"1693\" data-end=\"1703\">Zdroj:<\/strong> celozrnn\u00e9 produkty, strukoviny, m\u00e4so, vajcia, orechy, zelenina.<\/p><\/li><\/ul><hr data-start=\"1769\" data-end=\"1772\" \/><h5 data-start=\"1774\" data-end=\"1832\">\u2705 <strong data-start=\"1780\" data-end=\"1832\">6.<a href=\"https:\/\/shop.omni-biotic.com\/sk-sk\/products\/meta-care-zink-plus-int-e19\"> Zinok<\/a> (k\u013e\u00fa\u010dov\u00fd miner\u00e1l)<\/strong><\/h5><ul data-start=\"1833\" data-end=\"1973\"><li data-start=\"1833\" data-end=\"1919\"><p data-start=\"1835\" data-end=\"1919\"><strong data-start=\"1835\" data-end=\"1845\">\u00daloha:<\/strong> Podporuje hojenie, reguluje tvorbu ko\u017en\u00e9ho mazu, m\u00e1 protiz\u00e1palov\u00e9 \u00fa\u010dinky.<\/p><\/li><li data-start=\"1920\" data-end=\"1973\"><p data-start=\"1922\" data-end=\"1973\"><strong data-start=\"1922\" data-end=\"1937\">Pom\u00e1ha pri:<\/strong> akn\u00e9, ekz\u00e9moch, pomalom hojen\u00ed r\u00e1n.<\/p><\/li><li data-start=\"1920\" data-end=\"1973\"><p data-start=\"1922\" data-end=\"1973\"><b>Zdroj:<\/b> hov\u00e4dzie m\u00e4so, morsk\u00e9 plody, tekvicov\u00e9 semienka, orechy, vajcia, fazu\u013ea, \u0161o\u0161ovica.<\/p><\/li><\/ul><hr \/><h4 data-start=\"321\" data-end=\"351\"><span style=\"color: #b5085a\">\u010eal\u0161ie podporn\u00e9 l\u00e1tky<\/span><\/h4><h5 data-start=\"321\" data-end=\"351\">\ud83e\uddea <a href=\"https:\/\/shop.omni-biotic.com\/sk-sk\/products\/meta-care-magnesium-plus-int-42711\"><strong data-start=\"327\" data-end=\"349\">Hor\u010d\u00edk (magn\u00e9zium)<\/strong><\/a><\/h5><ul data-start=\"352\" data-end=\"872\"><li data-start=\"352\" data-end=\"496\"><p data-start=\"354\" data-end=\"496\"><strong data-start=\"354\" data-end=\"364\">\u00daloha:<\/strong> Hor\u010d\u00edk je k\u013e\u00fa\u010dov\u00fd miner\u00e1l pre stovky enzymatick\u00fdch procesov v tele, vr\u00e1tane regul\u00e1cie stresu, z\u00e1palov\u00fdch reakci\u00ed a obnovy tkan\u00edv.<\/p><\/li><li data-start=\"497\" data-end=\"747\"><p data-start=\"499\" data-end=\"519\"><strong data-start=\"499\" data-end=\"517\">Ko\u017ea a hor\u010d\u00edk:<\/strong><\/p><ul data-start=\"522\" data-end=\"747\"><li data-start=\"522\" data-end=\"605\"><p data-start=\"524\" data-end=\"605\">Pom\u00e1ha zni\u017eova\u0165 z\u00e1palov\u00fa aktivitu v ko\u017ei (u\u017eito\u010dn\u00fd pri ekz\u00e9moch, psori\u00e1ze, akn\u00e9).<\/p><\/li><li data-start=\"608\" data-end=\"661\"><p data-start=\"610\" data-end=\"661\">Podporuje hojenie a zni\u017euje precitlivenos\u0165 poko\u017eky.<\/p><\/li><li data-start=\"664\" data-end=\"747\"><p data-start=\"666\" data-end=\"747\">Nedostatok hor\u010d\u00edka m\u00f4\u017ee vies\u0165 k zhor\u0161eniu ko\u017en\u00fdch prejavov pri <a href=\"https:\/\/www.omni-biotic.com\/sk-sk\/blog\/vnutorny-stres\/\"><strong>chronickom strese<\/strong><\/a>.<\/p><\/li><\/ul><\/li><li data-start=\"748\" data-end=\"872\"><p data-start=\"750\" data-end=\"872\"><strong data-start=\"750\" data-end=\"761\">Zdroje:<\/strong> zelen\u00e1 listov\u00e1 zelenina, orechy, semienka, kakao, miner\u00e1lne vody, doplnky vo forme citr\u00e1tu alebo bisglycin\u00e1tu.<\/p><\/li><\/ul><hr data-start=\"874\" data-end=\"877\" \/><h5 data-start=\"879\" data-end=\"909\">\ud83c\udf3f <a href=\"https:\/\/shop.omni-biotic.com\/sk-sk\/products\/meta-care-curcuma-cell-int-42704\"><strong data-start=\"885\" data-end=\"907\">Kurkuma (kurkum\u00edn)<\/strong><\/a><\/h5><ul data-start=\"910\" data-end=\"1443\"><li data-start=\"910\" data-end=\"1024\"><p data-start=\"912\" data-end=\"1024\"><strong data-start=\"912\" data-end=\"922\">\u00daloha:<\/strong> Kurkum\u00edn je hlavn\u00e1 bioakt\u00edvna zlo\u017eka kurkumy s v\u00fdrazn\u00fdm <strong data-start=\"979\" data-end=\"1021\">protiz\u00e1palov\u00fdm a antioxida\u010dn\u00fdm \u00fa\u010dinkom<\/strong>.<\/p><\/li><li data-start=\"1025\" data-end=\"1269\"><p data-start=\"1027\" data-end=\"1046\"><strong data-start=\"1027\" data-end=\"1046\">Ko\u017ea a kurkuma:<\/strong><\/p><ul data-start=\"1049\" data-end=\"1269\"><li data-start=\"1049\" data-end=\"1121\"><p data-start=\"1051\" data-end=\"1121\">Pom\u00e1ha pri z\u00e1palov\u00fdch ochoreniach ako psori\u00e1za, ekz\u00e9m, rosacea a akn\u00e9.<\/p><\/li><li data-start=\"1124\" data-end=\"1192\"><p data-start=\"1126\" data-end=\"1192\">Zni\u017euje oxida\u010dn\u00fd stres v ko\u017en\u00fdch bunk\u00e1ch, \u010d\u00edm spoma\u013euje starnutie.<\/p><\/li><li data-start=\"1195\" data-end=\"1269\"><p data-start=\"1197\" data-end=\"1269\">Mo\u017eno ju u\u017e\u00edva\u0165 peror\u00e1lne aj aplikova\u0165 lok\u00e1lne (napr. ako s\u00fa\u010das\u0165 mast\u00ed).<\/p><\/li><\/ul><\/li><li data-start=\"1270\" data-end=\"1443\"><p data-start=\"1272\" data-end=\"1443\"><strong data-start=\"1272\" data-end=\"1285\">Pozn\u00e1mka:<\/strong> Kurkum\u00edn m\u00e1 n\u00edzku biologick\u00fa dostupnos\u0165 \u2013 odpor\u00fa\u010da sa kombinova\u0165 s <strong data-start=\"1353\" data-end=\"1384\">\u010diernym koren\u00edm (piper\u00ednom)<\/strong> alebo vo forme <strong data-start=\"1400\" data-end=\"1442\">micel\u00e1rnych \u010di liposom\u00e1lnych extraktov<\/strong>.<\/p><\/li><\/ul><hr data-start=\"1445\" data-end=\"1448\" \/><h5 data-start=\"1450\" data-end=\"1484\">\u26a1<a href=\"https:\/\/shop.omni-biotic.com\/sk-sk\/products\/meta-care-coenzym-q10-int-42712\"><strong data-start=\"1455\" data-end=\"1482\"> Koenz\u00fdm Q10<\/strong><\/a><\/h5><ul data-start=\"1485\" data-end=\"1948\"><li data-start=\"1485\" data-end=\"1645\"><p data-start=\"1487\" data-end=\"1645\"><strong data-start=\"1487\" data-end=\"1497\">\u00daloha:<\/strong> Koenz\u00fdm Q10 je siln\u00fd antioxidant, ktor\u00fd hr\u00e1 d\u00f4le\u017eit\u00fa \u00falohu pri produkcii bunkovej energie (ATP) a ochrane buniek pred po\u0161koden\u00edm vo\u013en\u00fdmi radik\u00e1lmi.<\/p><\/li><li data-start=\"1646\" data-end=\"1881\"><p data-start=\"1648\" data-end=\"1663\"><strong data-start=\"1648\" data-end=\"1663\">Ko\u017ea a Q10:<\/strong><\/p><ul data-start=\"1666\" data-end=\"1881\"><li data-start=\"1666\" data-end=\"1738\"><p data-start=\"1668\" data-end=\"1738\">Chr\u00e1ni ko\u017en\u00e9 bunky pred pred\u010dasn\u00fdm starnut\u00edm a po\u0161koden\u00edm UV \u017eiaren\u00edm.<\/p><\/li><li data-start=\"1741\" data-end=\"1784\"><p data-start=\"1743\" data-end=\"1784\">Zlep\u0161uje elasticitu a hydrat\u00e1ciu poko\u017eky.<\/p><\/li><li data-start=\"1787\" data-end=\"1881\"><p data-start=\"1789\" data-end=\"1881\">Pou\u017e\u00edva sa najm\u00e4 v anti-aging produktoch, ale m\u00e1 v\u00fdznam aj pri hojen\u00ed a regener\u00e1cii poko\u017eky.<\/p><\/li><\/ul><\/li><li data-start=\"1882\" data-end=\"1948\"><p data-start=\"1884\" data-end=\"1948\"><strong data-start=\"1884\" data-end=\"1894\">Forma:<\/strong> Ide\u00e1lny je <strong data-start=\"1906\" data-end=\"1947\">peror\u00e1lny doplnok + topick\u00e1 aplik\u00e1cia<\/strong>.<\/p><\/li><\/ul><hr data-start=\"1950\" data-end=\"1953\" \/><h5 data-start=\"1955\" data-end=\"1994\">\ud83c\udf32 <a href=\"https:\/\/shop.omni-biotic.com\/sk-sk\/products\/meta-care-weihrauch-int-42719\"><strong data-start=\"1961\" data-end=\"1992\">Kadidlo (Boswellia serrata)<\/strong><\/a><\/h5><ul data-start=\"1995\" data-end=\"2447\"><li data-start=\"1995\" data-end=\"2129\"><p data-start=\"1997\" data-end=\"2129\"><strong data-start=\"1997\" data-end=\"2007\">\u00daloha:<\/strong> Obsahuje <strong data-start=\"2017\" data-end=\"2040\">boswellov\u00e9 kyseliny<\/strong>, ktor\u00e9 inhibuj\u00fa enz\u00fdm 5-lipoxygen\u00e1zu, zodpovedn\u00fd za tvorbu proz\u00e1palov\u00fdch leukotri\u00e9nov.<\/p><\/li><li data-start=\"2130\" data-end=\"2375\"><p data-start=\"2132\" data-end=\"2151\"><strong data-start=\"2132\" data-end=\"2151\">Ko\u017ea a kadidlo:<\/strong><\/p><ul data-start=\"2154\" data-end=\"2375\"><li data-start=\"2154\" data-end=\"2240\"><p data-start=\"2156\" data-end=\"2240\">\u00da\u010dinn\u00e9 pri <strong data-start=\"2167\" data-end=\"2210\">chronick\u00fdch z\u00e1palov\u00fdch ochoreniach ko\u017ee<\/strong> \u2013 najm\u00e4 <strong data-start=\"2219\" data-end=\"2239\">psori\u00e1za a ekz\u00e9m<\/strong>.<\/p><\/li><li data-start=\"2243\" data-end=\"2317\"><p data-start=\"2245\" data-end=\"2317\">P\u00f4sob\u00ed <strong data-start=\"2252\" data-end=\"2301\">pr\u00edrodne protiz\u00e1palovo bez ved\u013eaj\u0161\u00edch \u00fa\u010dinkov<\/strong> ako kortikoidy.<\/p><\/li><li data-start=\"2320\" data-end=\"2375\"><p data-start=\"2322\" data-end=\"2375\">Zmier\u0148uje svrbenie, za\u010dervenanie a podporuje hojenie.<\/p><\/li><\/ul><\/li><li data-start=\"2376\" data-end=\"2447\"><p data-start=\"2378\" data-end=\"2447\"><strong data-start=\"2378\" data-end=\"2388\">Forma:<\/strong> Peror\u00e1lne kapsuly alebo masti\/kr\u00e9my s extraktom boswellie.<\/p><\/li><\/ul>\t\t\t\t\t\t\t\t<\/div>\n\t\t\t\t<\/div>\n\t\t\t\t<div class=\"elementor-element elementor-element-8e1e076 elementor-widget elementor-widget-image\" data-id=\"8e1e076\" data-element_type=\"widget\" data-widget_type=\"image.default\">\n\t\t\t\t<div class=\"elementor-widget-container\">\n\t\t\t\t\t\t\t\t\t\t\t\t\t\t\t<img decoding=\"async\" width=\"800\" height=\"567\" src=\"https:\/\/www.omni-biotic.com\/sk-sk\/wp-content\/uploads\/sites\/9\/2025\/05\/mikrobiom-pokozky-1024x726.png\" class=\"attachment-large size-large wp-image-26937\" alt=\"\" srcset=\"https:\/\/www.omni-biotic.com\/sk-sk\/wp-content\/uploads\/sites\/9\/2025\/05\/mikrobiom-pokozky-1024x726.png 1024w, https:\/\/www.omni-biotic.com\/sk-sk\/wp-content\/uploads\/sites\/9\/2025\/05\/mikrobiom-pokozky-300x213.png 300w, https:\/\/www.omni-biotic.com\/sk-sk\/wp-content\/uploads\/sites\/9\/2025\/05\/mikrobiom-pokozky-768x545.png 768w, https:\/\/www.omni-biotic.com\/sk-sk\/wp-content\/uploads\/sites\/9\/2025\/05\/mikrobiom-pokozky-1536x1090.png 1536w, https:\/\/www.omni-biotic.com\/sk-sk\/wp-content\/uploads\/sites\/9\/2025\/05\/mikrobiom-pokozky.png 1748w\" sizes=\"(max-width: 800px) 100vw, 800px\" title=\"\">\t\t\t\t\t\t\t\t\t\t\t\t\t\t\t<\/div>\n\t\t\t\t<\/div>\n\t\t\t\t<div class=\"elementor-element elementor-element-9374147 elementor-widget elementor-widget-heading\" data-id=\"9374147\" data-element_type=\"widget\" data-widget_type=\"heading.default\">\n\t\t\t\t<div class=\"elementor-widget-container\">\n\t\t\t\t\t<h2 class=\"elementor-heading-title elementor-size-default\">Probiotik\u00e1 pre zdravie \u010driev a pleti<\/h2>\t\t\t\t<\/div>\n\t\t\t\t<\/div>\n\t\t\t\t<div class=\"elementor-element elementor-element-2748824 elementor-widget elementor-widget-text-editor\" data-id=\"2748824\" data-element_type=\"widget\" data-widget_type=\"text-editor.default\">\n\t\t\t\t<div class=\"elementor-widget-container\">\n\t\t\t\t\t\t\t\t\t<p data-start=\"3421\" data-end=\"3545\"><b>Rovnov\u00e1ha \u010drevnej mikrobioty<\/b> zohr\u00e1va k\u013e\u00fa\u010dov\u00fa \u00falohu nielen pri tr\u00e1ven\u00ed, ale aj <b>pri zdrav\u00ed poko\u017eky<\/b>. Dnes u\u017e vieme, \u017ee existuje \u00fazka <b>s\u00favislos\u0165 medzi \u010drevom a ko\u017eou<\/b>. Ak je \u010drevn\u00e1 mikrobiota naru\u0161en\u00e1 (tzv. dysbi\u00f3za), m\u00f4\u017ee to vies\u0165 k zv\u00fd\u0161enej z\u00e1palovej aktivite v tele, ktor\u00e1 sa n\u00e1sledne prejavuje aj na poko\u017eke \u2013 napr\u00edklad akn\u00e9, ekz\u00e9mom, rosaceou \u010di zhor\u0161en\u00fdm hojen\u00edm.<\/p><p data-start=\"633\" data-end=\"968\">Pravideln\u00e9 <a href=\"https:\/\/www.omni-biotic.com\/sk-sk\/blog\/6-faktov-o-omni-biotic-6-probiotika\/\"><strong>u\u017e\u00edvanie probiot\u00edk<\/strong><\/a> m\u00f4\u017ee pom\u00f4c\u0165 zn\u00ed\u017ei\u0165 syst\u00e9mov\u00fd z\u00e1pal, podpori\u0165 imunitn\u00fd syst\u00e9m a t\u00fdm prispie\u0165 aj k \u010distej\u0161ej, zdrav\u0161ej pleti.<\/p><h4 data-start=\"970\" data-end=\"1025\"><a href=\"https:\/\/shop.omni-biotic.com\/sk-sk\/products\/omni-biotic-6-int-99104\">6 bakteri\u00e1lnych kme\u0148ov<\/a> pre zdrav\u00fa poko\u017eku:<\/h4><ul data-start=\"1026\" data-end=\"1231\"><li data-start=\"1026\" data-end=\"1062\"><p data-start=\"1028\" data-end=\"1062\"><strong data-start=\"1028\" data-end=\"1060\">Bifidobacterium animalis W53<\/strong><\/p><\/li><li data-start=\"1063\" data-end=\"1100\"><p data-start=\"1065\" data-end=\"1100\"><strong data-start=\"1065\" data-end=\"1098\">Lactobacillus acidophilus W55<\/strong><\/p><\/li><li data-start=\"1101\" data-end=\"1137\"><p data-start=\"1103\" data-end=\"1137\"><strong data-start=\"1103\" data-end=\"1135\">Lactobacillus salivarius W57<\/strong><\/p><\/li><li data-start=\"1138\" data-end=\"1169\"><p data-start=\"1140\" data-end=\"1169\"><strong data-start=\"1140\" data-end=\"1167\">Lactobacillus casei W56<\/strong><\/p><\/li><li data-start=\"1170\" data-end=\"1202\"><p data-start=\"1172\" data-end=\"1202\"><strong data-start=\"1172\" data-end=\"1200\">Enterococcus faecium W54<\/strong><\/p><\/li><li data-start=\"1203\" data-end=\"1231\"><p data-start=\"1205\" data-end=\"1231\"><strong data-start=\"1205\" data-end=\"1231\">Lactococcus lactis W58<\/strong><\/p><\/li><\/ul><p data-start=\"1233\" data-end=\"1501\"><a href=\"https:\/\/www.omni-biotic.com\/sk-sk\/blog\/omni-biotic-6\/\"><strong>Tieto kmene<\/strong> <\/a>p\u00f4sobia synergicky \u2013 pom\u00e1haj\u00fa<b> obnovi\u0165 \u010drevn\u00fa bari\u00e9ru<\/b>, br\u00e1nia premno\u017eeniu \u0161kodliv\u00fdch bakt\u00e9ri\u00ed a z\u00e1rove\u0148 podporuj\u00fa tvorbu l\u00e1tok prospe\u0161n\u00fdch pre imunitu a zdravie ko\u017ee. V\u00fdsledkom m\u00f4\u017ee by\u0165 nielen lep\u0161ie tr\u00e1venie, ale aj vidite\u013en\u00e9 <b>zlep\u0161enie stavu pleti zvn\u00fatra<\/b>.<\/p>\t\t\t\t\t\t\t\t<\/div>\n\t\t\t\t<\/div>\n\t\t\t\t<div class=\"elementor-element elementor-element-32e493e elementor-widget elementor-widget-image\" data-id=\"32e493e\" data-element_type=\"widget\" data-widget_type=\"image.default\">\n\t\t\t\t<div class=\"elementor-widget-container\">\n\t\t\t\t\t\t\t\t\t\t\t\t\t\t\t<img loading=\"lazy\" decoding=\"async\" width=\"700\" height=\"200\" src=\"https:\/\/www.omni-biotic.com\/sk-sk\/wp-content\/uploads\/sites\/9\/2025\/07\/bakterie-metabolizmus.gif\" class=\"attachment-large size-large wp-image-27087\" alt=\"\" title=\"\">\t\t\t\t\t\t\t\t\t\t\t\t\t\t\t<\/div>\n\t\t\t\t<\/div>\n\t\t\t\t<div class=\"elementor-element elementor-element-a770477 elementor-widget elementor-widget-infobox\" data-id=\"a770477\" data-element_type=\"widget\" data-widget_type=\"infobox.default\">\n\t\t\t\t<div class=\"elementor-widget-container\">\n\t\t\t\t\t\n<div class=\"li-widgets--infobox magenta highlights-always-magenta\">\n\n    <div class=\"li-widgets--infobox__icon\">\n        <i aria-hidden=\"true\" class=\"fas fa-microscope\"><\/i>    <\/div>\n    <div class=\"li-widgets--infobox__text\">\n        Probiotik\u00e1 a ich preuk\u00e1zan\u00e9 \u00fa\u010dinky pri ko\u017en\u00fdch chorob\u00e1ch    <\/div>\n    <div class=\"li-widgets--infobox__text-body\">\n        <p data-start=\"189\" data-end=\"402\">Viacer\u00e9 klinick\u00e9 \u0161t\u00fadie v posledn\u00fdch rokoch potvrdzuj\u00fa, \u017ee u\u017e\u00edvanie probiot\u00edk m\u00f4\u017ee v\u00fdrazne prispie\u0165 k zlep\u0161eniu stavu pleti, najm\u00e4 pri z\u00e1palov\u00fdch ko\u017en\u00fdch ochoreniach, ako s\u00fa akn\u00e9, psori\u00e1za \u010di atopick\u00e1 dermatit\u00edda.<\/p><p data-start=\"404\" data-end=\"1017\">Jedna z najnov\u0161\u00edch randomizovan\u00fdch a placebom kontrolovan\u00fdch klinick\u00fdch \u0161t\u00fadi\u00ed (Eguren et al., 2024), publikovan\u00e1 v odbornom \u010dasopise <em data-start=\"538\" data-end=\"566\">Acta Dermato-Venereologica<\/em>, sa zamerala na vplyv kombin\u00e1cie probiotika <strong data-start=\"611\" data-end=\"656\">Lacticaseibacillus rhamnosus (CECT 30031)<\/strong> a cyanobakt\u00e9rie <strong data-start=\"673\" data-end=\"698\">Arthrospira platensis<\/strong> u pacientov s akn\u00e9. Po 12 t\u00fd\u017ed\u0148och u\u017e\u00edvania zaznamenalo <strong data-start=\"755\" data-end=\"777\">a\u017e 50\u202f% \u00fa\u010dastn\u00edkov<\/strong> v probiotickej skupine v\u00fdrazn\u00e9 zlep\u0161enie stavu poko\u017eky pod\u013ea glob\u00e1lnej \u0161k\u00e1ly z\u00e1va\u017enosti akn\u00e9, v porovnan\u00ed s <strong data-start=\"886\" data-end=\"912\">29\u202f% v placebo skupine<\/strong>. Navy\u0161e sa preuk\u00e1zala v\u00fdznamn\u00e1 redukcia nez\u00e1palov\u00fdch l\u00e9zi\u00ed a celkov\u00e9 zn\u00ed\u017eenie ko\u017en\u00e9ho z\u00e1palu (p = 0,03).<\/p><p data-start=\"1019\" data-end=\"1298\">Pozit\u00edvne v\u00fdsledky sa v\u0161ak net\u00fdkaj\u00fa len akn\u00e9. V inej 12-t\u00fd\u017ed\u0148ovej \u0161t\u00fadii u pacientov so <strong data-start=\"1107\" data-end=\"1120\">psori\u00e1zou<\/strong> dosiahlo <strong data-start=\"1130\" data-end=\"1140\">66,7\u202f%<\/strong> t\u00fdch, ktor\u00ed u\u017e\u00edvali probiotik\u00e1, v\u00fdrazn\u00e9 zlep\u0161enie stavu (zn\u00ed\u017eenie sk\u00f3re PASI o viac ako 75\u202f%), zatia\u013e \u010do v placebo skupine to bolo len <strong data-start=\"1276\" data-end=\"1286\">41,9\u202f%<\/strong> (p &lt; 0,05).<\/p><p data-start=\"1300\" data-end=\"1617\">Metaanal\u00fdza 25 klinick\u00fdch \u0161t\u00fadi\u00ed zah\u0155\u0148aj\u00facich <strong data-start=\"1346\" data-end=\"1390\">1 599 pacientov s atopickou dermatit\u00eddou<\/strong> uk\u00e1zala, \u017ee u\u017e\u00edvanie probiot\u00edk viedlo k zn\u00ed\u017eeniu sk\u00f3re SCORAD \u2013 v priemere o <strong data-start=\"1468\" data-end=\"1487\">4,5 bodu u det\u00ed<\/strong> a <strong data-start=\"1490\" data-end=\"1514\">8,2 bodu u dospel\u00fdch<\/strong>. To predstavuje klinicky relevantn\u00e9 zlep\u0161enie v prejavoch tohto chronick\u00e9ho z\u00e1palov\u00e9ho ochorenia ko\u017ee.<\/p><h3 data-start=\"1624\" data-end=\"1638\">\ud83d\udcda Zdroje:<\/h3><p data-start=\"1641\" data-end=\"1765\">Eguren G, et al. <em data-start=\"1658\" data-end=\"1686\">Acta Dermato-Venereologica<\/em>, 2024. <a class=\"cursor-pointer\" target=\"_new\" rel=\"noopener\" data-start=\"1694\" data-end=\"1763\">PMC11110809<\/a><\/p><p data-start=\"1768\" data-end=\"1881\">Navarro-L\u00f3pez V, et al. <em data-start=\"1792\" data-end=\"1812\">Scientific Reports<\/em>, 2019. <a class=\"cursor-pointer\" target=\"_new\" rel=\"noopener\" data-start=\"1820\" data-end=\"1879\">PMID: 31453631<\/a><\/p><p data-start=\"1884\" data-end=\"2019\">Huang R, et al. <em data-start=\"1900\" data-end=\"1930\">Allergol Immunopathol (Madr)<\/em>, 2017. Meta-anal\u00fdza 25 RCTs. <a class=\"cursor-pointer\" target=\"_new\" rel=\"noopener\" data-start=\"1960\" data-end=\"2019\">PMID: 24947281<\/a><\/p>    <\/div>\n\n    \n<\/div>\n\t\t\t\t<\/div>\n\t\t\t\t<\/div>\n\t\t\t\t<div class=\"elementor-element elementor-element-85e57a0 elementor-widget elementor-widget-heading\" data-id=\"85e57a0\" data-element_type=\"widget\" data-widget_type=\"heading.default\">\n\t\t\t\t<div class=\"elementor-widget-container\">\n\t\t\t\t\t<h2 class=\"elementor-heading-title elementor-size-default\">Prepojenie zdravia pe\u010dene a ko\u017ee<\/h2>\t\t\t\t<\/div>\n\t\t\t\t<\/div>\n\t\t\t\t\t<\/div>\n\t\t\t\t<\/div>\n\t\t<div class=\"elementor-element elementor-element-e3e489e obcs none e-flex e-con-boxed e-con e-parent\" data-id=\"e3e489e\" data-element_type=\"container\">\n\t\t\t\t\t<div class=\"e-con-inner\">\n\t\t\t\t<div class=\"elementor-element elementor-element-3d35daa elementor-widget elementor-widget-text-editor\" data-id=\"3d35daa\" data-element_type=\"widget\" data-widget_type=\"text-editor.default\">\n\t\t\t\t<div class=\"elementor-widget-container\">\n\t\t\t\t\t\t\t\t\t<p data-start=\"151\" data-end=\"599\"><strong>Pe\u010de\u0148<\/strong> je <strong>centr\u00e1lny org\u00e1n metabolizmu<\/strong> a <strong>detoxik\u00e1cie<\/strong>, ktor\u00fd zabezpe\u010duje neutraliz\u00e1ciu a <strong>vylu\u010dovanie toxick\u00fdch l\u00e1tok<\/strong> z organizmu. Jej spr\u00e1vna funkcia je nevyhnutn\u00e1 nielen pre tr\u00e1venie, metabolizmus tukov, sacharidov a bielkov\u00edn, ale aj pre udr\u017eiavanie \u010distej, zdravej poko\u017eky. <strong>Ko\u017ea<\/strong> ako najv\u00e4\u010d\u0161\u00ed org\u00e1n tela \u010dasto <strong>odr\u00e1\u017ea vn\u00fatorn\u00fd stav organizmu<\/strong> \u2013 vr\u00e1tane funk\u010dnosti pe\u010dene.<\/p>\t\t\t\t\t\t\t\t<\/div>\n\t\t\t\t<\/div>\n\t\t\t\t<div class=\"elementor-element elementor-element-6f55fcd elementor-widget elementor-widget-image\" data-id=\"6f55fcd\" data-element_type=\"widget\" data-widget_type=\"image.default\">\n\t\t\t\t<div class=\"elementor-widget-container\">\n\t\t\t\t\t\t\t\t\t\t\t\t\t\t\t<img loading=\"lazy\" decoding=\"async\" width=\"800\" height=\"514\" src=\"https:\/\/www.omni-biotic.com\/sk-sk\/wp-content\/uploads\/sites\/9\/2022\/08\/leber-1-scaled-2-1024x658.jpg\" class=\"attachment-large size-large wp-image-9443\" alt=\"\" srcset=\"https:\/\/www.omni-biotic.com\/sk-sk\/wp-content\/uploads\/sites\/9\/2022\/08\/leber-1-scaled-2-1024x658.jpg 1024w, https:\/\/www.omni-biotic.com\/sk-sk\/wp-content\/uploads\/sites\/9\/2022\/08\/leber-1-scaled-2-300x193.jpg 300w, https:\/\/www.omni-biotic.com\/sk-sk\/wp-content\/uploads\/sites\/9\/2022\/08\/leber-1-scaled-2-768x494.jpg 768w, https:\/\/www.omni-biotic.com\/sk-sk\/wp-content\/uploads\/sites\/9\/2022\/08\/leber-1-scaled-2-1536x988.jpg 1536w, https:\/\/www.omni-biotic.com\/sk-sk\/wp-content\/uploads\/sites\/9\/2022\/08\/leber-1-scaled-2-2048x1317.jpg 2048w, https:\/\/www.omni-biotic.com\/sk-sk\/wp-content\/uploads\/sites\/9\/2022\/08\/leber-1-scaled-2-1920x1235.jpg 1920w\" sizes=\"(max-width: 800px) 100vw, 800px\" title=\"\">\t\t\t\t\t\t\t\t\t\t\t\t\t\t\t<\/div>\n\t\t\t\t<\/div>\n\t\t\t\t<div class=\"elementor-element elementor-element-e33a6f0 elementor-widget elementor-widget-text-editor\" data-id=\"e33a6f0\" data-element_type=\"widget\" data-widget_type=\"text-editor.default\">\n\t\t\t\t<div class=\"elementor-widget-container\">\n\t\t\t\t\t\t\t\t\t<p data-start=\"601\" data-end=\"912\"><a href=\"https:\/\/www.omni-biotic.com\/sk-sk\/blog\/stukovatena-pecen-probiotika-zlepsuju-funkciu-pecene\/\"><strong>Poruchy funkcie pe\u010dene<\/strong><\/a> alebo jej <strong>pre\u0165a\u017eenie<\/strong> sa m\u00f4\u017eu prejavi\u0165 r\u00f4znymi ko\u017en\u00fdmi probl\u00e9mami \u2013 od akn\u00e9, cez ekz\u00e9my a\u017e po chronick\u00e9 z\u00e1paly ko\u017ee \u010di zv\u00fd\u0161en\u00fa pigment\u00e1ciu. D\u00f4vodom je <a href=\"https:\/\/www.omni-biotic.com\/sk-sk\/blog\/cirhoza-pecene\/\"><strong>zn\u00ed\u017een\u00e1 schopnos\u0165 pe\u010dene<\/strong><\/a> efekt\u00edvne odb\u00farava\u0165 \u0161kodliv\u00e9 l\u00e1tky, ktor\u00e9 sa potom m\u00f4\u017eu vylu\u010dova\u0165 cez ko\u017eu a sp\u00f4sobova\u0165 z\u00e1paly alebo podr\u00e1\u017edenie.<\/p><p data-start=\"914\" data-end=\"1262\">Podpora pe\u010de\u0148ov\u00fdch funkci\u00ed prostredn\u00edctvom <strong>stravy bohatej na antioxidanty<\/strong> (napr. vitam\u00edny C, E, sel\u00e9n), pravideln\u00e9ho pohybu, dostato\u010dn\u00e9ho pr\u00edjmu tekut\u00edn a minimaliz\u00e1cie pr\u00edjmu toxick\u00fdch l\u00e1tok (alkohol, priemyselne spracovan\u00e9 potraviny, lieky) m\u00f4\u017ee v\u00fdznamne prispie\u0165 nielen k lep\u0161iemu metabolick\u00e9mu zdraviu, ale aj <strong>k \u010distej\u0161ej a \u017eiarivej\u0161ej poko\u017eke<\/strong>.<\/p>\t\t\t\t\t\t\t\t<\/div>\n\t\t\t\t<\/div>\n\t\t\t\t<div class=\"elementor-element elementor-element-fd76172 elementor-widget elementor-widget-heading\" data-id=\"fd76172\" data-element_type=\"widget\" data-widget_type=\"heading.default\">\n\t\t\t\t<div class=\"elementor-widget-container\">\n\t\t\t\t\t<h2 class=\"elementor-heading-title elementor-size-default\">Ko\u017en\u00e9 choroby zo stresu?<\/h2>\t\t\t\t<\/div>\n\t\t\t\t<\/div>\n\t\t\t\t<div class=\"elementor-element elementor-element-fff20aa elementor-widget elementor-widget-image\" data-id=\"fff20aa\" data-element_type=\"widget\" data-widget_type=\"image.default\">\n\t\t\t\t<div class=\"elementor-widget-container\">\n\t\t\t\t\t\t\t\t\t\t\t\t\t\t\t<img loading=\"lazy\" decoding=\"async\" width=\"700\" height=\"200\" src=\"https:\/\/www.omni-biotic.com\/sk-sk\/wp-content\/uploads\/sites\/9\/2025\/07\/stres.gif\" class=\"attachment-large size-large wp-image-27101\" alt=\"\" title=\"\">\t\t\t\t\t\t\t\t\t\t\t\t\t\t\t<\/div>\n\t\t\t\t<\/div>\n\t\t\t\t<div class=\"elementor-element elementor-element-a674e7d elementor-widget elementor-widget-text-editor\" data-id=\"a674e7d\" data-element_type=\"widget\" data-widget_type=\"text-editor.default\">\n\t\t\t\t<div class=\"elementor-widget-container\">\n\t\t\t\t\t\t\t\t\t<p data-start=\"1669\" data-end=\"1867\"><span class=\"relative -mx-px my-[-0.2rem] rounded px-px py-[0.2rem] transition-colors duration-100 ease-in-out\"><b><a href=\"https:\/\/www.omni-biotic.com\/sk-sk\/blog\/stes-a-jeho-neziaduce-ucinky-na-nas-organizmus\/\">Stres m\u00e1 negat\u00edvny vplyv<\/a> na zdravie poko\u017eky<\/b>.<\/span> <span class=\"relative -mx-px my-[-0.2rem] rounded px-px py-[0.2rem] transition-colors duration-100 ease-in-out\">Chronick\u00fd <a href=\"https:\/\/www.omni-biotic.com\/sk-sk\/crevne-zdravie\/oblasti-vplyvu-criev\/stres-travenie-a-depresivne-nalady\/\"><strong>stres<\/strong> <\/a>m\u00f4\u017ee zhor\u0161i\u0165 existuj\u00face ko\u017en\u00e9 ochorenia alebo sp\u00f4sobi\u0165 nov\u00e9 probl\u00e9my.<\/span> <span class=\"relative -mx-px my-[-0.2rem] rounded px-px py-[0.2rem] transition-colors duration-100 ease-in-out\">Nap\u00e4tie a \u00fazkos\u0165 m\u00f4\u017eu vyvola\u0165 <b>z\u00e1palov\u00e9 reakcie v tele<\/b>, \u010do sa prejavuje na poko\u017eke.<\/span> <span class=\"relative -mx-px my-[-0.2rem] rounded px-px py-[0.2rem] transition-colors duration-100 ease-in-out\">Medzi ko\u017en\u00e9 ochorenia, ktor\u00e9 m\u00f4\u017eu by\u0165 ovplyvnen\u00e9 stresom, patria napr\u00edklad: <b>a<\/b><\/span><strong style=\"background-color: transparent\" data-start=\"1871\" data-end=\"1890\">topick\u00fd ekz\u00e9m, p<\/strong><strong style=\"background-color: transparent\" data-start=\"2013\" data-end=\"2026\">sori\u00e1za, r<\/strong><strong style=\"background-color: transparent\" data-start=\"2149\" data-end=\"2161\">osacea.<\/strong><\/p><p data-start=\"2908\" data-end=\"3028\"><strong data-start=\"2926\" data-end=\"2958\">Stres zhor\u0161uje z\u00e1paly v tele<\/strong>, oslabuje tr\u00e1venie aj imunitu \u2013 a poko\u017eka na to reaguje ve\u013emi r\u00fdchlo.\u00a0<span style=\"background-color: inherit\">Niektor\u00ed odborn\u00edci dnes dokonca pova\u017euj\u00fa stres za sp\u00fa\u0161\u0165a\u010d <\/span><strong style=\"background-color: inherit\" data-start=\"3088\" data-end=\"3135\">autoim\u00fannych a alergick\u00fdch ko\u017en\u00fdch ochoren\u00ed<\/strong><span style=\"background-color: inherit\">. A preto sa dnes \u010doraz viac dermatol\u00f3gov zameriava aj na to, <\/span><strong style=\"background-color: inherit\" data-start=\"3197\" data-end=\"3213\">\u010do pre\u017e\u00edvate<\/strong><span style=\"background-color: inherit\"> \u2013 nielen na to, \u010do m\u00e1te na poko\u017eke.<\/span><\/p>\t\t\t\t\t\t\t\t<\/div>\n\t\t\t\t<\/div>\n\t\t\t\t<div class=\"elementor-element elementor-element-3da4505 elementor-widget elementor-widget-infobox\" data-id=\"3da4505\" data-element_type=\"widget\" data-widget_type=\"infobox.default\">\n\t\t\t\t<div class=\"elementor-widget-container\">\n\t\t\t\t\t\n<div class=\"li-widgets--infobox green highlights-always-magenta\">\n\n    <div class=\"li-widgets--infobox__icon\">\n        <i aria-hidden=\"true\" class=\"fas fa-bacteria\"><\/i>    <\/div>\n    <div class=\"li-widgets--infobox__text\">\n        Probiotik\u00e1 proti stresu: Vedecky dok\u00e1zan\u00fd \u00fa\u010dinok    <\/div>\n    <div class=\"li-widgets--infobox__text-body\">\n        <p>Klinick\u00e9 \u0161t\u00fadie dokazuj\u00fa, \u017ee stres a z\u00e1palov\u00e9 zmeny v \u010dreve a na poko\u017eke spolu \u00fazko s\u00favisia. <strong>Permanentn\u00fd stres<\/strong>\u00a0m\u00f4\u017ee uvies\u0165 cel\u00fd organizmus do poplachov\u00e9ho re\u017eimu a sp\u00f4sobi\u0165 \u0161kody: imunitn\u00fd syst\u00e9m trp\u00ed, zvy\u0161uje sa<strong>\u00a0n\u00e1chylnos\u0165 na infekcie<\/strong>, zhor\u0161uj\u00fa sa existuj\u00face choroby, rastie nap\u00e4tie a <strong>v najhor\u0161om pr\u00edpade sa to kon\u010d\u00ed vyhoren\u00edm<\/strong>. Okrem toho tento z\u00e1pal po\u0161kodzuje citliv\u00fa \u010drevn\u00fa sliznicu, t\u00e1 sa st\u00e1va priepustnou pre tox\u00edny a patog\u00e9ny a doch\u00e1dza k\u00a0<strong>vy\u010derpaniu d\u00f4le\u017eit\u00fdch horm\u00f3nov<\/strong>, ako je napr\u00edklad\u00a0<strong>horm\u00f3n \u0161\u0165astia seroton\u00edn<\/strong>\u00a0a<strong>\u00a0sp\u00e1nkov\u00fd horm\u00f3n melaton\u00edn<\/strong>\u00a0\u2013 nie je teda divu, \u017ee pri strese trp\u00ed n\u00e1lada a kvalita sp\u00e1nku a \u017ee sme po obdob\u00ed stresu n\u00e1chyln\u00ed na choroby.\u00a0<\/p>    <\/div>\n\n            <a href=\"https:\/\/shop.omni-biotic.com\/sk-sk\/products\/omni-biotic-stress-repair-int-99113\"\n           class=\"li-widgets--infobox__button\"\n            href=\"https:\/\/shop.omni-biotic.com\/sk-sk\/products\/omni-biotic-stress-repair-int-99113\">\n            Viac  tu        <\/a>\n    \n<\/div>\n\t\t\t\t<\/div>\n\t\t\t\t<\/div>\n\t\t\t\t<div class=\"elementor-element elementor-element-f5d5555 elementor-widget elementor-widget-heading\" data-id=\"f5d5555\" data-element_type=\"widget\" data-widget_type=\"heading.default\">\n\t\t\t\t<div class=\"elementor-widget-container\">\n\t\t\t\t\t<h2 class=\"elementor-heading-title elementor-size-default\">Poko\u017eka ako zrkadlo zdravia<\/h2>\t\t\t\t<\/div>\n\t\t\t\t<\/div>\n\t\t\t\t<div class=\"elementor-element elementor-element-5ad6e84 elementor-widget elementor-widget-image\" data-id=\"5ad6e84\" data-element_type=\"widget\" data-widget_type=\"image.default\">\n\t\t\t\t<div class=\"elementor-widget-container\">\n\t\t\t\t\t\t\t\t\t\t\t\t\t\t\t<img loading=\"lazy\" decoding=\"async\" width=\"700\" height=\"500\" src=\"https:\/\/www.omni-biotic.com\/sk-sk\/wp-content\/uploads\/sites\/9\/2024\/03\/Hautflora-Darm.jpg\" class=\"attachment-large size-large wp-image-22828\" alt=\"\" srcset=\"https:\/\/www.omni-biotic.com\/sk-sk\/wp-content\/uploads\/sites\/9\/2024\/03\/Hautflora-Darm.jpg 700w, https:\/\/www.omni-biotic.com\/sk-sk\/wp-content\/uploads\/sites\/9\/2024\/03\/Hautflora-Darm-300x214.jpg 300w\" sizes=\"(max-width: 700px) 100vw, 700px\" title=\"\">\t\t\t\t\t\t\t\t\t\t\t\t\t\t\t<\/div>\n\t\t\t\t<\/div>\n\t\t\t\t<div class=\"elementor-element elementor-element-01f5231 elementor-widget elementor-widget-text-editor\" data-id=\"01f5231\" data-element_type=\"widget\" data-widget_type=\"text-editor.default\">\n\t\t\t\t<div class=\"elementor-widget-container\">\n\t\t\t\t\t\t\t\t\t<p>Poko\u017eka nie je len &#8222;obal&#8220;. Je to <strong data-start=\"4157\" data-end=\"4176\">zrkadlo zdravia<\/strong> \u2013 fyzick\u00e9ho aj psychick\u00e9ho. A <b>kr\u00e1sa <\/b>naozaj <b>vych\u00e1dza zvn\u00fatra<\/b> \u2013 konkr\u00e9tne z na\u0161ich \u010driev!<b>\u00a0<\/b><span class=\"relative -mx-px my-[-0.2rem] rounded px-px py-[0.2rem] transition-colors duration-100 ease-in-out\" style=\"background-color: inherit\"><b>Zdravie poko\u017eky<\/b> je odrazom celkov\u00e9ho <b>zdravia organizmu<\/b>.<\/span><span style=\"background-color: inherit\">\u00a0<\/span><span class=\"relative -mx-px my-[-0.2rem] rounded px-px py-[0.2rem] transition-colors duration-100 ease-in-out\" style=\"background-color: inherit\">Starostlivos\u0165 o <a href=\"https:\/\/www.omni-biotic.com\/sk-sk\/crevne-zdravie\/centrum-zdravia-crevo\/crevny-mikrobiom\/\"><strong>\u010drevn\u00fd mikrobi\u00f3m<\/strong><\/a>, podpora <a href=\"https:\/\/www.omni-biotic.com\/sk-sk\/blog\/zvysene-pecenove-testy-co-pomaha-na-regeneraciu-pecene\/\"><strong>zdravia pe\u010dene<\/strong><\/a>, zvl\u00e1danie stresu a spr\u00e1vna starostlivos\u0165 o poko\u017eku m\u00f4\u017eu v\u00fdrazne prispie\u0165 k <strong>prevencii<\/strong> a lie\u010dbe <strong>ko\u017en\u00fdch ochoren\u00ed<\/strong>.<\/span><\/p>\t\t\t\t\t\t\t\t<\/div>\n\t\t\t\t<\/div>\n\t\t\t\t\t<\/div>\n\t\t\t\t<\/div>\n\t\t<div class=\"elementor-element elementor-element-5197373 obcs none e-flex e-con-boxed e-con e-parent\" data-id=\"5197373\" data-element_type=\"container\">\n\t\t\t\t\t<div class=\"e-con-inner\">\n\t\t\t\t\t<\/div>\n\t\t\t\t<\/div>\n\t\t\t\t<\/div>\n\t\t","protected":false},"excerpt":{"rendered":"<p>Ko\u017ea nie je len vonkaj\u0161\u00ed obal n\u00e1\u0161ho tela. Je to najv\u00e4\u010d\u0161\u00ed org\u00e1n, ktor\u00fd denno-denne komunikuje s vn\u00fatrorn\u00fdmi procesmi. Ke\u010f sa na nej objavia v\u00fdra\u017eky, \u010derven\u00e9 flaky, \u0161upiny alebo svrbenie, neodr\u00e1\u017ea iba lok\u00e1lny probl\u00e9m poko\u017eky, ale poukazuje na hlb\u0161ie poruchy, \u010dasto v oblasti tr\u00e1viaceho traktu. Klinick\u00e9 v\u00fdskumy potvrdzuj\u00fa aj prepojenie medzi stresom, z\u00e1palov\u00fdmi procesmi v \u010dreve a stavom poko\u017eky. Chronick\u00fd stres, ktor\u00fd je dnes \u010doraz be\u017enej\u0161\u00ed, m\u00f4\u017ee v\u00fdrazne zhor\u0161i\u0165 u\u017e existuj\u00face ko\u017en\u00e9 ochorenia alebo prispie\u0165 k vzniku nov\u00fdch. Aj preto narast\u00e1 po\u010det \u013eud\u00ed, u ktor\u00fdch sa vyskytuj\u00fa ko\u017en\u00e9 choroby zo stresu.<\/p>\n","protected":false},"author":17,"featured_media":26916,"comment_status":"closed","ping_status":"closed","sticky":false,"template":"","format":"standard","meta":{"_acf_changed":false,"inline_featured_image":false,"footnotes":""},"categories":[80],"tags":[],"class_list":["post-26636","post","type-post","status-publish","format-standard","has-post-thumbnail","hentry","category-staznosti-a-poradenstvo"],"acf":[],"rank_math":{"og:title":"Ko\u017en\u00e9 choroby: Pr\u00ed\u010diny a prepojenie s \u010drevom a so stresom","og:desc":"Ke\u010f sa objavia ko\u017en\u00e9 choroby - nie\u010do sa deje hlb\u0161ie - \u010dasto v \u010dreve. Po\u010det \u013eud\u00ed, u ktor\u00fdch sa vyskytuj\u00fa ko\u017en\u00e9 choroby zo stresu narast\u00e1.","og:url":"https:\/\/www.omni-biotic.com\/sk-sk\/blog\/kozne-choroby-priciny-priznaky-a-prepojenie-so-zdravim-criev\/","og:locale":"sk_SK","og:image":"https:\/\/www.omni-biotic.com\/sk-sk\/wp-content\/uploads\/sites\/9\/2025\/05\/kozne-choroby.png","og:image:width":"1748","og:image:height":"1240"},"additional_data":{"thumbnail":"https:\/\/www.omni-biotic.com\/sk-sk\/wp-content\/uploads\/sites\/9\/2025\/05\/kozne-choroby.png"},"blog_info":{"country":"sk-sk"},"_links":{"self":[{"href":"https:\/\/www.omni-biotic.com\/sk-sk\/wp-json\/wp\/v2\/posts\/26636","targetHints":{"allow":["GET"]}}],"collection":[{"href":"https:\/\/www.omni-biotic.com\/sk-sk\/wp-json\/wp\/v2\/posts"}],"about":[{"href":"https:\/\/www.omni-biotic.com\/sk-sk\/wp-json\/wp\/v2\/types\/post"}],"author":[{"embeddable":true,"href":"https:\/\/www.omni-biotic.com\/sk-sk\/wp-json\/wp\/v2\/users\/17"}],"replies":[{"embeddable":true,"href":"https:\/\/www.omni-biotic.com\/sk-sk\/wp-json\/wp\/v2\/comments?post=26636"}],"version-history":[{"count":7,"href":"https:\/\/www.omni-biotic.com\/sk-sk\/wp-json\/wp\/v2\/posts\/26636\/revisions"}],"predecessor-version":[{"id":28287,"href":"https:\/\/www.omni-biotic.com\/sk-sk\/wp-json\/wp\/v2\/posts\/26636\/revisions\/28287"}],"wp:featuredmedia":[{"embeddable":true,"href":"https:\/\/www.omni-biotic.com\/sk-sk\/wp-json\/wp\/v2\/media\/26916"}],"wp:attachment":[{"href":"https:\/\/www.omni-biotic.com\/sk-sk\/wp-json\/wp\/v2\/media?parent=26636"}],"wp:term":[{"taxonomy":"category","embeddable":true,"href":"https:\/\/www.omni-biotic.com\/sk-sk\/wp-json\/wp\/v2\/categories?post=26636"},{"taxonomy":"post_tag","embeddable":true,"href":"https:\/\/www.omni-biotic.com\/sk-sk\/wp-json\/wp\/v2\/tags?post=26636"}],"curies":[{"name":"wp","href":"https:\/\/api.w.org\/{rel}","templated":true}]}}